{"id":72111,"date":"2024-04-10T09:13:08","date_gmt":"2024-04-10T14:13:08","guid":{"rendered":"https:\/\/losperiodistas.com.mx\/portal\/?p=72111"},"modified":"2024-04-10T09:13:09","modified_gmt":"2024-04-10T14:13:09","slug":"cult-art-paris-2024-destaca-la-diversidad-y-el-talento-juvenil-frances-euronews","status":"publish","type":"post","link":"https:\/\/losperiodistas.com.mx\/portal\/cult-art-paris-2024-destaca-la-diversidad-y-el-talento-juvenil-frances-euronews\/","title":{"rendered":"Cult | Art Par\u00eds 2024 destaca la diversidad y el talento juvenil franc\u00e9s | Euronews"},"content":{"rendered":"\n<p class=\"has-medium-font-size\"><strong>La edici\u00f3n de este a\u00f1o de Art Par\u00eds se centra en el variado panorama art\u00edstico franc\u00e9s, con especial atenci\u00f3n en los artistas emergentes y una impresionante variedad de t\u00e9cnicas.<\/strong><\/p>\n\n\n\n<figure class=\"wp-block-embed is-type-video is-provider-youtube wp-block-embed-youtube wp-embed-aspect-16-9 wp-has-aspect-ratio\"><div class=\"wp-block-embed__wrapper\">\n<iframe title=\"Art Paris 2024 destaca la diversidad y el talento juvenil franc\u00e9s\" width=\"500\" height=\"281\" src=\"https:\/\/www.youtube.com\/embed\/LB42DBI0Vdk?feature=oembed\" frameborder=\"0\" allow=\"accelerometer; autoplay; clipboard-write; encrypted-media; gyroscope; picture-in-picture; web-share\" referrerpolicy=\"strict-origin-when-cross-origin\" allowfullscreen><\/iframe>\n<\/div><\/figure>\n\n\n\n<p><\/p>\n\n\n\n<p class=\"has-vivid-red-color has-text-color has-medium-font-size\"><strong>Anca Ulea \/ Euronews<\/strong><\/p>\n\n\n\n<p>En este episodio de Cult, nos adentramos en Art Par\u00eds, la feria de arte contempor\u00e1neo y moderno que desde hace 26 a\u00f1os se ha convertido en una cita ineludible del calendario art\u00edstico europeo de primavera.<\/p>\n\n\n\n<p>La edici\u00f3n de este a\u00f1o se mantiene fiel a las ra\u00edces de la feria y pone de relieve la escena art\u00edstica francesa a trav\u00e9s de una exposici\u00f3n especialmente seleccionada que los visitantes podr\u00e1n descubrir en los 10 000 metros cuadrados del recinto.<\/p>\n\n\n\n<p>\u00abFragile Utopias: A Focus on the French Art Scene\u00bb celebra la diversidad del arte franc\u00e9s actual, presentando tanto a artistas franceses como extranjeros que han buscado refugio en Francia, como la iran\u00ed Elika Hedayat.<\/p>\n\n\n\n<p>Sus cuadros son una mirada surrealista a la vida de las mujeres en Ir\u00e1n, una uni\u00f3n perfecta de utop\u00eda y distop\u00eda, seg\u00fan el comisario invitado de \u00abFragile Utopias\u00bb \u00c9ric de Chassey.<\/p>\n\n\n\n<p>\u00abParte de lo que vivi\u00f3 en Ir\u00e1n con la represi\u00f3n, la censura y la violencia contra las mujeres. Pero a partir de eso, crea un mundo nuevo\u00bb, declar\u00f3 de Chassey a Euronews.<\/p>\n\n\n\n<p>Art Par\u00eds tambi\u00e9n destaca cada a\u00f1o a j\u00f3venes artistas y galeristas en su secci\u00f3n \u00abPromesses\u00bb. Conocemos a la artista francesa de 28 a\u00f1os Morgane Ely, que nos habl\u00f3 de su arte pop subversivo que transforma im\u00e1genes fugaces de la cultura pop mediante una t\u00e9cnica tradicional japonesa de xilograf\u00eda.<\/p>\n\n\n\n<p>Las obras, que requieren mucho tiempo, se centran en la mujer en los medios de comunicaci\u00f3n y anclan las im\u00e1genes en una nueva forma f\u00edsica duradera.<\/p>\n\n\n\n<p>Es el \u00faltimo a\u00f1o que Art Par\u00eds se celebra en el Grand Palais \u00c9ph\u00e9m\u00e8re. El a\u00f1o que viene la feria vuelve a su sede original al otro lado del r\u00edo Sena, el Grand Palais, recientemente renovado.<\/p>\n\n\n\n<p>Fuente: <a href=\"https:\/\/es.euronews.com\/cultura\/2024\/04\/10\/art-paris-2024-destaca-la-diversidad-y-el-talento-juvenil-frances\">https:\/\/es.euronews.com\/cultura\/2024\/04\/10\/art-paris-2024-destaca-la-diversidad-y-el-talento-juvenil-frances<\/a><\/p>\n","protected":false},"excerpt":{"rendered":"<p>La edici\u00f3n de este a\u00f1o de Art Par\u00eds se centra en el variado panorama art\u00edstico franc\u00e9s, con especial atenci\u00f3n en [&hellip;]<\/p>\n","protected":false},"author":1,"featured_media":72112,"comment_status":"open","ping_status":"open","sticky":false,"template":"","format":"standard","meta":{"site-sidebar-layout":"default","site-content-layout":"","ast-site-content-layout":"default","site-content-style":"default","site-sidebar-style":"default","ast-global-header-display":"","ast-banner-title-visibility":"","ast-main-header-display":"","ast-hfb-above-header-display":"","ast-hfb-below-header-display":"","ast-hfb-mobile-header-display":"","site-post-title":"","ast-breadcrumbs-content":"","ast-featured-img":"","footer-sml-layout":"","theme-transparent-header-meta":"","adv-header-id-meta":"","stick-header-meta":"","header-above-stick-meta":"","header-main-stick-meta":"","header-below-stick-meta":"","astra-migrate-meta-layouts":"default","ast-page-background-enabled":"default","ast-page-background-meta":{"desktop":{"background-color":"var(--ast-global-color-4)","background-image":"","background-repeat":"repeat","background-position":"center center","background-size":"auto","background-attachment":"scroll","background-type":"","background-media":"","overlay-type":"","overlay-color":"","overlay-opacity":"","overlay-gradient":""},"tablet":{"background-color":"","background-image":"","background-repeat":"repeat","background-position":"center center","background-size":"auto","background-attachment":"scroll","background-type":"","background-media":"","overlay-type":"","overlay-color":"","overlay-opacity":"","overlay-gradient":""},"mobile":{"background-color":"","background-image":"","background-repeat":"repeat","background-position":"center center","background-size":"auto","background-attachment":"scroll","background-type":"","background-media":"","overlay-type":"","overlay-color":"","overlay-opacity":"","overlay-gradient":""}},"ast-content-background-meta":{"desktop":{"background-color":"var(--ast-global-color-5)","background-image":"","background-repeat":"repeat","background-position":"center center","background-size":"auto","background-attachment":"scroll","background-type":"","background-media":"","overlay-type":"","overlay-color":"","overlay-opacity":"","overlay-gradient":""},"tablet":{"background-color":"var(--ast-global-color-5)","background-image":"","background-repeat":"repeat","background-position":"center center","background-size":"auto","background-attachment":"scroll","background-type":"","background-media":"","overlay-type":"","overlay-color":"","overlay-opacity":"","overlay-gradient":""},"mobile":{"background-color":"var(--ast-global-color-5)","background-image":"","background-repeat":"repeat","background-position":"center center","background-size":"auto","background-attachment":"scroll","background-type":"","background-media":"","overlay-type":"","overlay-color":"","overlay-opacity":"","overlay-gradient":""}},"footnotes":""},"categories":[8],"tags":[24028,24027,24026],"class_list":["post-72111","post","type-post","status-publish","format-standard","has-post-thumbnail","hentry","category-noticias","tag-arte-contemporaneo","tag-artparis-2024","tag-euronews"],"_links":{"self":[{"href":"https:\/\/losperiodistas.com.mx\/portal\/wp-json\/wp\/v2\/posts\/72111","targetHints":{"allow":["GET"]}}],"collection":[{"href":"https:\/\/losperiodistas.com.mx\/portal\/wp-json\/wp\/v2\/posts"}],"about":[{"href":"https:\/\/losperiodistas.com.mx\/portal\/wp-json\/wp\/v2\/types\/post"}],"author":[{"embeddable":true,"href":"https:\/\/losperiodistas.com.mx\/portal\/wp-json\/wp\/v2\/users\/1"}],"replies":[{"embeddable":true,"href":"https:\/\/losperiodistas.com.mx\/portal\/wp-json\/wp\/v2\/comments?post=72111"}],"version-history":[{"count":1,"href":"https:\/\/losperiodistas.com.mx\/portal\/wp-json\/wp\/v2\/posts\/72111\/revisions"}],"predecessor-version":[{"id":72113,"href":"https:\/\/losperiodistas.com.mx\/portal\/wp-json\/wp\/v2\/posts\/72111\/revisions\/72113"}],"wp:featuredmedia":[{"embeddable":true,"href":"https:\/\/losperiodistas.com.mx\/portal\/wp-json\/wp\/v2\/media\/72112"}],"wp:attachment":[{"href":"https:\/\/losperiodistas.com.mx\/portal\/wp-json\/wp\/v2\/media?parent=72111"}],"wp:term":[{"taxonomy":"category","embeddable":true,"href":"https:\/\/losperiodistas.com.mx\/portal\/wp-json\/wp\/v2\/categories?post=72111"},{"taxonomy":"post_tag","embeddable":true,"href":"https:\/\/losperiodistas.com.mx\/portal\/wp-json\/wp\/v2\/tags?post=72111"}],"curies":[{"name":"wp","href":"https:\/\/api.w.org\/{rel}","templated":true}]}}