{"id":71819,"date":"2024-04-05T05:39:23","date_gmt":"2024-04-05T11:39:23","guid":{"rendered":"https:\/\/losperiodistas.com.mx\/portal\/?p=71819"},"modified":"2024-04-05T05:39:25","modified_gmt":"2024-04-05T11:39:25","slug":"opinion-deporte-para-todos-en-puebla","status":"publish","type":"post","link":"https:\/\/losperiodistas.com.mx\/portal\/opinion-deporte-para-todos-en-puebla\/","title":{"rendered":"Opini\u00f3n | Deporte para todos en Puebla"},"content":{"rendered":"\n<p><\/p>\n\n\n\n<p class=\"has-vivid-red-color has-white-background-color has-text-color has-background\"><strong><em>Por Fernando Manzanilla Prieto<\/em><\/strong><\/p>\n\n\n\n<p>En Puebla, como en muchas otras ciudades, el deporte y la actividad f\u00edsica son elementos fundamentales para promover un estilo de vida saludable y activo en la poblaci\u00f3n. Sin embargo, para que estas pr\u00e1cticas sean accesibles y efectivas, es crucial contar con espacios deportivos adecuados y con buen mantenimiento.<\/p>\n\n\n\n<p>Y es que, al igual que en otras localidades, los espacios deportivos en la ciudad han enfrentado desaf\u00edos significativos en t\u00e9rminos de mantenimiento y calidad. Muchos de estos han sufrido un deterioro gradual debido a la falta de inversi\u00f3n y atenci\u00f3n por parte de las autoridades locales.<\/p>\n\n\n\n<p>Como resultado de ello, muchas de las instalaciones deportivas existentes presentan deficiencias en infraestructura, seguridad y accesibilidad, lo que limita su capacidad para satisfacer las necesidades de la comunidad.<\/p>\n\n\n\n<p>Es por ello que la recuperaci\u00f3n y mejora de los espacios deportivos son esenciales por varias razones. En primer lugar, estos proporcionan un entorno adecuado y seguro para la pr\u00e1ctica de actividades f\u00edsicas y deportivas, lo que contribuye a mejorar la salud y el bienestar de la poblaci\u00f3n.<\/p>\n\n\n\n<p>Las instalaciones deportivas no son solo lugares donde se practican actividades f\u00edsicas; son espacios que tienen un impacto significativo en el bienestar integral de las personas. Al invertir en estas instalaciones, no solo se promueve el ejercicio f\u00edsico, sino que tambi\u00e9n se fomenta la salud mental, se fortalece la comunidad y se mejora la calidad de vida en general.<\/p>\n\n\n\n<p>Al tener acceso a instalaciones deportivas bien equipadas y seguras, las personas pueden participar en actividades que mejoran su resistencia, fuerza, flexibilidad y salud cardiovascular. Esto, a su vez, reduce el riesgo de enfermedades cr\u00f3nicas como la obesidad, la diabetes y las enfermedades cardiovasculares, y contribuye a una vida m\u00e1s larga y saludable.<\/p>\n\n\n\n<p>Adem\u00e1s, la recuperaci\u00f3n de los espacios deportivos tiene un impacto positivo en la comunidad en su conjunto, ya que no solo sirven como lugares para la pr\u00e1ctica deportiva, sino tambi\u00e9n como centros de reuni\u00f3n y actividades sociales. Al revitalizarlos, se promueve la cohesi\u00f3n social y se fortalece el sentido de pertenencia de los habitantes de las y los poblanos a la comunidad.<\/p>\n\n\n\n<p>Otro aspecto importante es el potencial econ\u00f3mico de la recuperaci\u00f3n de estos lugares, ya que la mejora de estas instalaciones puede atraer turistas y visitantes interesados en participar en eventos deportivos y actividades recreativas. Adem\u00e1s, la creaci\u00f3n de empleos relacionados con la construcci\u00f3n y el mantenimiento de estos espacios puede generar beneficios econ\u00f3micos a largo plazo para la ciudad.<\/p>\n\n\n\n<p>Es por ello que, es necesario un enfoque integral que involucre a diversas partes interesadas, incluidas las autoridades locales, la sociedad civil y el sector privado, adem\u00e1s del dise\u00f1o de programas de actividades deportivas y recreativas accesibles para personas de todas las edades y habilidades.<\/p>\n\n\n\n<p>Asimismo, se requiere la promoci\u00f3n de la participaci\u00f3n comunitaria en la planificaci\u00f3n y gesti\u00f3n de espacios deportivos, adem\u00e1s del fomento de alianzas p\u00fablico-privadas para financiar proyectos de mejora, as\u00ed como la implementaci\u00f3n de pol\u00edticas y regulaciones que promuevan el uso sostenible y responsable de los espacios deportivos.<\/p>\n\n\n\n<p>Definitivamente, es hora de apostar por el deporte y la actividad f\u00edsica en Puebla y trabajar en conjunto para crear un entorno que promueva la salud y el bienestar de todas y todos los poblanos.<\/p>\n","protected":false},"excerpt":{"rendered":"<p>Por Fernando Manzanilla Prieto En Puebla, como en muchas otras ciudades, el deporte y la actividad f\u00edsica son elementos fundamentales [&hellip;]<\/p>\n","protected":false},"author":1,"featured_media":71820,"comment_status":"open","ping_status":"open","sticky":false,"template":"","format":"standard","meta":{"site-sidebar-layout":"default","site-content-layout":"","ast-site-content-layout":"default","site-content-style":"default","site-sidebar-style":"default","ast-global-header-display":"","ast-banner-title-visibility":"","ast-main-header-display":"","ast-hfb-above-header-display":"","ast-hfb-below-header-display":"","ast-hfb-mobile-header-display":"","site-post-title":"","ast-breadcrumbs-content":"","ast-featured-img":"","footer-sml-layout":"","theme-transparent-header-meta":"","adv-header-id-meta":"","stick-header-meta":"","header-above-stick-meta":"","header-main-stick-meta":"","header-below-stick-meta":"","astra-migrate-meta-layouts":"default","ast-page-background-enabled":"default","ast-page-background-meta":{"desktop":{"background-color":"var(--ast-global-color-4)","background-image":"","background-repeat":"repeat","background-position":"center center","background-size":"auto","background-attachment":"scroll","background-type":"","background-media":"","overlay-type":"","overlay-color":"","overlay-opacity":"","overlay-gradient":""},"tablet":{"background-color":"","background-image":"","background-repeat":"repeat","background-position":"center center","background-size":"auto","background-attachment":"scroll","background-type":"","background-media":"","overlay-type":"","overlay-color":"","overlay-opacity":"","overlay-gradient":""},"mobile":{"background-color":"","background-image":"","background-repeat":"repeat","background-position":"center center","background-size":"auto","background-attachment":"scroll","background-type":"","background-media":"","overlay-type":"","overlay-color":"","overlay-opacity":"","overlay-gradient":""}},"ast-content-background-meta":{"desktop":{"background-color":"var(--ast-global-color-5)","background-image":"","background-repeat":"repeat","background-position":"center center","background-size":"auto","background-attachment":"scroll","background-type":"","background-media":"","overlay-type":"","overlay-color":"","overlay-opacity":"","overlay-gradient":""},"tablet":{"background-color":"var(--ast-global-color-5)","background-image":"","background-repeat":"repeat","background-position":"center center","background-size":"auto","background-attachment":"scroll","background-type":"","background-media":"","overlay-type":"","overlay-color":"","overlay-opacity":"","overlay-gradient":""},"mobile":{"background-color":"var(--ast-global-color-5)","background-image":"","background-repeat":"repeat","background-position":"center center","background-size":"auto","background-attachment":"scroll","background-type":"","background-media":"","overlay-type":"","overlay-color":"","overlay-opacity":"","overlay-gradient":""}},"footnotes":""},"categories":[24,8],"tags":[],"class_list":["post-71819","post","type-post","status-publish","format-standard","has-post-thumbnail","hentry","category-fernando-manzanilla","category-noticias"],"_links":{"self":[{"href":"https:\/\/losperiodistas.com.mx\/portal\/wp-json\/wp\/v2\/posts\/71819","targetHints":{"allow":["GET"]}}],"collection":[{"href":"https:\/\/losperiodistas.com.mx\/portal\/wp-json\/wp\/v2\/posts"}],"about":[{"href":"https:\/\/losperiodistas.com.mx\/portal\/wp-json\/wp\/v2\/types\/post"}],"author":[{"embeddable":true,"href":"https:\/\/losperiodistas.com.mx\/portal\/wp-json\/wp\/v2\/users\/1"}],"replies":[{"embeddable":true,"href":"https:\/\/losperiodistas.com.mx\/portal\/wp-json\/wp\/v2\/comments?post=71819"}],"version-history":[{"count":1,"href":"https:\/\/losperiodistas.com.mx\/portal\/wp-json\/wp\/v2\/posts\/71819\/revisions"}],"predecessor-version":[{"id":71821,"href":"https:\/\/losperiodistas.com.mx\/portal\/wp-json\/wp\/v2\/posts\/71819\/revisions\/71821"}],"wp:featuredmedia":[{"embeddable":true,"href":"https:\/\/losperiodistas.com.mx\/portal\/wp-json\/wp\/v2\/media\/71820"}],"wp:attachment":[{"href":"https:\/\/losperiodistas.com.mx\/portal\/wp-json\/wp\/v2\/media?parent=71819"}],"wp:term":[{"taxonomy":"category","embeddable":true,"href":"https:\/\/losperiodistas.com.mx\/portal\/wp-json\/wp\/v2\/categories?post=71819"},{"taxonomy":"post_tag","embeddable":true,"href":"https:\/\/losperiodistas.com.mx\/portal\/wp-json\/wp\/v2\/tags?post=71819"}],"curies":[{"name":"wp","href":"https:\/\/api.w.org\/{rel}","templated":true}]}}