{"id":7154,"date":"2021-04-21T07:13:05","date_gmt":"2021-04-21T12:13:05","guid":{"rendered":"http:\/\/losperiodistas.com.mx\/portal\/?p=7154"},"modified":"2021-04-21T07:13:06","modified_gmt":"2021-04-21T12:13:06","slug":"este-miercoles-diputados-votan-ley-zaldivar-cce-pide-rechazarla-el-financiero","status":"publish","type":"post","link":"https:\/\/losperiodistas.com.mx\/portal\/este-miercoles-diputados-votan-ley-zaldivar-cce-pide-rechazarla-el-financiero\/","title":{"rendered":"Este mi\u00e9rcoles diputados votan \u2018Ley Zald\u00edvar\u2019; CCE pide rechazarla | El Financiero"},"content":{"rendered":"\n<p style=\"font-size:18px\"><em>El Consejo Coordinador Empresarial pidi\u00f3 a los legisladores reconsiderar extender el mandato de Arturo Zald\u00edvar al frente de la Corte, debido a que el pleno de los diputados discutir\u00e1n hoy el dictamen.<\/em><\/p>\n\n\n\n<figure class=\"wp-block-image size-large\"><img fetchpriority=\"high\" decoding=\"async\" width=\"1024\" height=\"706\" src=\"https:\/\/losperiodistas.com.mx\/portal\/wp-content\/uploads\/2021\/04\/Captura-de-Pantalla-2021-04-21-a-las-7.09.50-1024x706.jpg\" alt=\"\" class=\"wp-image-7155\" srcset=\"https:\/\/losperiodistas.com.mx\/portal\/wp-content\/uploads\/2021\/04\/Captura-de-Pantalla-2021-04-21-a-las-7.09.50-1024x706.jpg 1024w, https:\/\/losperiodistas.com.mx\/portal\/wp-content\/uploads\/2021\/04\/Captura-de-Pantalla-2021-04-21-a-las-7.09.50-300x207.jpg 300w, https:\/\/losperiodistas.com.mx\/portal\/wp-content\/uploads\/2021\/04\/Captura-de-Pantalla-2021-04-21-a-las-7.09.50-768x530.jpg 768w, https:\/\/losperiodistas.com.mx\/portal\/wp-content\/uploads\/2021\/04\/Captura-de-Pantalla-2021-04-21-a-las-7.09.50-1536x1059.jpg 1536w, https:\/\/losperiodistas.com.mx\/portal\/wp-content\/uploads\/2021\/04\/Captura-de-Pantalla-2021-04-21-a-las-7.09.50.jpg 1836w\" sizes=\"(max-width: 1024px) 100vw, 1024px\" \/><\/figure>\n\n\n\n<p class=\"has-vivid-cyan-blue-color has-text-color has-medium-font-size\">LETICIA HERN\u00c1NDEZ \/ V\u00cdCTOR CH\u00c1VEZ \/ EL FINANCIERO<\/p>\n\n\n\n<p>La C\u00e1mara de Diputados subir\u00eda este mi\u00e9rcoles al pleno las leyes reglamentarias de la reforma al Poder Judicial, donde est\u00e1 incluido el art\u00edculo transitorio que busca ampliar el mandato del presidente de la Corte. Ignacio Mier, presidente de la Junta de Coordinaci\u00f3n Pol\u00edtica y coordinador de Morena, dijo que a\u00fan discuten el transitorio d\u00e9cimo tercero que le dar\u00eda dos a\u00f1os m\u00e1s a Arturo Zald\u00edvar al frente de la Corte.<\/p>\n\n\n\n<p>El Consejo Coordinador Empresarial (CCE) exhort\u00f3 a los legisladores a reconsiderar la ampliaci\u00f3n de los cargos en la presidencia de la Suprema Corte de Justicia de la Naci\u00f3n (SCJN) y en el Consejo de la Judicatura Federal, ya que sentar\u00e1 un mal precedente sobre el sistema democr\u00e1tico que podr\u00eda intentar aplicarse a otros \u00f3rganos aut\u00f3nomos o funcionarios.<\/p>\n\n\n\n<p>\u201cEl precedente que dejar\u00eda la ampliaci\u00f3n de cargos que se impulsa es negativo para el sistema democr\u00e1tico, ya que si pueden extenderse los cargos p\u00fablicos cuya designaci\u00f3n est\u00e1 definida en el marco constitucional y legal, sin previa modificaci\u00f3n de dicho marco y a trav\u00e9s de un art\u00edculo transitorio, abrir\u00eda la puerta a intentos de modificaci\u00f3n de periodos y responsabilidades, establecidos en la Constituci\u00f3n, de los encargos de otros funcionarios de poderes y \u00f3rganos aut\u00f3nomos tanto a nivel federal como local\u201d, advirti\u00f3 el CCE en un comunicado.<\/p>\n\n\n\n<p><a href=\"https:\/\/www.elfinanciero.com.mx\/nacional\/2021\/04\/20\/daran-diputados-fast-track-a-leyes-secundarias-del-poder-judicial\/\"><\/a><a href=\"https:\/\/www.elfinanciero.com.mx\/nacional\/2021\/04\/20\/daran-diputados-fast-track-a-leyes-secundarias-del-poder-judicial\/\">Dar\u00e1n diputados fast track a leyes secundarias del Poder Judicial<\/a><\/p>\n\n\n\n<hr class=\"wp-block-separator\"\/>\n\n\n\n<p>Explic\u00f3 que como parte de la reforma al Poder Judicial, se plantea ampliar el mandato del presidente de la SCJN vigente en funciones, Arturo Zald\u00edvar, cuando la duraci\u00f3n de ciertos cargos previstos en la Carta Magna es un elemento republicano de equilibrios y balances entre los poderes p\u00fablicos.<\/p>\n\n\n\n<p>\u201cEl Consejo Coordinador Empresarial exhorta al Poder Legislativo a reconsiderar el contenido del art\u00edculo transitorio que ampl\u00eda la duraci\u00f3n de los cargos en el Consejo de la Judicatura Federal y en la Presidencia de la Suprema Corte de Justicia de la Naci\u00f3n (SCJN), ya que es violatorio del Art\u00edculo 97 de la Constituci\u00f3n\u201d, en el que a\u00f1ade que la labor del Poder Judicial es un eslab\u00f3n crucial para garantizar un Estado de derecho a favor de todos los mexicanos, por lo que es relevante garantizar su autonom\u00eda y fortalecer la confianza de la sociedad en las instituciones nacionales, se\u00f1al\u00f3 el organismo.<\/p>\n\n\n\n<p>El presidente de la Junta de Coordinaci\u00f3n Pol\u00edtica de la C\u00e1mara de Diputados y coordinador de Morena, Ignacio Mier, inform\u00f3 que \u201cvamos a obviar los tr\u00e1mites\u201d a la minuta del Senado que contiene las leyes reglamentarias de la reforma al Poder Judicial, y \u201cla vamos a estar subiendo al pleno seguramente el mi\u00e9rcoles\u201d.<\/p>\n\n\n\n<p>Explic\u00f3 que \u201cse acord\u00f3 y se hizo una revisi\u00f3n de los tiempos; el transitorio establece que tiene que ser aprobada antes de que concluyan seis meses despu\u00e9s de que fue publicada la reforma y hecha la declaratoria\u201d.<\/p>\n\n\n\n<p><a href=\"https:\/\/www.elfinanciero.com.mx\/nacional\/2021\/04\/20\/el-62-de-los-mexicanos-rechaza-que-se-extienda-la-presidencia-de-zaldivar-en-la-corte\/\"><\/a><a href=\"https:\/\/www.elfinanciero.com.mx\/nacional\/2021\/04\/20\/el-62-de-los-mexicanos-rechaza-que-se-extienda-la-presidencia-de-zaldivar-en-la-corte\/\">El 62% de los mexicanos rechaza que se extienda la presidencia de Zald\u00edvar en la Corte<\/a><\/p>\n\n\n\n<hr class=\"wp-block-separator\"\/>\n\n\n\n<p>Por eso, \u201cuna vez que se hizo la declaratoria, tiene que, necesariamente, ser votada y conocida por el pleno a m\u00e1s tardar el 30 de abril. Si nos fu\u00e9ramos al 30 de abril, y conforme al procedimiento legislativo, no le dar\u00eda tiempo a las comisiones de circular el dictamen con oportunidad\u201d.<\/p>\n\n\n\n<p>\u201cDe tal manera que le vamos a obviar los tr\u00e1mites y lo vamos a estar subiendo al pleno seguramente ma\u00f1ana (mi\u00e9rcoles)\u201d, precis\u00f3.<\/p>\n\n\n\n<p>Sobre el aval al pol\u00e9mico transitorio decimotercero de la reforma judicial, que ampl\u00eda por dos a\u00f1os la presidencia del ministro Arturo Zald\u00edvar al frente de la Suprema Corte, Ignacio Mier aclar\u00f3 que \u201cestamos discuti\u00e9ndolo al interior del grupo\u201d.<\/p>\n\n\n\n<p>\u201cTuvimos una reuni\u00f3n, ma\u00f1ana (este mi\u00e9rcoles) definiremos la posici\u00f3n del grupo parlamentario con relaci\u00f3n, b\u00e1sicamente, no a las siete leyes que integran la Ley Org\u00e1nica, sino espec\u00edficamente a lo que se refiere este transitorio, que es el que ha generado mayor pol\u00e9mica\u201d, indic\u00f3.<\/p>\n\n\n\n<p>Adelant\u00f3 que \u201c\u00e9se es el esp\u00edritu que tiene el transitorio, que al alargar el periodo del presidente de la Suprema Corte pueda haber tambi\u00e9n oportunidad de garantizar el cumplimiento de la reforma\u201d.<\/p>\n\n\n\n<p>Aclar\u00f3 que ayer mismo sostendr\u00eda una reuni\u00f3n con el ministro Zald\u00edvar. \u201cQued\u00e9 de verlo\u2026 no he podido profundizar, ayer (lunes) tuve contacto con \u00e9l y quedamos del d\u00eda de hoy (ayer) buscarnos\u201d.<\/p>\n\n\n\n<p>\u201cDesde mi punto de vista, esto s\u00f3lo tiene como prop\u00f3sito garantizar el cumplimiento de la reforma que ya hizo el Constituyente, que fue votada por todos los Congresos locales y derivado de ello, en el transitorio se establecen las leyes secundarias\u201d, se\u00f1al\u00f3.<\/p>\n\n\n\n<p>\u201cLa reforma que tiene como prop\u00f3sito y est\u00e1 en el centro de su inter\u00e9s garantizar una justicia pronta, expedita y sobre todo a los m\u00e1s necesitados, acabar con los problemas de corrupci\u00f3n, con el nepotismo, con el cuatachismo que prevalece en el Poder Judicial, obliga a que, quienes la conduzcan, sean quienes la dise\u00f1aron para garantizar su cumplimiento\u201d, dijo.<\/p>\n\n\n\n<p>Fuente: https:\/\/www.elfinanciero.com.mx\/economia\/2021\/04\/21\/reprueba-cce-extender-mandatos-en-la-corte\/<\/p>\n","protected":false},"excerpt":{"rendered":"<p>El Consejo Coordinador Empresarial pidi\u00f3 a los legisladores reconsiderar extender el mandato de Arturo Zald\u00edvar al frente de la Corte, [&hellip;]<\/p>\n","protected":false},"author":1,"featured_media":7155,"comment_status":"open","ping_status":"open","sticky":false,"template":"","format":"standard","meta":{"site-sidebar-layout":"default","site-content-layout":"","ast-site-content-layout":"default","site-content-style":"default","site-sidebar-style":"default","ast-global-header-display":"","ast-banner-title-visibility":"","ast-main-header-display":"","ast-hfb-above-header-display":"","ast-hfb-below-header-display":"","ast-hfb-mobile-header-display":"","site-post-title":"","ast-breadcrumbs-content":"","ast-featured-img":"","footer-sml-layout":"","theme-transparent-header-meta":"","adv-header-id-meta":"","stick-header-meta":"","header-above-stick-meta":"","header-main-stick-meta":"","header-below-stick-meta":"","astra-migrate-meta-layouts":"default","ast-page-background-enabled":"default","ast-page-background-meta":{"desktop":{"background-color":"var(--ast-global-color-4)","background-image":"","background-repeat":"repeat","background-position":"center center","background-size":"auto","background-attachment":"scroll","background-type":"","background-media":"","overlay-type":"","overlay-color":"","overlay-opacity":"","overlay-gradient":""},"tablet":{"background-color":"","background-image":"","background-repeat":"repeat","background-position":"center center","background-size":"auto","background-attachment":"scroll","background-type":"","background-media":"","overlay-type":"","overlay-color":"","overlay-opacity":"","overlay-gradient":""},"mobile":{"background-color":"","background-image":"","background-repeat":"repeat","background-position":"center center","background-size":"auto","background-attachment":"scroll","background-type":"","background-media":"","overlay-type":"","overlay-color":"","overlay-opacity":"","overlay-gradient":""}},"ast-content-background-meta":{"desktop":{"background-color":"var(--ast-global-color-5)","background-image":"","background-repeat":"repeat","background-position":"center center","background-size":"auto","background-attachment":"scroll","background-type":"","background-media":"","overlay-type":"","overlay-color":"","overlay-opacity":"","overlay-gradient":""},"tablet":{"background-color":"var(--ast-global-color-5)","background-image":"","background-repeat":"repeat","background-position":"center center","background-size":"auto","background-attachment":"scroll","background-type":"","background-media":"","overlay-type":"","overlay-color":"","overlay-opacity":"","overlay-gradient":""},"mobile":{"background-color":"var(--ast-global-color-5)","background-image":"","background-repeat":"repeat","background-position":"center center","background-size":"auto","background-attachment":"scroll","background-type":"","background-media":"","overlay-type":"","overlay-color":"","overlay-opacity":"","overlay-gradient":""}},"footnotes":""},"categories":[8],"tags":[1135,1136],"class_list":["post-7154","post","type-post","status-publish","format-standard","has-post-thumbnail","hentry","category-noticias","tag-ley-zaldivar","tag-scjn"],"_links":{"self":[{"href":"https:\/\/losperiodistas.com.mx\/portal\/wp-json\/wp\/v2\/posts\/7154","targetHints":{"allow":["GET"]}}],"collection":[{"href":"https:\/\/losperiodistas.com.mx\/portal\/wp-json\/wp\/v2\/posts"}],"about":[{"href":"https:\/\/losperiodistas.com.mx\/portal\/wp-json\/wp\/v2\/types\/post"}],"author":[{"embeddable":true,"href":"https:\/\/losperiodistas.com.mx\/portal\/wp-json\/wp\/v2\/users\/1"}],"replies":[{"embeddable":true,"href":"https:\/\/losperiodistas.com.mx\/portal\/wp-json\/wp\/v2\/comments?post=7154"}],"version-history":[{"count":1,"href":"https:\/\/losperiodistas.com.mx\/portal\/wp-json\/wp\/v2\/posts\/7154\/revisions"}],"predecessor-version":[{"id":7156,"href":"https:\/\/losperiodistas.com.mx\/portal\/wp-json\/wp\/v2\/posts\/7154\/revisions\/7156"}],"wp:featuredmedia":[{"embeddable":true,"href":"https:\/\/losperiodistas.com.mx\/portal\/wp-json\/wp\/v2\/media\/7155"}],"wp:attachment":[{"href":"https:\/\/losperiodistas.com.mx\/portal\/wp-json\/wp\/v2\/media?parent=7154"}],"wp:term":[{"taxonomy":"category","embeddable":true,"href":"https:\/\/losperiodistas.com.mx\/portal\/wp-json\/wp\/v2\/categories?post=7154"},{"taxonomy":"post_tag","embeddable":true,"href":"https:\/\/losperiodistas.com.mx\/portal\/wp-json\/wp\/v2\/tags?post=7154"}],"curies":[{"name":"wp","href":"https:\/\/api.w.org\/{rel}","templated":true}]}}