{"id":715,"date":"2020-10-30T07:45:21","date_gmt":"2020-10-30T13:45:21","guid":{"rendered":"http:\/\/losperiodistas.com.mx\/portal\/?p=715"},"modified":"2020-10-30T07:45:21","modified_gmt":"2020-10-30T13:45:21","slug":"improbable-que-la-epidemia-termine-a-lo-largo-de-2021-o-2022-lopez-gatell","status":"publish","type":"post","link":"https:\/\/losperiodistas.com.mx\/portal\/improbable-que-la-epidemia-termine-a-lo-largo-de-2021-o-2022-lopez-gatell\/","title":{"rendered":"\u201cImprobable que la epidemia termine a lo largo de 2021 o 2022\u201d: L\u00f3pez-Gatell"},"content":{"rendered":"\n<p style=\"font-size:22px\">El especialista en epidemiolog\u00eda se\u00f1al\u00f3 que esto ser\u00e1 tanto a nivel nacional como mundial, debido a la intensidad epid\u00e9mica de cada regi\u00f3n<\/p>\n\n\n\n<p><\/p>\n\n\n\n<p class=\"has-vivid-cyan-blue-color has-text-color has-medium-font-size\">INFOBAE<\/p>\n\n\n\n<p>El subsecretario de Prevenci\u00f3n y Promoci\u00f3n de la Salud,<strong>&nbsp;Hugo L\u00f3pez-Gatell Ram\u00edrez, ve improbable que la epidemia de coronavirus termine a lo largo del 2021 o 2022 tanto en M\u00e9xico como en todo el mundo,<\/strong>&nbsp;por lo que las personas deber\u00e1n seguir cuid\u00e1ndose para no contagiarse.<\/p>\n\n\n\n<p>Desde Palacio Nacional el especialista en epidemiolog\u00eda apunt\u00f3 que entre otras razones, ser\u00e1 porque&nbsp;<strong>la intensidad epid\u00e9mica es variante en cada regi\u00f3n,&nbsp;<\/strong>por ello,&nbsp;<strong>a nivel mundial los contagios seguir\u00e1n activos por varios a\u00f1os<\/strong>.<\/p>\n\n\n\n<p>\u201cEs improbable que la epidemia termine a lo largo de 2021 o 2022 incluso, a nivel mundial, reitero, a nivel mundial, entre otras razones porque la intensidad epid\u00e9mica entre los pa\u00edses ocurre en distintos tiempos\u201d, asegur\u00f3 L\u00f3pez-Gatell.<\/p>\n\n\n\n<p>Ejemplific\u00f3 la proyecci\u00f3n con la situaci\u00f3n que actualmente se vive en Europa Occidental con rebrotes agresivos, mientras que en Asia los casos van en descenso y en Am\u00e9rica hay un panorama mixto entre descensos y repuntes.<img fetchpriority=\"high\" decoding=\"async\" alt=\"L\u00f3pez se\u00f1al\u00f3 que la enfermedad seguir\u00e1 en el mundo y se podr\u00eda volver estacional (Foto: Europa Press\/Jonathan Wong)\n\" height=\"4185\" src=\"https:\/\/www.infobae.com\/new-resizer\/mGWVsmjPZ4WPLm1XlNrQhhYSL6k=\/420x280\/filters:format(jpg):quality(85)\/\/cloudfront-us-east-1.images.arcpublishing.com\/infobae\/S7YKH6AIXNFTDLR3JBBMSJSI7E.jpg\" width=\"6413\">L\u00f3pez se\u00f1al\u00f3 que la enfermedad seguir\u00e1 en el mundo y se podr\u00eda volver estacional (Foto: Europa Press\/Jonathan Wong)<\/p>\n\n\n\n<p>\u201c<strong>En la medida en que cualquier pa\u00eds tenga la epidemia, los dem\u00e1s pueden tenerla tambi\u00e9n<\/strong>\u201d, apunt\u00f3.<\/p>\n\n\n\n<p>Adem\u00e1s, se\u00f1al\u00f3 que el pron\u00f3stico m\u00e1s aceptado entre los expertos es que<strong>&nbsp;el COVID-19 se vuelva en una enfermedad estacional<\/strong>, similar a la influenza.<\/p>\n\n\n\n<p>\u201cLa predicci\u00f3n hasta ahora m\u00e1s aceptada, pero todav\u00eda no es una predicci\u00f3n formal, es muy dif\u00edcil hacer una predicci\u00f3n tan amplia, la predicci\u00f3n es que&nbsp;<strong>eventualmente COVID-19 va a empezar a ser sincr\u00f3nica<\/strong>, se va a empezar a presentar en forma estacional\u201d, agreg\u00f3.<\/p>\n\n\n\n<p>De tal modo, los contagios ocasionados por el virus SARS-CoV-2<strong>&nbsp;se presentar\u00e1n casi de forma casi simult\u00e1nea en todos los pa\u00edses de un mismo hemisferio,&nbsp;<\/strong>muy probablemente durante las temporadas de fr\u00edo como&nbsp;<strong>oto\u00f1o e invierno.<\/strong><img decoding=\"async\" alt=\"El subsecretario dijo se presentara de forma casi simult\u00e1nea en todos los pa\u00edses de un mismo hemisferio (Foto: REUTERS\/Carlos Jasso)\" height=\"2976\" src=\"https:\/\/www.infobae.com\/new-resizer\/h46IEcFkd457-YaTwpMKhvK30Bs=\/420x280\/filters:format(jpg):quality(85)\/\/cloudfront-us-east-1.images.arcpublishing.com\/infobae\/DPFA4EHJU4KIOT3RIHXD4T34T4.jpg\" width=\"4464\">El subsecretario dijo se presentara de forma casi simult\u00e1nea en todos los pa\u00edses de un mismo hemisferio (Foto: REUTERS\/Carlos Jasso)<\/p>\n\n\n\n<p>\u201cEmpezar\u00e1 a tener eventos epid\u00e9micos y en el periodo de calor eventos de poca transmisi\u00f3n, semejante a la influenza, y eventualmente<strong>&nbsp;podr\u00eda convertirse en una enfermedad semejante a la influenza y otros m\u00e1s de 300 virus respiratorios que han estado con nosotros desde hace cientos, quiz\u00e1, miles de a\u00f1os<\/strong>\u201d, aclar\u00f3.<\/p>\n\n\n\n<p>L\u00f3pez-Gatell apunt\u00f3 que, aunque<strong>&nbsp;la predicci\u00f3n podr\u00eda angustiar a algunas personas,<\/strong>&nbsp;basta con recordar que al igual que ocurre la mayor\u00eda de las enfermedades infecciosas,&nbsp;<mark><strong>se empieza a establecer un equilibrio ecol\u00f3gico entre los agentes infecciosos y la poblaci\u00f3n humana.<\/strong><\/mark><\/p>\n\n\n\n<p>\u201c<strong>Este equilibrio ecol\u00f3gico llega a un punto de estabilidad en el que&nbsp;<\/strong><mark><strong>generalmente el virus se vuelve menos virulento<\/strong><\/mark>-virulento es la capacidad de crear enfermedad, particularmente enfermedad grave- y las personas empiezan a adquirir cierta resistencia individual y colectiva,<strong>&nbsp;el fen\u00f3meno de inmunidad de reba\u00f1o&nbsp;<\/strong>participa en este fen\u00f3meno\u201d, record\u00f3 el egresado de la Universidad Johns Hopkins.<img decoding=\"async\" alt=\"El subsecretario dijo que no es necesario angustiarse (Foto: REUTERS\/Nick Oxford)\" height=\"2259\" src=\"https:\/\/www.infobae.com\/new-resizer\/_d9gYQp4kZM-AfBMJ_AF1bQtREg=\/420x280\/filters:format(jpg):quality(85)\/\/cloudfront-us-east-1.images.arcpublishing.com\/infobae\/A3T6NSKAJQWNZ5DMRPPN342AW4.jpg\" width=\"3388\">El subsecretario dijo que no es necesario angustiarse (Foto: REUTERS\/Nick Oxford)<\/p>\n\n\n\n<p>Dijo que tras ello, la enfermedad, en este caso la de<strong>&nbsp;COVID-19, se volver\u00e1 menos relevante, en t\u00e9rminos del da\u00f1o que produce en la poblaci\u00f3n,<\/strong>&nbsp;y por lo tanto<strong>&nbsp;ser\u00e1 m\u00e1s f\u00e1cil que se normalice la vida p\u00fablica y social.<\/strong><\/p>\n\n\n\n<p>\u201cAs\u00ed ha ocurrido por miles de a\u00f1os, es probable que as\u00ed ocurra tambi\u00e9n para COVID-19\u201d, detall\u00f3.<\/p>\n\n\n\n<p>Cabe recordar que<strong>&nbsp;se le llama inmunidad de reba\u00f1o cuando un gran n\u00famero de la poblaci\u00f3n se vuelve invulnerable a una enfermedad<\/strong>, ya sea a trav\u00e9s de una<strong>&nbsp;vacuna o por la propagaci\u00f3n masiva del padecimiento.<\/strong><\/p>\n\n\n\n<p>Sin embargo, los expertos se\u00f1alan que el mundo est\u00e1 lejos de alcanzar tal inmunidad, de ah\u00ed que se\u00f1alara que la epidemia pueda continuar por algunos a\u00f1os, puesto que esto debe ocurrir en todos los pa\u00edses y regiones. Es decir, por lo menos el 60% de las personas del mundo deber\u00eda ser inmune.<\/p>\n\n\n\n<p>Fuente: https:\/\/www.infobae.com\/america\/mexico\/2020\/10\/30\/improbable-que-la-epidemia-termine-a-lo-largo-de-2021-o-2022-lopez-gatell\/<\/p>\n","protected":false},"excerpt":{"rendered":"<p>El especialista en epidemiolog\u00eda se\u00f1al\u00f3 que esto ser\u00e1 tanto a nivel nacional como mundial, debido a la intensidad epid\u00e9mica de [&hellip;]<\/p>\n","protected":false},"author":1,"featured_media":716,"comment_status":"open","ping_status":"open","sticky":false,"template":"","format":"standard","meta":{"site-sidebar-layout":"default","site-content-layout":"","ast-site-content-layout":"default","site-content-style":"default","site-sidebar-style":"default","ast-global-header-display":"","ast-banner-title-visibility":"","ast-main-header-display":"","ast-hfb-above-header-display":"","ast-hfb-below-header-display":"","ast-hfb-mobile-header-display":"","site-post-title":"","ast-breadcrumbs-content":"","ast-featured-img":"","footer-sml-layout":"","theme-transparent-header-meta":"","adv-header-id-meta":"","stick-header-meta":"","header-above-stick-meta":"","header-main-stick-meta":"","header-below-stick-meta":"","astra-migrate-meta-layouts":"default","ast-page-background-enabled":"default","ast-page-background-meta":{"desktop":{"background-color":"var(--ast-global-color-4)","background-image":"","background-repeat":"repeat","background-position":"center center","background-size":"auto","background-attachment":"scroll","background-type":"","background-media":"","overlay-type":"","overlay-color":"","overlay-opacity":"","overlay-gradient":""},"tablet":{"background-color":"","background-image":"","background-repeat":"repeat","background-position":"center center","background-size":"auto","background-attachment":"scroll","background-type":"","background-media":"","overlay-type":"","overlay-color":"","overlay-opacity":"","overlay-gradient":""},"mobile":{"background-color":"","background-image":"","background-repeat":"repeat","background-position":"center center","background-size":"auto","background-attachment":"scroll","background-type":"","background-media":"","overlay-type":"","overlay-color":"","overlay-opacity":"","overlay-gradient":""}},"ast-content-background-meta":{"desktop":{"background-color":"var(--ast-global-color-5)","background-image":"","background-repeat":"repeat","background-position":"center center","background-size":"auto","background-attachment":"scroll","background-type":"","background-media":"","overlay-type":"","overlay-color":"","overlay-opacity":"","overlay-gradient":""},"tablet":{"background-color":"var(--ast-global-color-5)","background-image":"","background-repeat":"repeat","background-position":"center center","background-size":"auto","background-attachment":"scroll","background-type":"","background-media":"","overlay-type":"","overlay-color":"","overlay-opacity":"","overlay-gradient":""},"mobile":{"background-color":"var(--ast-global-color-5)","background-image":"","background-repeat":"repeat","background-position":"center center","background-size":"auto","background-attachment":"scroll","background-type":"","background-media":"","overlay-type":"","overlay-color":"","overlay-opacity":"","overlay-gradient":""}},"footnotes":""},"categories":[8],"tags":[],"class_list":["post-715","post","type-post","status-publish","format-standard","has-post-thumbnail","hentry","category-noticias"],"_links":{"self":[{"href":"https:\/\/losperiodistas.com.mx\/portal\/wp-json\/wp\/v2\/posts\/715","targetHints":{"allow":["GET"]}}],"collection":[{"href":"https:\/\/losperiodistas.com.mx\/portal\/wp-json\/wp\/v2\/posts"}],"about":[{"href":"https:\/\/losperiodistas.com.mx\/portal\/wp-json\/wp\/v2\/types\/post"}],"author":[{"embeddable":true,"href":"https:\/\/losperiodistas.com.mx\/portal\/wp-json\/wp\/v2\/users\/1"}],"replies":[{"embeddable":true,"href":"https:\/\/losperiodistas.com.mx\/portal\/wp-json\/wp\/v2\/comments?post=715"}],"version-history":[{"count":1,"href":"https:\/\/losperiodistas.com.mx\/portal\/wp-json\/wp\/v2\/posts\/715\/revisions"}],"predecessor-version":[{"id":717,"href":"https:\/\/losperiodistas.com.mx\/portal\/wp-json\/wp\/v2\/posts\/715\/revisions\/717"}],"wp:featuredmedia":[{"embeddable":true,"href":"https:\/\/losperiodistas.com.mx\/portal\/wp-json\/wp\/v2\/media\/716"}],"wp:attachment":[{"href":"https:\/\/losperiodistas.com.mx\/portal\/wp-json\/wp\/v2\/media?parent=715"}],"wp:term":[{"taxonomy":"category","embeddable":true,"href":"https:\/\/losperiodistas.com.mx\/portal\/wp-json\/wp\/v2\/categories?post=715"},{"taxonomy":"post_tag","embeddable":true,"href":"https:\/\/losperiodistas.com.mx\/portal\/wp-json\/wp\/v2\/tags?post=715"}],"curies":[{"name":"wp","href":"https:\/\/api.w.org\/{rel}","templated":true}]}}