{"id":7147,"date":"2021-04-21T06:48:36","date_gmt":"2021-04-21T11:48:36","guid":{"rendered":"http:\/\/losperiodistas.com.mx\/portal\/?p=7147"},"modified":"2021-04-21T06:48:37","modified_gmt":"2021-04-21T11:48:37","slug":"el-ac-milan-recula-con-la-superliga-europea-fichajes","status":"publish","type":"post","link":"https:\/\/losperiodistas.com.mx\/portal\/el-ac-milan-recula-con-la-superliga-europea-fichajes\/","title":{"rendered":"El AC Milan recula con la Superliga Europea | Fichajes"},"content":{"rendered":"\n<figure class=\"wp-block-image size-large\"><img fetchpriority=\"high\" decoding=\"async\" width=\"1024\" height=\"642\" src=\"https:\/\/losperiodistas.com.mx\/portal\/wp-content\/uploads\/2021\/04\/Captura-de-Pantalla-2021-04-21-a-las-6.46.52-1024x642.jpg\" alt=\"\" class=\"wp-image-7148\" srcset=\"https:\/\/losperiodistas.com.mx\/portal\/wp-content\/uploads\/2021\/04\/Captura-de-Pantalla-2021-04-21-a-las-6.46.52-1024x642.jpg 1024w, https:\/\/losperiodistas.com.mx\/portal\/wp-content\/uploads\/2021\/04\/Captura-de-Pantalla-2021-04-21-a-las-6.46.52-300x188.jpg 300w, https:\/\/losperiodistas.com.mx\/portal\/wp-content\/uploads\/2021\/04\/Captura-de-Pantalla-2021-04-21-a-las-6.46.52-768x482.jpg 768w, https:\/\/losperiodistas.com.mx\/portal\/wp-content\/uploads\/2021\/04\/Captura-de-Pantalla-2021-04-21-a-las-6.46.52.jpg 1250w\" sizes=\"(max-width: 1024px) 100vw, 1024px\" \/><\/figure>\n\n\n\n<p class=\"has-vivid-cyan-blue-color has-text-color has-medium-font-size\">PEDRO PARRA \/ FICHAJES<\/p>\n\n\n\n<p><a href=\"https:\/\/www.fichajes.com\/a1024937570027376116-arsenal-chelsea-liverpool-y-mu-se-caen-de-la-superliga\">Est\u00e1n siendo unas horas realmente convulsas en lo que se refiere al desarrollo de la Superliga Europea<\/a>. A la espera del Chelsea, los otros cinco representantes de la Premier League han tomado la decisi\u00f3n de abandonar este proyecto. A saber, Manchester City, Liverpool, Arsenal, Tottenham Hotspur y Manchester United. Por ahora, Real Madrid, FC Barcelona y Atl\u00e9tico de Madrid seguir\u00edan ligados a esta competici\u00f3n.<\/p>\n\n\n\n<p>Por lo que respecta a los clubes italianos, no hay novedades en lo que se refiere a Juventus de Tur\u00edn e Inter de Mil\u00e1n. Sin embargo, de acuerdo a la informaci\u00f3n facilitada por el periodista David Ornstein, el AC&nbsp;<a href=\"https:\/\/www.fichajes.com\/equipo\/ac-milan\/\">Milan<\/a>&nbsp;ser\u00eda el primer conjunto de la&nbsp;<a href=\"https:\/\/www.fichajes.com\/italia\/serie-a\/\">Serie A<\/a>&nbsp;en desmarcarse de la Superliga. A\u00fan no es oficial, pero da la sensaci\u00f3n que el siete veces ganador de la Liga de Campeones habr\u00eda dado un paso hacia atr\u00e1s en lo que ata\u00f1e a su presencia en el entorchado.<\/p>\n\n\n\n<blockquote class=\"wp-block-quote is-layout-flow wp-block-quote-is-layout-flow\"><p>&#x1f6a8; AC Milan out of proposed European Super League&nbsp;<a href=\"https:\/\/twitter.com\/TheAthleticUK?ref_src=twsrc%5Etfw\">@TheAthleticUK<\/a>&nbsp;<a href=\"https:\/\/twitter.com\/hashtag\/ACMilan?src=hash&amp;ref_src=twsrc%5Etfw\">#ACMilan<\/a>&nbsp;<a href=\"https:\/\/twitter.com\/hashtag\/europesuperleague?src=hash&amp;ref_src=twsrc%5Etfw\">#europesuperleague<\/a>&nbsp;<a href=\"https:\/\/twitter.com\/hashtag\/esl?src=hash&amp;ref_src=twsrc%5Etfw\">#esl<\/a>\u2014 David Ornstein (@David_Ornstein)&nbsp;<a href=\"https:\/\/twitter.com\/David_Ornstein\/status\/1384630159349850115?ref_src=twsrc%5Etfw\">April 20, 2021<\/a><\/p><\/blockquote>\n\n\n\n<p>Fuente: https:\/\/www.fichajes.com\/a5005116651456177199-el-ac-milan-recula-con-la-superliga-europea<\/p>\n","protected":false},"excerpt":{"rendered":"<p>PEDRO PARRA \/ FICHAJES Est\u00e1n siendo unas horas realmente convulsas en lo que se refiere al desarrollo de la Superliga [&hellip;]<\/p>\n","protected":false},"author":1,"featured_media":7148,"comment_status":"open","ping_status":"open","sticky":false,"template":"","format":"standard","meta":{"site-sidebar-layout":"default","site-content-layout":"","ast-site-content-layout":"default","site-content-style":"default","site-sidebar-style":"default","ast-global-header-display":"","ast-banner-title-visibility":"","ast-main-header-display":"","ast-hfb-above-header-display":"","ast-hfb-below-header-display":"","ast-hfb-mobile-header-display":"","site-post-title":"","ast-breadcrumbs-content":"","ast-featured-img":"","footer-sml-layout":"","theme-transparent-header-meta":"","adv-header-id-meta":"","stick-header-meta":"","header-above-stick-meta":"","header-main-stick-meta":"","header-below-stick-meta":"","astra-migrate-meta-layouts":"default","ast-page-background-enabled":"default","ast-page-background-meta":{"desktop":{"background-color":"var(--ast-global-color-4)","background-image":"","background-repeat":"repeat","background-position":"center center","background-size":"auto","background-attachment":"scroll","background-type":"","background-media":"","overlay-type":"","overlay-color":"","overlay-opacity":"","overlay-gradient":""},"tablet":{"background-color":"","background-image":"","background-repeat":"repeat","background-position":"center center","background-size":"auto","background-attachment":"scroll","background-type":"","background-media":"","overlay-type":"","overlay-color":"","overlay-opacity":"","overlay-gradient":""},"mobile":{"background-color":"","background-image":"","background-repeat":"repeat","background-position":"center center","background-size":"auto","background-attachment":"scroll","background-type":"","background-media":"","overlay-type":"","overlay-color":"","overlay-opacity":"","overlay-gradient":""}},"ast-content-background-meta":{"desktop":{"background-color":"var(--ast-global-color-5)","background-image":"","background-repeat":"repeat","background-position":"center center","background-size":"auto","background-attachment":"scroll","background-type":"","background-media":"","overlay-type":"","overlay-color":"","overlay-opacity":"","overlay-gradient":""},"tablet":{"background-color":"var(--ast-global-color-5)","background-image":"","background-repeat":"repeat","background-position":"center center","background-size":"auto","background-attachment":"scroll","background-type":"","background-media":"","overlay-type":"","overlay-color":"","overlay-opacity":"","overlay-gradient":""},"mobile":{"background-color":"var(--ast-global-color-5)","background-image":"","background-repeat":"repeat","background-position":"center center","background-size":"auto","background-attachment":"scroll","background-type":"","background-media":"","overlay-type":"","overlay-color":"","overlay-opacity":"","overlay-gradient":""}},"footnotes":""},"categories":[8],"tags":[1127,1130,1128,1134,1132,1129,1133,1126,1131],"class_list":["post-7147","post","type-post","status-publish","format-standard","has-post-thumbnail","hentry","category-noticias","tag-ac-milan","tag-arsenal","tag-atletico-de-madrid","tag-fc-barcelona","tag-liverpool","tag-manchester-city","tag-real-madrid","tag-superliga-europea-renuncias","tag-tottenham-hotspur-y-manchester-united-por-ahora"],"_links":{"self":[{"href":"https:\/\/losperiodistas.com.mx\/portal\/wp-json\/wp\/v2\/posts\/7147","targetHints":{"allow":["GET"]}}],"collection":[{"href":"https:\/\/losperiodistas.com.mx\/portal\/wp-json\/wp\/v2\/posts"}],"about":[{"href":"https:\/\/losperiodistas.com.mx\/portal\/wp-json\/wp\/v2\/types\/post"}],"author":[{"embeddable":true,"href":"https:\/\/losperiodistas.com.mx\/portal\/wp-json\/wp\/v2\/users\/1"}],"replies":[{"embeddable":true,"href":"https:\/\/losperiodistas.com.mx\/portal\/wp-json\/wp\/v2\/comments?post=7147"}],"version-history":[{"count":1,"href":"https:\/\/losperiodistas.com.mx\/portal\/wp-json\/wp\/v2\/posts\/7147\/revisions"}],"predecessor-version":[{"id":7149,"href":"https:\/\/losperiodistas.com.mx\/portal\/wp-json\/wp\/v2\/posts\/7147\/revisions\/7149"}],"wp:featuredmedia":[{"embeddable":true,"href":"https:\/\/losperiodistas.com.mx\/portal\/wp-json\/wp\/v2\/media\/7148"}],"wp:attachment":[{"href":"https:\/\/losperiodistas.com.mx\/portal\/wp-json\/wp\/v2\/media?parent=7147"}],"wp:term":[{"taxonomy":"category","embeddable":true,"href":"https:\/\/losperiodistas.com.mx\/portal\/wp-json\/wp\/v2\/categories?post=7147"},{"taxonomy":"post_tag","embeddable":true,"href":"https:\/\/losperiodistas.com.mx\/portal\/wp-json\/wp\/v2\/tags?post=7147"}],"curies":[{"name":"wp","href":"https:\/\/api.w.org\/{rel}","templated":true}]}}