{"id":71399,"date":"2024-03-28T08:58:24","date_gmt":"2024-03-28T14:58:24","guid":{"rendered":"https:\/\/losperiodistas.com.mx\/portal\/?p=71399"},"modified":"2024-03-28T08:58:26","modified_gmt":"2024-03-28T14:58:26","slug":"opinion-dejar-de-ser-indiferente","status":"publish","type":"post","link":"https:\/\/losperiodistas.com.mx\/portal\/opinion-dejar-de-ser-indiferente\/","title":{"rendered":"Opini\u00f3n | Dejar de ser indiferente"},"content":{"rendered":"\n<p class=\"has-vivid-red-color has-text-color\" style=\"font-size:26px\"><strong><em>Por Humberto Aguilar Coronado<\/em><\/strong><\/p>\n\n\n\n<p>En un reciente foro organizado por Forbes M\u00e9xico en el que particip\u00f3 Enrique De La Madrid, se\u00f1al\u00f3 con datos duros que en la elecci\u00f3n del 21, Morena y sus aliados obtuvieron 20.9 millones de votos, y la oposici\u00f3n, ya sin MC, obtuvo 19.4 millones, por lo que propuso lo que, a su juicio, deben hacer las y los ciudadanos que se animen a tener un pa\u00eds pr\u00f3spero, incluyente, sustentable, justo y en paz.<\/p>\n\n\n\n<p>Por considerarlo de vital importancia y compartirlo en totalidad, les comparto sus recomendaciones, con unas cuantas que incorporo, que van en el mismo sentido de lo expresado por \u00e9l.<\/p>\n\n\n\n<p>Que en la elecci\u00f3n del 02 de junio del 2024, vayamos a votar todas y todos los que votamos en el 2021, que fue donde se le arrebat\u00f3 a Morena la mayor\u00eda con la que podr\u00eda modificar la constituci\u00f3n.<\/p>\n\n\n\n<p>Adem\u00e1s, buscar a uno de cada cinco desencantados de Morena y el obradorato, para motivarlos a salir a votar, y que pueden ser:<\/p>\n\n\n\n<ul class=\"wp-block-list\"><li>Una madre buscadora.<\/li><li>Alguien que haya perdido una guarder\u00eda, una estancia infantil o una escuela de tiempo completo.<\/li><li>Un servidor p\u00fablico, un m\u00e9dico o una enfermera que haya sido maltratado o despreciado por el gobierno federal, estatal o municipal en los gobiernos de Morena.<\/li><li>Alguien del mundo de la cultura, de la ciencia y del deporte a los que les hayan quitado sus apoyos o becas.<\/li><li>A alguno de los militares, marinos y miembros de la guardia nacional que han sido maltratados y humillados, o a un familiar de ellos.<\/li><li>A los j\u00f3venes sin becas y a las madres que perdieron su trabajo por no poder dejar a su hijo en una guarder\u00eda o en una escuela de tiempo completo.<\/li><li>A la gente que maltratan y no los atienden ni les otorgan servicios de calidad en el IMSS y en el ISSSTE.<\/li><li>A los empresarios que tienen que competir con los militares en diferentes actividades, en donde antes no participaban.<\/li><li>A los comerciantes, productores del campo, prestadores de servicio o emprendedores que tienen que pagar extorsi\u00f3n y derecho de piso.<\/li><li>A todas las familias que viven en la zozobra de la intranquilidad y con miedo por la falta de seguridad.<\/li><li>A los indignados por la escandalosa corrupci\u00f3n de la familia y el c\u00edrculo cercano del presidente, de los gobernadores y de los presidentes municipales emanados de Morena y sus aliados.<\/li><li>A todos aquellos que han sido exhibidos, ofendidos, difamados y calumniados desde la ma\u00f1anera.<\/li><li>A las clases medias que han sido asfixiadas en el discurso y en los hechos.<\/li><li>A las familias de los periodistas asesinados en los \u00faltimos 5 a\u00f1os.<\/li><li>A las familias que perdieron a un ser querido por el COVID.<\/li><li>A las familias de los m\u00e1s de 180 mil asesinados.<\/li><li>A las angustiadas madres de los m\u00e1s de 100 mil desaparecidos.<\/li><li>A las familias de todas aquellas mujeres que fueron v\u00edctimas de feminicidio.<\/li><li>A los familiares de los ni\u00f1os con c\u00e1ncer que no tuvieron las medicinas necesarias para su tratamiento.<\/li><li>A los familiares de los choferes del transporte terrestre que han sido asaltados.<\/li><li>A las familias de las nuevas oleadas de migrantes que huyen a Norte Am\u00e9rica en busca de mejores condiciones de vida.<\/li><li>A todas aquellas mujeres que pertenecen a organizaciones feministas que han sido reprimidas desde el 2019, en las marchas del 8 de marzo.<\/li><li>A los campesinos que han perdido los apoyos al campo.<\/li><li>A los industriales a los que le impacta la subvaloraci\u00f3n del d\u00f3lar.<\/li><\/ul>\n\n\n\n<p>En fin, se podr\u00edan hacer m\u00e1s recomendaciones, pero con las aqu\u00ed presentadas, me parece que si la sociedad deja de ser indiferente, esa diferencia que se presume de 30 puntos porcentuales se convierte en irreal.<\/p>\n\n\n\n<p>Las y los ciudadanos tienen la palabra y no pueden perder la memoria de estos casi 6 a\u00f1os de gobierno de Morena.<\/p>\n\n\n\n<p>*Es Diputado Federal del PAN<\/p>\n","protected":false},"excerpt":{"rendered":"<p>Por Humberto Aguilar Coronado En un reciente foro organizado por Forbes M\u00e9xico en el que particip\u00f3 Enrique De La Madrid, [&hellip;]<\/p>\n","protected":false},"author":1,"featured_media":71400,"comment_status":"open","ping_status":"open","sticky":false,"template":"","format":"standard","meta":{"site-sidebar-layout":"default","site-content-layout":"","ast-site-content-layout":"default","site-content-style":"default","site-sidebar-style":"default","ast-global-header-display":"","ast-banner-title-visibility":"","ast-main-header-display":"","ast-hfb-above-header-display":"","ast-hfb-below-header-display":"","ast-hfb-mobile-header-display":"","site-post-title":"","ast-breadcrumbs-content":"","ast-featured-img":"","footer-sml-layout":"","theme-transparent-header-meta":"","adv-header-id-meta":"","stick-header-meta":"","header-above-stick-meta":"","header-main-stick-meta":"","header-below-stick-meta":"","astra-migrate-meta-layouts":"default","ast-page-background-enabled":"default","ast-page-background-meta":{"desktop":{"background-color":"var(--ast-global-color-4)","background-image":"","background-repeat":"repeat","background-position":"center center","background-size":"auto","background-attachment":"scroll","background-type":"","background-media":"","overlay-type":"","overlay-color":"","overlay-opacity":"","overlay-gradient":""},"tablet":{"background-color":"","background-image":"","background-repeat":"repeat","background-position":"center center","background-size":"auto","background-attachment":"scroll","background-type":"","background-media":"","overlay-type":"","overlay-color":"","overlay-opacity":"","overlay-gradient":""},"mobile":{"background-color":"","background-image":"","background-repeat":"repeat","background-position":"center center","background-size":"auto","background-attachment":"scroll","background-type":"","background-media":"","overlay-type":"","overlay-color":"","overlay-opacity":"","overlay-gradient":""}},"ast-content-background-meta":{"desktop":{"background-color":"var(--ast-global-color-5)","background-image":"","background-repeat":"repeat","background-position":"center center","background-size":"auto","background-attachment":"scroll","background-type":"","background-media":"","overlay-type":"","overlay-color":"","overlay-opacity":"","overlay-gradient":""},"tablet":{"background-color":"var(--ast-global-color-5)","background-image":"","background-repeat":"repeat","background-position":"center center","background-size":"auto","background-attachment":"scroll","background-type":"","background-media":"","overlay-type":"","overlay-color":"","overlay-opacity":"","overlay-gradient":""},"mobile":{"background-color":"var(--ast-global-color-5)","background-image":"","background-repeat":"repeat","background-position":"center center","background-size":"auto","background-attachment":"scroll","background-type":"","background-media":"","overlay-type":"","overlay-color":"","overlay-opacity":"","overlay-gradient":""}},"footnotes":""},"categories":[8,18],"tags":[5486,23718,23719],"class_list":["post-71399","post","type-post","status-publish","format-standard","has-post-thumbnail","hentry","category-noticias","category-palabra-de-tigre","tag-elecciones-2024","tag-indiferencia-ciudadana","tag-salir-a-votar"],"_links":{"self":[{"href":"https:\/\/losperiodistas.com.mx\/portal\/wp-json\/wp\/v2\/posts\/71399","targetHints":{"allow":["GET"]}}],"collection":[{"href":"https:\/\/losperiodistas.com.mx\/portal\/wp-json\/wp\/v2\/posts"}],"about":[{"href":"https:\/\/losperiodistas.com.mx\/portal\/wp-json\/wp\/v2\/types\/post"}],"author":[{"embeddable":true,"href":"https:\/\/losperiodistas.com.mx\/portal\/wp-json\/wp\/v2\/users\/1"}],"replies":[{"embeddable":true,"href":"https:\/\/losperiodistas.com.mx\/portal\/wp-json\/wp\/v2\/comments?post=71399"}],"version-history":[{"count":1,"href":"https:\/\/losperiodistas.com.mx\/portal\/wp-json\/wp\/v2\/posts\/71399\/revisions"}],"predecessor-version":[{"id":71401,"href":"https:\/\/losperiodistas.com.mx\/portal\/wp-json\/wp\/v2\/posts\/71399\/revisions\/71401"}],"wp:featuredmedia":[{"embeddable":true,"href":"https:\/\/losperiodistas.com.mx\/portal\/wp-json\/wp\/v2\/media\/71400"}],"wp:attachment":[{"href":"https:\/\/losperiodistas.com.mx\/portal\/wp-json\/wp\/v2\/media?parent=71399"}],"wp:term":[{"taxonomy":"category","embeddable":true,"href":"https:\/\/losperiodistas.com.mx\/portal\/wp-json\/wp\/v2\/categories?post=71399"},{"taxonomy":"post_tag","embeddable":true,"href":"https:\/\/losperiodistas.com.mx\/portal\/wp-json\/wp\/v2\/tags?post=71399"}],"curies":[{"name":"wp","href":"https:\/\/api.w.org\/{rel}","templated":true}]}}