{"id":71020,"date":"2024-03-22T04:32:47","date_gmt":"2024-03-22T10:32:47","guid":{"rendered":"https:\/\/losperiodistas.com.mx\/portal\/?p=71020"},"modified":"2024-03-22T04:32:49","modified_gmt":"2024-03-22T10:32:49","slug":"dia-mundial-del-agua-did","status":"publish","type":"post","link":"https:\/\/losperiodistas.com.mx\/portal\/dia-mundial-del-agua-did\/","title":{"rendered":"D\u00eda Mundial del Agua | DID"},"content":{"rendered":"\n<div class=\"wp-block-image\"><figure class=\"alignleft size-full is-resized\"><img fetchpriority=\"high\" decoding=\"async\" src=\"https:\/\/losperiodistas.com.mx\/portal\/wp-content\/uploads\/2024\/03\/22-03_diamundialdelagua.png\" alt=\"\" class=\"wp-image-71021\" width=\"479\" height=\"276\" srcset=\"https:\/\/losperiodistas.com.mx\/portal\/wp-content\/uploads\/2024\/03\/22-03_diamundialdelagua.png 305w, https:\/\/losperiodistas.com.mx\/portal\/wp-content\/uploads\/2024\/03\/22-03_diamundialdelagua-300x173.png 300w\" sizes=\"(max-width: 479px) 100vw, 479px\" \/><\/figure><\/div>\n\n\n\n<p class=\"has-vivid-red-color has-text-color has-medium-font-size\"><strong>REDACCI\u00d3N D\u00cdA MUNDIAL DE<\/strong><\/p>\n\n\n\n<p><\/p>\n\n\n\n<p><strong>El D\u00eda Mundial del Agua se celebra el 22 de marzo de cada a\u00f1o,<\/strong>&nbsp;proclamado por la Asamblea General de la ONU en su Resoluci\u00f3n A\/RES\/47\/193 de 22 de diciembre de 1993.<\/p>\n\n\n\n<p>Su principal objetivo es generar conciencia acerca de la importancia de cuidar los recursos de agua en el planeta, un elemento vital para la vida de todas las especies de la Tierra.<\/p>\n\n\n\n<p>Con la celebraci\u00f3n de esta efem\u00e9ride se pretende dar a conocer la crisis mundial del agua y la problem\u00e1tica que afrontan millones de personas que no tienen acceso al suministro de agua potable, as\u00ed como las medidas urgentes que se deben tomar al respecto.<\/p>\n\n\n\n<figure class=\"wp-block-embed is-type-video is-provider-youtube wp-block-embed-youtube wp-embed-aspect-16-9 wp-has-aspect-ratio\"><div class=\"wp-block-embed__wrapper\">\n<iframe title=\"D\u00eda Mundial del AGUA\" width=\"500\" height=\"281\" src=\"https:\/\/www.youtube.com\/embed\/UwNoLolzA9U?feature=oembed\" frameborder=\"0\" allow=\"accelerometer; autoplay; clipboard-write; encrypted-media; gyroscope; picture-in-picture; web-share\" referrerpolicy=\"strict-origin-when-cross-origin\" allowfullscreen><\/iframe>\n<\/div><\/figure>\n\n\n\n<p><\/p>\n\n\n\n<p>Imagina que abres el grifo y no sale ni una gota de agua, \u00a1ser\u00eda imposible realizar la mayor\u00eda de las tareas diarias que son necesarias para una familia! Lavar los alimentos, nuestra higiene, cocinar y muchas otras actividades de la vida cotidiana. En muchos pa\u00edses del mundo, el agua es un recurso muy escaso, o bien est\u00e1 contaminada. El acceso al agua es un derecho humano b\u00e1sico y toca pensar en c\u00f3mo solucionar estas situaciones tan injustas a las que se tienen que enfrentar muchas familias en distintas partes del mundo.<\/p>\n\n\n\n<h2 class=\"wp-block-heading\" id=\"resTit_2\">D\u00eda Mundial del Agua. Tema 2024<\/h2>\n\n\n\n<p>En la celebraci\u00f3n de esta efem\u00e9ride anualmente se selecciona un lema o tema central.&nbsp;<strong>El D\u00eda Mundial del Agua 2024 tiene como tema&nbsp;<em>\u00abAgua para la Paz\u00bb<\/em><\/strong>. Se reflexiona a cerca de la idea de que el agua puede crear paz o desencadenar conflictos. En muchas ocasiones el agua est\u00e1 contaminada, o escasea, o depende de las fronteras entre diferentes pa\u00edses, y todo ello crea tensiones.<\/p>\n\n\n\n<p>Por nuestro bien y el del planeta, los pa\u00edses tienen que cooperar para proteger y conservar el tesoro m\u00e1s preciado de la Tierra: el agua. La gesti\u00f3n y el uso del agua influyen directamente en la salud p\u00fablica, la alimentaci\u00f3n, la energ\u00eda y la productividad econ\u00f3mica. La ONU redunda en la idea de que cuando cooperamos en materia de agua creamos un efecto en cascada positivo.<\/p>\n\n\n\n<figure class=\"wp-block-image\"><img decoding=\"async\" src=\"https:\/\/www.diainternacionalde.com\/imagenes\/dias\/marzo\/03-22_dia-mundial-agua-2024_m.jpg\" alt=\"P\u00f3ster 2024\" title=\"P\u00f3ster 2024\"\/><figcaption>P\u00f3ster 2024<\/figcaption><\/figure>\n\n\n\n<h2 class=\"wp-block-heading\" id=\"resTit_3\">Origen del D\u00eda Mundial del Agua<\/h2>\n\n\n\n<p>El&nbsp;<strong>D\u00eda Mundial del Agua<\/strong>&nbsp;fue proclamado por la Organizaci\u00f3n de las Naciones Unidas (ONU) en 1992. Ese a\u00f1o se celebr\u00f3 en R\u00edo de Janeiro la&nbsp;<strong><em>Conferencia de las Naciones Unidas sobre el Medio Ambiente y el Desarrollo<\/em><\/strong>. De all\u00ed surgi\u00f3 la propuesta, siendo 1993 el primer a\u00f1o de celebraci\u00f3n.<\/p>\n\n\n\n<p>Posteriormente tuvieron lugar otras menciones como el&nbsp;<em><strong>A\u00f1o Internacional de Cooperaci\u00f3n en la Esfera del Agua 2013<\/strong><\/em>&nbsp;y el&nbsp;<strong><em>Decenio \u00abAgua para el Desarrollo Sostenible\u00bb 2018-2028<\/em><\/strong>. Todo esto remarca la idea de la ONU de que el agua es fundamental para el desarrollo y la paz mundial.<\/p>\n\n\n\n<p><strong>El agua es un recurso natural compuesto por mol\u00e9culas de hidr\u00f3geno y ox\u00edgeno<\/strong>, que es indispensable para la vida. Es un bien considerado como el&nbsp;<em><strong>oro l\u00edquido del planeta<\/strong><\/em>&nbsp;y que hace posible que todas las especies terrestres contin\u00faen creciendo y desarroll\u00e1ndose cada d\u00eda.<\/p>\n\n\n\n<p>De ah\u00ed la importancia de evitar su despilfarro. Es un recurso limitado, en el que hace falta una mayor toma de conciencia para su preservaci\u00f3n, porque si alg\u00fan d\u00eda llegara a escasear, traer\u00eda consecuencias irreversibles para la humanidad.<\/p>\n\n\n\n<h2 class=\"wp-block-heading\" id=\"resTit_4\">El Agua: un derecho fundamental para la vida<\/h2>\n\n\n\n<p><strong>El agua es un derecho fundamental&nbsp;<\/strong>para la preservaci\u00f3n de la vida, en todas sus formas. Considerada como un derecho humano, este valioso e indispensable recurso natural no llega de forma segura a un gran n\u00famero de personas en distintos pa\u00edses, sobre todo a los m\u00e1s pobres, donde el agua potable no es accesible.<\/p>\n\n\n\n<figure class=\"wp-block-image\"><img decoding=\"async\" src=\"https:\/\/www.diainternacionalde.com\/imagenes\/dias\/marzo\/03-22_dia-mundial-del-agua-vida_m.jpg\" alt=\"\" title=\"\"\/><\/figure>\n\n\n\n<p>De acuerdo a la&nbsp;<strong>ONU&nbsp;<\/strong>la poblaci\u00f3n m\u00e1s afectada es la carente de recursos econ\u00f3micos, donde el saneamiento de las aguas es un verdadero lujo, s\u00f3lo posible para las sociedades m\u00e1s avanzadas y los pa\u00edses desarrollados.<\/p>\n\n\n\n<p>M\u00e1s de un tercio de la poblaci\u00f3n mundial no goza de los servicios de agua potable segura, lo que se traduce a m\u00e1s de 2.000 millones de personas que no reciben el agua de calidad en sus hogares. Por esta raz\u00f3n mueren hombres, mujeres y ni\u00f1os cada a\u00f1o.<\/p>\n\n\n\n<p>Para los refugiados, personas sin hogar y todos los que viven en pobreza extrema no hay ninguna posibilidad de gozar de este recurso, tan vital para la vida.<\/p>\n\n\n\n<p>Para erradicar la miseria y todas las consecuencias que acarrea, la Organizaci\u00f3n de las Naciones Unidas busca alternativas para hacer de este mundo un lugar m\u00e1s viable para todos. Esto s\u00f3lo se alcanzar\u00e1 a trav\u00e9s del llamado\u00a0<strong>desarrollo sostenible<\/strong>.<\/p>\n\n\n\n<h2 class=\"wp-block-heading\" id=\"resTit_5\">El tema del agua en la Agenda 2030 para el Desarrollo Sostenible<\/h2>\n\n\n\n<figure class=\"wp-block-image\"><img decoding=\"async\" src=\"https:\/\/www.diainternacionalde.com\/imagenes\/dias\/marzo\/03-22_dia-mundial-del-agua_plantas_m.jpg\" alt=\"El ODS n\u00famero 6 pretende garantizar agua dulce y saneamiento para todo el mundo\" title=\"El ODS n\u00famero 6 pretende garantizar agua dulce y saneamiento para todo el mundo\"\/><figcaption>El ODS n\u00famero 6 pretende garantizar agua dulce y saneamiento para todo el mundo<\/figcaption><\/figure>\n\n\n\n<p>Uno de los temas centrales que ha ocupado a la&nbsp;<strong>Organizaci\u00f3n de las Naciones Unidas<\/strong>&nbsp;es el relacionado con el cuidado y preservaci\u00f3n del agua dulce en todo el mundo, como parte del desarrollo sostenible Esto ha quedado plasmado en la&nbsp;<strong>Agenda 2030<\/strong>.<\/p>\n\n\n\n<p>Actualmente existe mucha preocupaci\u00f3n en todo lo que concierne a los recursos h\u00eddricos de todo el planeta, ya que en los \u00faltimos a\u00f1os se ha venido notando una disminuci\u00f3n significativa de los mismos, por el uso indebido y el despilfarro debido a los siguientes factores:<\/p>\n\n\n\n<ul class=\"wp-block-list\"><li><strong>Un crecimiento acelerado de la poblaci\u00f3n en todo el mundo<\/strong>: esta ha sido una de las principales causas, donde se prev\u00e9 que para el a\u00f1o 2050 esta cifra rondar\u00e1 los 10.000.000 en todo el globo.<\/li><li><strong>Un incremento en la explotaci\u00f3n de los acu\u00edferos<\/strong>.<\/li><li><strong>Contaminaci\u00f3n y cambio clim\u00e1tico:<\/strong>&nbsp;un fen\u00f3meno que ha provocado el desplazamiento masivo de millones de personas que han perdido sus hogares.<\/li><li><strong>Las guerras entre los pueblos y naciones:<\/strong>&nbsp;no solamente se limita a conflictos pol\u00edticos, sino tambi\u00e9n a intereses m\u00e1s particulares como el dominio de los recursos naturales, siendo uno de ellos el agua.<\/li><\/ul>\n\n\n\n<p>En tal sentido, para el a\u00f1o 2030 se estima como uno de los objetivos de desarrollo sostenible garantizar el acceso, saneamiento y gestionamiento sostenible del agua potable, libre de contaminaci\u00f3n. Para ello se contemplan las siguientes metas:<\/p>\n\n\n\n<ul class=\"wp-block-list\"><li>Lograr el acceso universal del agua potable a la poblaci\u00f3n, de manera equitativa.<\/li><li>Mejorar la calidad del agua mediante la reducci\u00f3n de elementos contaminantes, como el vertimiento, emisi\u00f3n de productos qu\u00edmicos y materiales peligrosos.<\/li><li>Incrementar el uso eficiente de los recursos h\u00eddricos, garantizando la extracci\u00f3n y abastecimiento de agua dulce.<\/li><li>Proteger y reestablecer todos los ecosistemas relacionados con el agua, incluyendo bosques, humedales, r\u00edos, lagos y acu\u00edferos.<\/li><\/ul>\n\n\n\n<h2 class=\"wp-block-heading\" id=\"resTit_6\">\u00bfSab\u00edas Que? Curiosidades acerca del Agua<\/h2>\n\n\n\n<figure class=\"wp-block-image\"><img decoding=\"async\" src=\"https:\/\/www.diainternacionalde.com\/imagenes\/dias\/marzo\/03-22_dia-mundial-del-agua-curiosidades_m.jpg\" alt=\"\" title=\"\"\/><\/figure>\n\n\n\n<p>Con motivo de la celebraci\u00f3n de esta efem\u00e9ride, a continuaci\u00f3n mostramos algunos datos curiosos e interesantes sobre el agua. Es de vital importancia tomar conciencia acerca de este tema:<\/p>\n\n\n\n<ul class=\"wp-block-list\"><li>Se estima que m\u00e1s de 2.000 millones de personas alrededor del mundo no tienen acceso directo a fuentes de agua potable.<\/li><li>Se calcula que unas 4.500 millones de personas no disponen de un sistema de saneamiento seguro para el consumo de agua, contribuyendo a la propagaci\u00f3n de enfermedades.<\/li><li>Desde el a\u00f1o 2010 la Organizaci\u00f3n de las Naciones Unidas reconoce al agua como un derecho humano.<\/li><li>Anualmente fallecen 3,5 millones de personas debido a enfermedades relacionadas con la calidad del agua.<\/li><li>El 97% del agua se encuentra en los oc\u00e9anos.<\/li><li>El 2,5% del agua del planeta es dulce y proviene de aguas subterr\u00e1neas. Sin embargo, no toda es apta para el consumo humano, ya que una gran parte se encuentra congelada en los glaciares.<\/li><li>Diariamente mueren unos 700 ni\u00f1os alrededor del mundo, debido a diarreas relacionadas con la escasez o falta de saneamiento del agua.<\/li><li>El agua de las piscinas se puede reutilizar para la limpieza de pisos, escaleras y zonas comunes.<\/li><li>El agua es el principal componente qu\u00edmico del cuerpo humano, que equivale entre un 50 al 70% del peso corporal de una persona adulta.<\/li><li>Se proyecta que dentro de dos d\u00e9cadas se incrementar\u00e1 m\u00e1s del 50% la demanda de agua a nivel mundial.<\/li><li>Al ba\u00f1arnos en una ducha durante 5 minutos se gasta entre 95 y 190 litros de agua.<\/li><li>En los jardines y zonas verdes se recomienda utilizar elementos ornamentales que sean resistentes a la sequ\u00eda, como piedras, grava o corteza. Asimismo, utilizar sistemas de riego, tales como el goteo o la microaspersi\u00f3n.<\/li><li>El 80% de las aguas residuales por consumo humano son vertidas sin el adecuado tratamiento, contaminando r\u00edos y mares.<\/li><li>Algunas sustancias como los pesticidas y los nitratos comprometen la calidad de las aguas subterr\u00e1neas.<\/li><li>El cambio clim\u00e1tico genera destrucci\u00f3n, contaminaci\u00f3n y sequ\u00eda en las fuentes de agua naturales.<\/li><li>De acuerdo a cifras de la ONU solo el 60% de la poblaci\u00f3n mundial tiene acceso a una instalaci\u00f3n b\u00e1sica para el lavado de manos.<\/li><li>El 90% de los recursos h\u00eddricos del planeta se encuentra en la Ant\u00e1rtida.<\/li><li>Unas 4.000 millones de personas no tienen acceso a servicios b\u00e1sicos, tales como retrinas y retretes.<\/li><li>Cuando una persona siente sed es porque perdi\u00f3 m\u00e1s del 1% del total de agua de su organismo.<\/li><li>Aproximadamente el 40% del agua utilizada para el riego proviene de acu\u00edferos.<\/li><\/ul>\n\n\n\n<h2 class=\"wp-block-heading\" id=\"resTit_7\">\u00bfC\u00f3mo podemos conservar el agua?<\/h2>\n\n\n\n<p>Todos podemos apoyar y comprometernos en la conservaci\u00f3n del preciado l\u00edquido. Mostramos algunas recomendaciones b\u00e1sicas para cuidar el agua. Est\u00e1 en nuestras manos conservar el medio ambiente \u00a1T\u00fa puedes hacer la diferencia!<\/p>\n\n\n\n<ul class=\"wp-block-list\"><li>Revisa las tuber\u00edas y llaves de acceso de agua, a fin de detectar posibles fugas y goteras.<\/li><li>Utiliza un sistema de control de agua en el inodoro. Puedes colocar un ladrillo o una botella lleva de arena en la cisterna o tanque.<\/li><li>Cierra el grifo mientras te enjabonas las manos, al afeitarte o cepillarte los dientes.<\/li><li>Utiliza una cantidad de agua moderada para lavar los platos y el auto. Usa el agua jabonosa sobrante para la limpieza del hogar.<\/li><li>Riega las plantas o el c\u00e9sped en horarios matutinos, utilizando solo la cantidad necesaria.<\/li><li>Toma ba\u00f1os de corta duraci\u00f3n. Cierra la llave mientras te enjabonas y recolecta el agua sobrante en un cubo al abrir el grifo. Puedes reutilizarla para regar las plantas.<\/li><li>Evita utilizar electrodom\u00e9sticos como lavadoras y lavaplatos, para lavar cantidades m\u00ednimas de ropa o vajillas.<\/li><li>No eches productos contaminantes, desechos o aceite en el inodoro, lavaplatos o lavamanos. Aplica este consejo si vas a la playa, a un lago o r\u00edo.<\/li><li>Al limpiar las peceras se puede reutilizar el agua para regar las plantas.<\/li><\/ul>\n\n\n\n<figure class=\"wp-block-image\"><img decoding=\"async\" src=\"https:\/\/www.diainternacionalde.com\/imagenes\/dias\/marzo\/03-22_dia-mundial-del-agua_embalse_m.jpg\" alt=\"Los recursos h\u00eddricos son muy limitados en ciertas partes del mundo\" title=\"Los recursos h\u00eddricos son muy limitados en ciertas partes del mundo\"\/><figcaption>Los recursos h\u00eddricos son muy limitados en ciertas partes del mundo<\/figcaption><\/figure>\n\n\n\n<h2 class=\"wp-block-heading\" id=\"resTit_8\">\u00bfC\u00f3mo celebrar el D\u00eda Mundial del Agua?<\/h2>\n\n\n\n<p>El&nbsp;<strong>D\u00eda Mundial del Agua<\/strong>&nbsp;es una fecha oportuna para que todos, de manera individual o colectiva empecemos, a partir de hoy, a cuidar, valorar y racionar el agua que utilizamos en nuestras m\u00faltiples actividades diarias.<\/p>\n\n\n\n<p>Es mucho lo que podemos hacer desde nuestra casa, comunidad o cualquier \u00e1rea donde no desenvolvamos. Empecemos por educar a nuestros ni\u00f1os, para que sean los&nbsp;<em><strong>guardianes y protectores del agua<\/strong><\/em>, de la cual se beneficiar\u00e1n en el futuro, si aprenden a cuidarla y racionarla de la forma correcta.<\/p>\n\n\n\n<p>Nuestro aporte tambi\u00e9n es fundamental. Por esto te invitamos a crear conciencia vali\u00e9ndote de las distintas redes sociales con una opini\u00f3n, idea o sugerencia sobre este interesante tema.<\/p>\n\n\n\n<p>Comparte informaci\u00f3n \u00fatil e interesante sobre el&nbsp;<strong>D\u00eda Mundial del Agua<\/strong>, a trav\u00e9s del hashtag&nbsp;<strong><em>#D\u00edaMundialdelAgua<\/em><\/strong>.<\/p>\n\n\n\n<h2 class=\"wp-block-heading\" id=\"resTit_9\">Hist\u00f3rico de temas delD\u00eda Mundial del Agua<\/h2>\n\n\n\n<h3 class=\"wp-block-heading\" id=\"resTit_9_1\">Tema 2023: Se el cambio<\/h3>\n\n\n\n<p><strong>El lema del D\u00eda Mundial del Agua 2023 fue:\u00a0<em>\u00abAcelerar el cambio\u00bb\u00a0<\/em><\/strong>con una llamada a la acci\u00f3n para la sociedad:\u00a0<em><strong>\u00abSe el cambio\u00bb<\/strong><\/em>. Se trata de poner de relieve la necesidad urgente de acelerar el cambio para conseguir que el agua llegue a todos los rincones del planeta, incluso a los m\u00e1s pobres.Se ha creado una campa\u00f1a mundial para animar a las personas a tomar medidas para cambiar la forma en la que usan el agua. Con el lema\u00a0<em><strong>\u00abSe el cambio que quieres ver en el mundo\u00bb\u00a0<\/strong><\/em>se traslada la responsabilidad de la gesti\u00f3n del agua a cada uno de nosotros.<\/p>\n\n\n\n<figure class=\"wp-block-image\"><img decoding=\"async\" src=\"https:\/\/www.diainternacionalde.com\/imagenes\/dias\/marzo\/03-22_dia-mundial-del-agua-2023_m.jpg\" alt=\"Gr\u00e1ficos campa\u00f1a 2023\" title=\"Gr\u00e1ficos campa\u00f1a 2023\"\/><figcaption>Gr\u00e1ficos campa\u00f1a 2023<\/figcaption><\/figure>\n\n\n\n<h3 class=\"wp-block-heading\" id=\"resTit_9_2\">Tema 2022: Agua Subterr\u00e1nea: Haciendo Visible lo Invisible<\/h3>\n\n\n\n<p>Para el a\u00f1o 2022 el tema seleccionado fue&nbsp;<strong><em>\u00abAgua Subterr\u00e1nea: Haciendo Visible lo Invisible\u00bb<\/em><\/strong>.<\/p>\n\n\n\n<p>Con ello se pretende destacar la importancia de las aguas subterr\u00e1neas, as\u00ed como destacar la necesidad de generar acciones para evitar su sobre-explotaci\u00f3n y procurar su disponibilidad en todo el mundo. Se estima que el 97% del agua dulce se ubica en acu\u00edferos o formaciones geol\u00f3gicas, compuestas por capas de rocas y sedimentos que conservan agua en su interior.<\/p>\n\n\n\n<p>Son una fuente vital de sustento para la provisi\u00f3n y suministro de agua potable, el mantenimiento de ecosistemas, as\u00ed como para el sostenimiento de la agricultura y la industria.<\/p>\n\n\n\n<p>Por otra parte, se pretende visibilizar el impacto del cambio clim\u00e1tico en las aguas subterr\u00e1neas. Se requiere aunar esfuerzos para gestionar de forma sostenible el preciado l\u00edquido.<\/p>\n\n\n\n<p>Se invita a las personas y comunidades a realizar un video de 60 segundos que muestre c\u00f3mo afecta el agua subterr\u00e1nea nuestras vidas, utilizando los hashtags&nbsp;<strong><em>#MyGroundwaterStory<\/em><\/strong>&nbsp;y&nbsp;<strong><em>#WorldWaterDay<\/em><\/strong>. Puedes subirlos a YouTube o Vimeo y enviar el enlace a&nbsp;<strong><em>mygroundwaterstory@un-igrac.org<\/em><\/strong>.<\/p>\n\n\n\n<h3 class=\"wp-block-heading\" id=\"resTit_9_3\">Tema 2021: Agua para frenar el coronavirus<\/h3>\n\n\n\n<p>En la campa\u00f1a del a\u00f1o 2021 se resalt\u00f3 la importancia del agua para frenar epidemias y enfermedades infecciosas. Lavarse las manos es fundamental para frenar la transmisi\u00f3n del COVID-19 y otras enfermedades.<\/p>\n\n\n\n<p>Si dispones de agua y jab\u00f3n para lavarte las manos, eres privilegiado. Casi tres mil millones de personas no tienen c\u00f3mo hacerlo. Se cre\u00f3 la campa\u00f1a&nbsp;<strong><em>#ManosLimpias&nbsp;<\/em><\/strong>(<strong><em>#SafeHands<\/em><\/strong>&nbsp;en ingl\u00e9s).<\/p>\n\n\n\n<h3 class=\"wp-block-heading\" id=\"resTit_9_4\">Tema 2020: Agua y Cambio Clim\u00e1tico<\/h3>\n\n\n\n<p>El agua est\u00e1 estrechamente vinculada al cambio clim\u00e1tico. Es por ello que la campa\u00f1a de 2020 se centr\u00f3 en la importancia de reducir las inundaciones, sequ\u00edas, la contaminaci\u00f3n del agua y su escasez.<\/p>\n\n\n\n<p>Si controlamos los recursos h\u00eddricos, seremos capaces de reducir los gases de efecto invernadero. Es importante buscar soluciones sostenibles para el acceso al agua potable y al saneamiento. Todos tenemos un papel en esta lucha, porque la ejecuci\u00f3n de peque\u00f1as acciones se traducen en grandes cambios.<\/p>\n\n\n\n<p>Fuente: <a href=\"https:\/\/www.diainternacionalde.com\/ficha\/dia-mundial-agua\">https:\/\/www.diainternacionalde.com\/ficha\/dia-mundial-agua<\/a><\/p>\n","protected":false},"excerpt":{"rendered":"<p>REDACCI\u00d3N D\u00cdA MUNDIAL DE El D\u00eda Mundial del Agua se celebra el 22 de marzo de cada a\u00f1o,&nbsp;proclamado por la [&hellip;]<\/p>\n","protected":false},"author":1,"featured_media":71021,"comment_status":"open","ping_status":"open","sticky":false,"template":"","format":"standard","meta":{"site-sidebar-layout":"default","site-content-layout":"","ast-site-content-layout":"default","site-content-style":"default","site-sidebar-style":"default","ast-global-header-display":"","ast-banner-title-visibility":"","ast-main-header-display":"","ast-hfb-above-header-display":"","ast-hfb-below-header-display":"","ast-hfb-mobile-header-display":"","site-post-title":"","ast-breadcrumbs-content":"","ast-featured-img":"","footer-sml-layout":"","theme-transparent-header-meta":"","adv-header-id-meta":"","stick-header-meta":"","header-above-stick-meta":"","header-main-stick-meta":"","header-below-stick-meta":"","astra-migrate-meta-layouts":"default","ast-page-background-enabled":"default","ast-page-background-meta":{"desktop":{"background-color":"var(--ast-global-color-4)","background-image":"","background-repeat":"repeat","background-position":"center center","background-size":"auto","background-attachment":"scroll","background-type":"","background-media":"","overlay-type":"","overlay-color":"","overlay-opacity":"","overlay-gradient":""},"tablet":{"background-color":"","background-image":"","background-repeat":"repeat","background-position":"center center","background-size":"auto","background-attachment":"scroll","background-type":"","background-media":"","overlay-type":"","overlay-color":"","overlay-opacity":"","overlay-gradient":""},"mobile":{"background-color":"","background-image":"","background-repeat":"repeat","background-position":"center center","background-size":"auto","background-attachment":"scroll","background-type":"","background-media":"","overlay-type":"","overlay-color":"","overlay-opacity":"","overlay-gradient":""}},"ast-content-background-meta":{"desktop":{"background-color":"var(--ast-global-color-5)","background-image":"","background-repeat":"repeat","background-position":"center center","background-size":"auto","background-attachment":"scroll","background-type":"","background-media":"","overlay-type":"","overlay-color":"","overlay-opacity":"","overlay-gradient":""},"tablet":{"background-color":"var(--ast-global-color-5)","background-image":"","background-repeat":"repeat","background-position":"center center","background-size":"auto","background-attachment":"scroll","background-type":"","background-media":"","overlay-type":"","overlay-color":"","overlay-opacity":"","overlay-gradient":""},"mobile":{"background-color":"var(--ast-global-color-5)","background-image":"","background-repeat":"repeat","background-position":"center center","background-size":"auto","background-attachment":"scroll","background-type":"","background-media":"","overlay-type":"","overlay-color":"","overlay-opacity":"","overlay-gradient":""}},"footnotes":""},"categories":[8],"tags":[23533,23535,23534],"class_list":["post-71020","post","type-post","status-publish","format-standard","has-post-thumbnail","hentry","category-noticias","tag-diamundialdelagua","tag-agua-para-la-paz","tag-reutilizar-el-agua"],"_links":{"self":[{"href":"https:\/\/losperiodistas.com.mx\/portal\/wp-json\/wp\/v2\/posts\/71020","targetHints":{"allow":["GET"]}}],"collection":[{"href":"https:\/\/losperiodistas.com.mx\/portal\/wp-json\/wp\/v2\/posts"}],"about":[{"href":"https:\/\/losperiodistas.com.mx\/portal\/wp-json\/wp\/v2\/types\/post"}],"author":[{"embeddable":true,"href":"https:\/\/losperiodistas.com.mx\/portal\/wp-json\/wp\/v2\/users\/1"}],"replies":[{"embeddable":true,"href":"https:\/\/losperiodistas.com.mx\/portal\/wp-json\/wp\/v2\/comments?post=71020"}],"version-history":[{"count":1,"href":"https:\/\/losperiodistas.com.mx\/portal\/wp-json\/wp\/v2\/posts\/71020\/revisions"}],"predecessor-version":[{"id":71022,"href":"https:\/\/losperiodistas.com.mx\/portal\/wp-json\/wp\/v2\/posts\/71020\/revisions\/71022"}],"wp:featuredmedia":[{"embeddable":true,"href":"https:\/\/losperiodistas.com.mx\/portal\/wp-json\/wp\/v2\/media\/71021"}],"wp:attachment":[{"href":"https:\/\/losperiodistas.com.mx\/portal\/wp-json\/wp\/v2\/media?parent=71020"}],"wp:term":[{"taxonomy":"category","embeddable":true,"href":"https:\/\/losperiodistas.com.mx\/portal\/wp-json\/wp\/v2\/categories?post=71020"},{"taxonomy":"post_tag","embeddable":true,"href":"https:\/\/losperiodistas.com.mx\/portal\/wp-json\/wp\/v2\/tags?post=71020"}],"curies":[{"name":"wp","href":"https:\/\/api.w.org\/{rel}","templated":true}]}}