{"id":70994,"date":"2024-03-21T20:29:02","date_gmt":"2024-03-22T02:29:02","guid":{"rendered":"https:\/\/losperiodistas.com.mx\/portal\/?p=70994"},"modified":"2024-03-21T20:29:04","modified_gmt":"2024-03-22T02:29:04","slug":"embajador-de-eu-comparte-preocupacion-de-mexico-sobre-ley-migratoria-de-texas-forbes","status":"publish","type":"post","link":"https:\/\/losperiodistas.com.mx\/portal\/embajador-de-eu-comparte-preocupacion-de-mexico-sobre-ley-migratoria-de-texas-forbes\/","title":{"rendered":"Embajador de EU comparte preocupaci\u00f3n de M\u00e9xico sobre ley migratoria de Texas | Forbes"},"content":{"rendered":"\n<p class=\"has-medium-font-size\"><em>Ken Salazar se\u00f1ala que EU continuar\u00e1 impugnado la &#8216;da\u00f1ina e inconstitucional&#8217; ley SB4 de Texas en los tribunales.<\/em><\/p>\n\n\n\n<div class=\"wp-block-image\"><figure class=\"aligncenter\"><img decoding=\"async\" src=\"https:\/\/cdn.forbes.com.mx\/2021\/10\/KEN-SALAZAR-e1635985126580-640x360.jpg\" alt=\"embajador-ley-Texas\"\/><figcaption>Embajador de Estados Unidos en M\u00e9xico, Ken Salazar. Foto: EFE\/ S\u00e1shenka Guti\u00e9rrez.<\/figcaption><\/figure><\/div>\n\n\n\n<p class=\"has-vivid-red-color has-text-color has-medium-font-size\"><strong>FORBES STAFF<\/strong><\/p>\n\n\n\n<p>El embajador de Estados Unidos en M\u00e9xico, Ken Salazar, se\u00f1al\u00f3 este jueves que comparte con el Gobierno mexicano su preocupaci\u00f3n por la \u201cda\u00f1ina e inconstitucional\u201d ley SB4 de Texas, que el gobernador, Greg Abbott, insiste en aplicar pese a los fallos judiciales.<\/p>\n\n\n\n<p>\u201cCompartimos las preocupaciones de M\u00e9xico sobre la da\u00f1ina e inconstitucional ley SB4 de Texas, raz\u00f3n por la cual continuamos impugn\u00e1ndola en los tribunales\u201d, se\u00f1al\u00f3 el diplom\u00e1tico en su cuenta de X.<\/p>\n\n\n\n<p>Salazar dijo tambi\u00e9n que trabajan para que el sistema migratorio sea ordenado, seguro y humano; y, a la par, asegurar la frontera de Estados Unidos.<\/p>\n\n\n\n<p>\u201cComo vecinos y socios duraderos, seguimos comprometidos a reducir los flujos migratorios irregulares sin precedentes de forma humana, fortaleciendo nuestra colaboraci\u00f3n para abordar las causas fundamentales, desarrollar v\u00edas legales para los migrantes y mejorar la aplicaci\u00f3n de la ley a nivel regional\u201d, expuso.<\/p>\n\n\n\n<p>Salazar se refiri\u00f3 as\u00ed a la ley SB4, una de las medidas antiinmigrantes m\u00e1s dr\u00e1sticas en la historia de Estados Unidos, convertir\u00eda en delito menor el que un extranjero \u201cingrese o intente ingresar al estado (de Texas) desde una naci\u00f3n extranjera\u201d de forma irregular, adem\u00e1s de facultar a las fuerzas estatales de realizar arrestos migratorios.<\/p>\n\n\n\n<p><em><strong>Lee:&nbsp;<a href=\"https:\/\/www.forbes.com.mx\/mexico-apoya-rechazo-a-ley-antiinmigrante-de-texas-ante-corte-de-eu\/\" target=\"_blank\" rel=\"noreferrer noopener\">M\u00e9xico apoya rechazo a ley antiinmigrante de Texas ante Corte de EU<\/a><\/strong><\/em><\/p>\n\n\n\n<p>La normativa desat\u00f3 caos desde el martes, cuando la Suprema Corte de Estados Unidos primero permiti\u00f3 aplicar la ley antes de escuchar argumentos de fondo, pero en la noche el tribunal de apelaciones del Quinto Circuito suspendi\u00f3 su entrada en vigor y el 3 de abril realizar\u00e1 una audiencia para pronunciarse sobre el fondo.<\/p>\n\n\n\n<p>Ante la posibilidad de que se aplique esta ley, este jueves la canciller Alicia B\u00e1rcena inform\u00f3 que el Gobierno de M\u00e9xico present\u00f3 un&nbsp;<em>amicus curiae<\/em>&nbsp;ante la Corte de Apelaciones del Quinto Circuito en Nueva Orleans de Estados Unidos contra esta legislaci\u00f3n.<\/p>\n\n\n\n<p>Las tensiones entre M\u00e9xico y el gobernador Abbott han crecido desde el a\u00f1o pasado ante las crecientes medidas antiinmigrantes del estado fronterizo, como las boyas y el cerco de alambre de p\u00faas que coloc\u00f3 en el r\u00edo Bravo para disuadir a migrantes de cruzar.<\/p>\n\n\n\n<p>Apenas el 20 de febrero, el presidente Andr\u00e9s Manuel L\u00f3pez Obrador tach\u00f3 de \u201cpolitiquer\u00eda\u201d el campamento militar que Abbott pretende construir junto al r\u00edo.<\/p>\n\n\n\n<p>El mandatario ha asegurado que las decisiones de Texas se deben a que este a\u00f1o coinciden las elecciones presidenciales de M\u00e9xico y Estados Unidos.<\/p>\n\n\n\n<p><em>Con informaci\u00f3n de EFE<\/em><\/p>\n\n\n\n<p>Fuente: <a href=\"https:\/\/www.forbes.com.mx\/embajador-de-eu-comparte-preocupacion-de-mexico-sobre-ley-migratoria-de-texas\/\">https:\/\/www.forbes.com.mx\/embajador-de-eu-comparte-preocupacion-de-mexico-sobre-ley-migratoria-de-texas\/<\/a><\/p>\n","protected":false},"excerpt":{"rendered":"<p>Ken Salazar se\u00f1ala que EU continuar\u00e1 impugnado la &#8216;da\u00f1ina e inconstitucional&#8217; ley SB4 de Texas en los tribunales. FORBES STAFF [&hellip;]<\/p>\n","protected":false},"author":1,"featured_media":70995,"comment_status":"open","ping_status":"open","sticky":false,"template":"","format":"standard","meta":{"site-sidebar-layout":"default","site-content-layout":"","ast-site-content-layout":"default","site-content-style":"default","site-sidebar-style":"default","ast-global-header-display":"","ast-banner-title-visibility":"","ast-main-header-display":"","ast-hfb-above-header-display":"","ast-hfb-below-header-display":"","ast-hfb-mobile-header-display":"","site-post-title":"","ast-breadcrumbs-content":"","ast-featured-img":"","footer-sml-layout":"","theme-transparent-header-meta":"","adv-header-id-meta":"","stick-header-meta":"","header-above-stick-meta":"","header-main-stick-meta":"","header-below-stick-meta":"","astra-migrate-meta-layouts":"default","ast-page-background-enabled":"default","ast-page-background-meta":{"desktop":{"background-color":"var(--ast-global-color-4)","background-image":"","background-repeat":"repeat","background-position":"center center","background-size":"auto","background-attachment":"scroll","background-type":"","background-media":"","overlay-type":"","overlay-color":"","overlay-opacity":"","overlay-gradient":""},"tablet":{"background-color":"","background-image":"","background-repeat":"repeat","background-position":"center center","background-size":"auto","background-attachment":"scroll","background-type":"","background-media":"","overlay-type":"","overlay-color":"","overlay-opacity":"","overlay-gradient":""},"mobile":{"background-color":"","background-image":"","background-repeat":"repeat","background-position":"center center","background-size":"auto","background-attachment":"scroll","background-type":"","background-media":"","overlay-type":"","overlay-color":"","overlay-opacity":"","overlay-gradient":""}},"ast-content-background-meta":{"desktop":{"background-color":"var(--ast-global-color-5)","background-image":"","background-repeat":"repeat","background-position":"center center","background-size":"auto","background-attachment":"scroll","background-type":"","background-media":"","overlay-type":"","overlay-color":"","overlay-opacity":"","overlay-gradient":""},"tablet":{"background-color":"var(--ast-global-color-5)","background-image":"","background-repeat":"repeat","background-position":"center center","background-size":"auto","background-attachment":"scroll","background-type":"","background-media":"","overlay-type":"","overlay-color":"","overlay-opacity":"","overlay-gradient":""},"mobile":{"background-color":"var(--ast-global-color-5)","background-image":"","background-repeat":"repeat","background-position":"center center","background-size":"auto","background-attachment":"scroll","background-type":"","background-media":"","overlay-type":"","overlay-color":"","overlay-opacity":"","overlay-gradient":""}},"footnotes":""},"categories":[8],"tags":[2901,23524,3775],"class_list":["post-70994","post","type-post","status-publish","format-standard","has-post-thumbnail","hentry","category-noticias","tag-ken-salazar","tag-migrantes-eu","tag-texas"],"_links":{"self":[{"href":"https:\/\/losperiodistas.com.mx\/portal\/wp-json\/wp\/v2\/posts\/70994","targetHints":{"allow":["GET"]}}],"collection":[{"href":"https:\/\/losperiodistas.com.mx\/portal\/wp-json\/wp\/v2\/posts"}],"about":[{"href":"https:\/\/losperiodistas.com.mx\/portal\/wp-json\/wp\/v2\/types\/post"}],"author":[{"embeddable":true,"href":"https:\/\/losperiodistas.com.mx\/portal\/wp-json\/wp\/v2\/users\/1"}],"replies":[{"embeddable":true,"href":"https:\/\/losperiodistas.com.mx\/portal\/wp-json\/wp\/v2\/comments?post=70994"}],"version-history":[{"count":1,"href":"https:\/\/losperiodistas.com.mx\/portal\/wp-json\/wp\/v2\/posts\/70994\/revisions"}],"predecessor-version":[{"id":70996,"href":"https:\/\/losperiodistas.com.mx\/portal\/wp-json\/wp\/v2\/posts\/70994\/revisions\/70996"}],"wp:featuredmedia":[{"embeddable":true,"href":"https:\/\/losperiodistas.com.mx\/portal\/wp-json\/wp\/v2\/media\/70995"}],"wp:attachment":[{"href":"https:\/\/losperiodistas.com.mx\/portal\/wp-json\/wp\/v2\/media?parent=70994"}],"wp:term":[{"taxonomy":"category","embeddable":true,"href":"https:\/\/losperiodistas.com.mx\/portal\/wp-json\/wp\/v2\/categories?post=70994"},{"taxonomy":"post_tag","embeddable":true,"href":"https:\/\/losperiodistas.com.mx\/portal\/wp-json\/wp\/v2\/tags?post=70994"}],"curies":[{"name":"wp","href":"https:\/\/api.w.org\/{rel}","templated":true}]}}