{"id":70983,"date":"2024-03-21T11:55:36","date_gmt":"2024-03-21T17:55:36","guid":{"rendered":"https:\/\/losperiodistas.com.mx\/portal\/?p=70983"},"modified":"2024-03-21T11:55:45","modified_gmt":"2024-03-21T17:55:45","slug":"la-onu-adopta-la-primera-resolucion-global-sobre-inteligencia-artificial-reuters","status":"publish","type":"post","link":"https:\/\/losperiodistas.com.mx\/portal\/la-onu-adopta-la-primera-resolucion-global-sobre-inteligencia-artificial-reuters\/","title":{"rendered":"La ONU adopta la primera resoluci\u00f3n global sobre inteligencia artificial | Reuters"},"content":{"rendered":"\n<p><\/p>\n\n\n\n<figure class=\"wp-block-image\"><img decoding=\"async\" src=\"https:\/\/cloudfront-us-east-2.images.arcpublishing.com\/reuters\/NGOUBEUJ6NMGDBRIVPT6MWFS7Y.jpg\" alt=\"Edificio de la ONU en Nueva York\"\/><figcaption>El edificio de las Naciones Unidas en la ciudad de Nueva York, EE. UU., 23 de febrero de 2023. REUTERS\/Mike Segar\/Foto de archivo<\/figcaption><\/figure>\n\n\n\n<p>\u00a0<\/p>\n\n\n\n<p class=\"has-vivid-red-color has-text-color has-medium-font-size\"><strong><a href=\"https:\/\/www.reuters.com\/authors\/alexandra-alper\/\">Alexandra Alper<\/a> \/ Reuters<\/strong><\/p>\n\n\n\n<p>(Reuters) &#8211; La Asamblea General de las Naciones Unidas adopt\u00f3 el jueves por unanimidad la primera resoluci\u00f3n global sobre inteligencia artificial para fomentar la protecci\u00f3n de datos personales, monitorear la IA en busca de riesgos y salvaguardar los derechos humanos, dijeron funcionarios estadounidenses.<\/p>\n\n\n\n<p>La resoluci\u00f3n no vinculante, propuesta por Estados Unidos y copatrocinada por China y otras 121 naciones, tom\u00f3 tres meses para negociarse y tambi\u00e9n aboga por fortalecer las pol\u00edticas de privacidad, dijeron los funcionarios, informando a los periodistas antes de la aprobaci\u00f3n de la resoluci\u00f3n.<\/p>\n\n\n\n<p>\u00abEstamos navegando en aguas agitadas con una tecnolog\u00eda que cambia r\u00e1pidamente, lo que significa que es m\u00e1s importante que nunca guiarnos a la luz de nuestros valores\u00bb, dijo uno de los altos funcionarios de la administraci\u00f3n, describiendo la resoluci\u00f3n como la \u00abprimera en la historia\u00bb. documento de consenso verdaderamente global sobre la IA\u00bb.<\/p>\n\n\n\n<p>La resoluci\u00f3n es la \u00faltima de una serie de iniciativas (pocas de las cuales son efectivas) por parte de gobiernos de todo el mundo para dar forma al desarrollo de la IA, en medio de temores de que pueda usarse para perturbar procesos democr\u00e1ticos, acelerar el fraude o provocar p\u00e9rdidas dram\u00e1ticas de empleos, entre otros da\u00f1os. <\/p>\n\n\n\n<p>\u00abEl dise\u00f1o, desarrollo, despliegue y uso inadecuado o malicioso de sistemas de inteligencia artificial&#8230; plantea riesgos que podr\u00edan&#8230; socavar la protecci\u00f3n, promoci\u00f3n y disfrute de los derechos humanos y las libertades fundamentales\u00bb, dice la medida.\u00a0Cuando se les pregunt\u00f3 si los negociadores enfrentaron resistencia de Rusia o China (Estados miembros de la ONU que tambi\u00e9n votaron a favor del documento), los funcionarios admitieron que hubo \u00abmuchas conversaciones acaloradas&#8230; Pero nos involucramos activamente con China, Rusia, Cuba y otros pa\u00edses que \u00abA menudo no estamos de acuerdo con nosotros en los problemas\u00bb.<\/p>\n\n\n\n<p>\u00abCreemos que la resoluci\u00f3n logra el equilibrio adecuado entre promover el desarrollo y al mismo tiempo seguir protegiendo los derechos humanos\u00bb, dijo uno de los funcionarios, que habl\u00f3 bajo condici\u00f3n de anonimato.<\/p>\n\n\n\n<p>En noviembre, Estados Unidos, Gran Breta\u00f1a y m\u00e1s de una docena de otros pa\u00edses\u00a0<a href=\"https:\/\/www.reuters.com\/technology\/us-britain-other-countries-ink-agreement-make-ai-secure-by-design-2023-11-27\/\">dieron a conocer<\/a>\u00a0el primer acuerdo internacional detallado sobre c\u00f3mo mantener la inteligencia artificial a salvo de actores deshonestos, presionando para que las empresas creen sistemas de IA que sean \u00abseguros por dise\u00f1o\u00bb.<\/p>\n\n\n\n<p>Europa est\u00e1 por delante de Estados Unidos, y los legisladores de la UE\u00a0<a href=\"https:\/\/www.reuters.com\/technology\/eu-lawmakers-endorse-political-deal-artificial-intelligence-rules-2024-03-13\/\">adoptaron este mes un acuerdo provisional<\/a>\u00a0para supervisar la tecnolog\u00eda, acerc\u00e1ndose a la adopci\u00f3n de las primeras reglas de inteligencia artificial del mundo.\u00a0La administraci\u00f3n Biden ha estado presionando a los legisladores para que regulen la IA, pero un Congreso estadounidense polarizado ha logrado pocos avances.<\/p>\n\n\n\n<p>La Casa Blanca\u00a0<a href=\"https:\/\/www.reuters.com\/technology\/white-house-unveils-wide-ranging-action-mitigate-ai-risks-2023-10-30\/\">busc\u00f3 reducir<\/a>\u00a0los riesgos de la IA para los consumidores, los trabajadores y los grupos minoritarios y al mismo tiempo reforzar la seguridad nacional con una nueva orden ejecutiva en octubre.<\/p>\n\n\n\n<p>Al igual que los gobiernos de todo el mundo, los funcionarios chinos y rusos est\u00e1n explorando con entusiasmo el uso de herramientas de inteligencia artificial para diversos prop\u00f3sitos.\u00a0El mes pasado, Microsoft\u00a0<a href=\"https:\/\/www.reuters.com\/technology\/cybersecurity\/microsoft-says-it-caught-hackers-china-russia-iran-using-its-ai-tools-2024-02-14\/\">dijo que<\/a>\u00a0hab\u00eda atrapado a piratas inform\u00e1ticos de ambos pa\u00edses utilizando el software OpenAI respaldado por Microsoft para perfeccionar sus habilidades de espionaje.<\/p>\n\n\n\n<p>El bolet\u00edn informativo Reuters Daily Briefing proporciona todas las noticias que necesita para comenzar el d\u00eda.&nbsp;Registrate&nbsp;<a href=\"https:\/\/www.reuters.com\/newsletters\/daily-briefing\/\">aqu\u00ed.<\/a><\/p>\n\n\n\n<p>Informaci\u00f3n de Alexandra Alper;\u00a0Edici\u00f3n de Lincoln Feast y Jonathan Oatis<\/p>\n\n\n\n<p>Fuente: <a href=\"https:\/\/www.reuters.com\/technology\/cybersecurity\/un-adopts-first-global-artificial-intelligence-resolution-2024-03-21\/\">https:\/\/www.reuters.com\/technology\/cybersecurity\/un-adopts-first-global-artificial-intelligence-resolution-2024-03-21\/<\/a><\/p>\n","protected":false},"excerpt":{"rendered":"<p>\u00a0 Alexandra Alper \/ Reuters (Reuters) &#8211; La Asamblea General de las Naciones Unidas adopt\u00f3 el jueves por unanimidad la [&hellip;]<\/p>\n","protected":false},"author":1,"featured_media":70984,"comment_status":"open","ping_status":"open","sticky":false,"template":"","format":"standard","meta":{"site-sidebar-layout":"default","site-content-layout":"","ast-site-content-layout":"default","site-content-style":"default","site-sidebar-style":"default","ast-global-header-display":"","ast-banner-title-visibility":"","ast-main-header-display":"","ast-hfb-above-header-display":"","ast-hfb-below-header-display":"","ast-hfb-mobile-header-display":"","site-post-title":"","ast-breadcrumbs-content":"","ast-featured-img":"","footer-sml-layout":"","theme-transparent-header-meta":"","adv-header-id-meta":"","stick-header-meta":"","header-above-stick-meta":"","header-main-stick-meta":"","header-below-stick-meta":"","astra-migrate-meta-layouts":"default","ast-page-background-enabled":"default","ast-page-background-meta":{"desktop":{"background-color":"var(--ast-global-color-4)","background-image":"","background-repeat":"repeat","background-position":"center center","background-size":"auto","background-attachment":"scroll","background-type":"","background-media":"","overlay-type":"","overlay-color":"","overlay-opacity":"","overlay-gradient":""},"tablet":{"background-color":"","background-image":"","background-repeat":"repeat","background-position":"center center","background-size":"auto","background-attachment":"scroll","background-type":"","background-media":"","overlay-type":"","overlay-color":"","overlay-opacity":"","overlay-gradient":""},"mobile":{"background-color":"","background-image":"","background-repeat":"repeat","background-position":"center center","background-size":"auto","background-attachment":"scroll","background-type":"","background-media":"","overlay-type":"","overlay-color":"","overlay-opacity":"","overlay-gradient":""}},"ast-content-background-meta":{"desktop":{"background-color":"var(--ast-global-color-5)","background-image":"","background-repeat":"repeat","background-position":"center center","background-size":"auto","background-attachment":"scroll","background-type":"","background-media":"","overlay-type":"","overlay-color":"","overlay-opacity":"","overlay-gradient":""},"tablet":{"background-color":"var(--ast-global-color-5)","background-image":"","background-repeat":"repeat","background-position":"center center","background-size":"auto","background-attachment":"scroll","background-type":"","background-media":"","overlay-type":"","overlay-color":"","overlay-opacity":"","overlay-gradient":""},"mobile":{"background-color":"var(--ast-global-color-5)","background-image":"","background-repeat":"repeat","background-position":"center center","background-size":"auto","background-attachment":"scroll","background-type":"","background-media":"","overlay-type":"","overlay-color":"","overlay-opacity":"","overlay-gradient":""}},"footnotes":""},"categories":[8],"tags":[177,23518,23519],"class_list":["post-70983","post","type-post","status-publish","format-standard","has-post-thumbnail","hentry","category-noticias","tag-onu","tag-resolucion-ia","tag-salvaguardar-derechos-humanos"],"_links":{"self":[{"href":"https:\/\/losperiodistas.com.mx\/portal\/wp-json\/wp\/v2\/posts\/70983","targetHints":{"allow":["GET"]}}],"collection":[{"href":"https:\/\/losperiodistas.com.mx\/portal\/wp-json\/wp\/v2\/posts"}],"about":[{"href":"https:\/\/losperiodistas.com.mx\/portal\/wp-json\/wp\/v2\/types\/post"}],"author":[{"embeddable":true,"href":"https:\/\/losperiodistas.com.mx\/portal\/wp-json\/wp\/v2\/users\/1"}],"replies":[{"embeddable":true,"href":"https:\/\/losperiodistas.com.mx\/portal\/wp-json\/wp\/v2\/comments?post=70983"}],"version-history":[{"count":1,"href":"https:\/\/losperiodistas.com.mx\/portal\/wp-json\/wp\/v2\/posts\/70983\/revisions"}],"predecessor-version":[{"id":70985,"href":"https:\/\/losperiodistas.com.mx\/portal\/wp-json\/wp\/v2\/posts\/70983\/revisions\/70985"}],"wp:featuredmedia":[{"embeddable":true,"href":"https:\/\/losperiodistas.com.mx\/portal\/wp-json\/wp\/v2\/media\/70984"}],"wp:attachment":[{"href":"https:\/\/losperiodistas.com.mx\/portal\/wp-json\/wp\/v2\/media?parent=70983"}],"wp:term":[{"taxonomy":"category","embeddable":true,"href":"https:\/\/losperiodistas.com.mx\/portal\/wp-json\/wp\/v2\/categories?post=70983"},{"taxonomy":"post_tag","embeddable":true,"href":"https:\/\/losperiodistas.com.mx\/portal\/wp-json\/wp\/v2\/tags?post=70983"}],"curies":[{"name":"wp","href":"https:\/\/api.w.org\/{rel}","templated":true}]}}