{"id":70980,"date":"2024-03-21T11:12:53","date_gmt":"2024-03-21T17:12:53","guid":{"rendered":"https:\/\/losperiodistas.com.mx\/portal\/?p=70980"},"modified":"2024-03-21T11:12:55","modified_gmt":"2024-03-21T17:12:55","slug":"opinion-agua-potable-tras-una-solucion-global","status":"publish","type":"post","link":"https:\/\/losperiodistas.com.mx\/portal\/opinion-agua-potable-tras-una-solucion-global\/","title":{"rendered":"Opini\u00f3n | Agua potable, tras una soluci\u00f3n global"},"content":{"rendered":"\n<p class=\"has-vivid-red-color has-text-color\" style=\"font-size:26px\"><strong><em>Por Fernando Manzanilla Prieto<\/em><\/strong><\/p>\n\n\n\n<p><\/p>\n\n\n\n<p><strong>El <\/strong>acceso al agua potable es un derecho humano fundamental, sin embargo, a pesar de su vital importancia, millones de personas en todo el mundo contin\u00faan enfrentando escasez de agua potable.<\/p>\n\n\n\n<p>Este problema, exacerbado por el crecimiento demogr\u00e1fico, el cambio clim\u00e1tico y la gesti\u00f3n inadecuada de recursos h\u00eddricos, requiere de pol\u00edticas p\u00fablicas efectivas a nivel global para su soluci\u00f3n.<\/p>\n\n\n\n<p>Es por ello que, en el marco del D\u00eda Mundial del Agua, a conmemorarse el pr\u00f3ximo 22 de marzo, es importante reflexionar sobre estas problem\u00e1ticas y, sobre todo, las acciones que se est\u00e1n implementando en diferentes partes del mundo para abordar este desaf\u00edo.<\/p>\n\n\n\n<p>Como lo mencionaba, la escasez de agua potable es un problema global que afecta a pa\u00edses desarrollados y en desarrollo por igual. Seg\u00fan datos de la ONU, al menos 2 mil 200 millones de personas en todo el mundo carecen de acceso a agua potable gestionada de manera segura, lo que representa un riesgo significativo para la salud p\u00fablica y el desarrollo sostenible.<\/p>\n\n\n\n<p>Esta crisis se ve agravada por una serie de factores, incluida la contaminaci\u00f3n de fuentes de agua, la sobreexplotaci\u00f3n de acu\u00edferos y la falta de infraestructura adecuada para el suministro y tratamiento del agua.<\/p>\n\n\n\n<p>Al respecto, un informe del Banco Mundial titulado \u201cReducir las desigualdades en el suministro de agua, saneamiento e higiene en la era de los Objetivos de Desarrollo Sostenible\u201d, resalta que es preciso que los pa\u00edses cambien dr\u00e1sticamente el modo en que gestionan los recursos y prestan servicios clave, empezando por la mejora de los sistemas de asignaci\u00f3n para asegurar que lleguen a los m\u00e1s necesitados y para hacer frente a las ineficiencias, de tal forma que se garantice que los servicios p\u00fablicos sean sostenibles y eficaces.<\/p>\n\n\n\n<p>En este sentido es que los gobiernos deben estructurar y emprender, desde diferentes trincheras, diversas pol\u00edticas p\u00fablicas como la gesti\u00f3n sostenible de recursos h\u00eddricos, inversi\u00f3n en infraestructura, educaci\u00f3n y concientizaci\u00f3n, adem\u00e1s de la cooperaci\u00f3n internacional.<\/p>\n\n\n\n<p>Es por ello que se debe promover la conservaci\u00f3n y la eficiencia en el uso del agua. Esto incluye la implementaci\u00f3n de tecnolog\u00edas innovadoras para la recolecci\u00f3n, tratamiento y distribuci\u00f3n del agua, as\u00ed como la promoci\u00f3n de pr\u00e1cticas agr\u00edcolas e industriales m\u00e1s sostenibles.<\/p>\n\n\n\n<p>Asimismo, es fundamental invertir en infraestructura h\u00eddrica para garantizar el acceso equitativo al agua potable. Esto incluye la construcci\u00f3n de sistemas de distribuci\u00f3n de agua, plantas de tratamiento de aguas residuales y sistemas de captaci\u00f3n de agua de lluvia. Estas inversiones no solo mejoran el acceso al agua potable, sino que tambi\u00e9n generan empleo y estimulan el crecimiento econ\u00f3mico.<\/p>\n\n\n\n<p>Un ejemplo de ello lo podemos ver en Singapur, naci\u00f3n que ha implementado una estrategia integral para garantizar la seguridad h\u00eddrica, incluyendo la diversificaci\u00f3n de fuentes de agua, la reutilizaci\u00f3n de aguas residuales tratadas y la inversi\u00f3n en tecnolog\u00eda para el tratamiento del agua. Estas pol\u00edticas han permitido al pa\u00eds superar su escasez de agua potable y convertirse en un l\u00edder mundial en la gesti\u00f3n del agua.<\/p>\n\n\n\n<p>Por su parte, Australia enfrent\u00f3 una grave sequ\u00eda en la d\u00e9cada de 2000, lo que llev\u00f3 a importantes reformas en la gesti\u00f3n de recursos h\u00eddricos. Estas reformas incluyeron la implementaci\u00f3n de esquemas de asignaci\u00f3n de agua basados en el mercado, la promoci\u00f3n de la eficiencia en el uso del agua y la inversi\u00f3n en infraestructura para la captaci\u00f3n y almacenamiento de agua. Como resultado, Australia logr\u00f3 mejorar la gesti\u00f3n de sus recursos h\u00eddricos y construir una mayor resiliencia frente a la sequ\u00eda.<\/p>\n\n\n\n<p>Desde luego, las pol\u00edticas p\u00fablicas deben incluir programas de educaci\u00f3n y concientizaci\u00f3n sobre la importancia del agua potable y la necesidad de conservar este recurso vital. Esto puede incluir campa\u00f1as de sensibilizaci\u00f3n en escuelas, comunidades y medios de comunicaci\u00f3n para promover el uso responsable del agua y la adopci\u00f3n de pr\u00e1cticas de conservaci\u00f3n.<\/p>\n\n\n\n<p>Al respecto, no puede escapar la importancia de tomar acci\u00f3n en nuestra naci\u00f3n, ya que no es para menos saber que en la Ciudad de M\u00e9xico, el 26 por ciento de sus habitantes no cuentan con este servicio suficiente; en el norte, principalmente en Nuevo Le\u00f3n, y en algunas partes del centro del pa\u00eds se sufre una grave sequ\u00eda. En el \u00e1mbito estatal, datos de la CONAGUA se\u00f1alan que 47% de los municipios de Puebla presentan sequ\u00eda.<\/p>\n\n\n\n<p>Es as\u00ed que este D\u00eda Mundial del Agua es una ocasi\u00f3n importante para reflexionar sobre nuestro papel en la preservaci\u00f3n y protecci\u00f3n de este recurso vital, adem\u00e1s de instar a los entes p\u00fablicos a actuar a trav\u00e9s de iniciativas de acceso equitativo al agua potable para contribuir de manera significativa a garantizar un suministro seguro y sostenible del vital l\u00edquido para las generaciones presentes y futuras.<\/p>\n","protected":false},"excerpt":{"rendered":"<p>Por Fernando Manzanilla Prieto El acceso al agua potable es un derecho humano fundamental, sin embargo, a pesar de su [&hellip;]<\/p>\n","protected":false},"author":1,"featured_media":70981,"comment_status":"open","ping_status":"open","sticky":false,"template":"","format":"standard","meta":{"site-sidebar-layout":"default","site-content-layout":"","ast-site-content-layout":"default","site-content-style":"default","site-sidebar-style":"default","ast-global-header-display":"","ast-banner-title-visibility":"","ast-main-header-display":"","ast-hfb-above-header-display":"","ast-hfb-below-header-display":"","ast-hfb-mobile-header-display":"","site-post-title":"","ast-breadcrumbs-content":"","ast-featured-img":"","footer-sml-layout":"","theme-transparent-header-meta":"","adv-header-id-meta":"","stick-header-meta":"","header-above-stick-meta":"","header-main-stick-meta":"","header-below-stick-meta":"","astra-migrate-meta-layouts":"default","ast-page-background-enabled":"default","ast-page-background-meta":{"desktop":{"background-color":"var(--ast-global-color-4)","background-image":"","background-repeat":"repeat","background-position":"center center","background-size":"auto","background-attachment":"scroll","background-type":"","background-media":"","overlay-type":"","overlay-color":"","overlay-opacity":"","overlay-gradient":""},"tablet":{"background-color":"","background-image":"","background-repeat":"repeat","background-position":"center center","background-size":"auto","background-attachment":"scroll","background-type":"","background-media":"","overlay-type":"","overlay-color":"","overlay-opacity":"","overlay-gradient":""},"mobile":{"background-color":"","background-image":"","background-repeat":"repeat","background-position":"center center","background-size":"auto","background-attachment":"scroll","background-type":"","background-media":"","overlay-type":"","overlay-color":"","overlay-opacity":"","overlay-gradient":""}},"ast-content-background-meta":{"desktop":{"background-color":"var(--ast-global-color-5)","background-image":"","background-repeat":"repeat","background-position":"center center","background-size":"auto","background-attachment":"scroll","background-type":"","background-media":"","overlay-type":"","overlay-color":"","overlay-opacity":"","overlay-gradient":""},"tablet":{"background-color":"var(--ast-global-color-5)","background-image":"","background-repeat":"repeat","background-position":"center center","background-size":"auto","background-attachment":"scroll","background-type":"","background-media":"","overlay-type":"","overlay-color":"","overlay-opacity":"","overlay-gradient":""},"mobile":{"background-color":"var(--ast-global-color-5)","background-image":"","background-repeat":"repeat","background-position":"center center","background-size":"auto","background-attachment":"scroll","background-type":"","background-media":"","overlay-type":"","overlay-color":"","overlay-opacity":"","overlay-gradient":""}},"footnotes":""},"categories":[24,8],"tags":[10102,5440,9036],"class_list":["post-70980","post","type-post","status-publish","format-standard","has-post-thumbnail","hentry","category-fernando-manzanilla","category-noticias","tag-agua-potable","tag-banco-mundial","tag-dia-mundial-del-agua"],"_links":{"self":[{"href":"https:\/\/losperiodistas.com.mx\/portal\/wp-json\/wp\/v2\/posts\/70980","targetHints":{"allow":["GET"]}}],"collection":[{"href":"https:\/\/losperiodistas.com.mx\/portal\/wp-json\/wp\/v2\/posts"}],"about":[{"href":"https:\/\/losperiodistas.com.mx\/portal\/wp-json\/wp\/v2\/types\/post"}],"author":[{"embeddable":true,"href":"https:\/\/losperiodistas.com.mx\/portal\/wp-json\/wp\/v2\/users\/1"}],"replies":[{"embeddable":true,"href":"https:\/\/losperiodistas.com.mx\/portal\/wp-json\/wp\/v2\/comments?post=70980"}],"version-history":[{"count":1,"href":"https:\/\/losperiodistas.com.mx\/portal\/wp-json\/wp\/v2\/posts\/70980\/revisions"}],"predecessor-version":[{"id":70982,"href":"https:\/\/losperiodistas.com.mx\/portal\/wp-json\/wp\/v2\/posts\/70980\/revisions\/70982"}],"wp:featuredmedia":[{"embeddable":true,"href":"https:\/\/losperiodistas.com.mx\/portal\/wp-json\/wp\/v2\/media\/70981"}],"wp:attachment":[{"href":"https:\/\/losperiodistas.com.mx\/portal\/wp-json\/wp\/v2\/media?parent=70980"}],"wp:term":[{"taxonomy":"category","embeddable":true,"href":"https:\/\/losperiodistas.com.mx\/portal\/wp-json\/wp\/v2\/categories?post=70980"},{"taxonomy":"post_tag","embeddable":true,"href":"https:\/\/losperiodistas.com.mx\/portal\/wp-json\/wp\/v2\/tags?post=70980"}],"curies":[{"name":"wp","href":"https:\/\/api.w.org\/{rel}","templated":true}]}}