{"id":709,"date":"2020-10-30T07:25:57","date_gmt":"2020-10-30T13:25:57","guid":{"rendered":"http:\/\/losperiodistas.com.mx\/portal\/?p=709"},"modified":"2020-10-30T07:25:57","modified_gmt":"2020-10-30T13:25:57","slug":"sicilia-cienfuegos-y-garcia-luna-nos-dicen-que-urge-comision-de-la-verdad-y-ayuda-internacional","status":"publish","type":"post","link":"https:\/\/losperiodistas.com.mx\/portal\/sicilia-cienfuegos-y-garcia-luna-nos-dicen-que-urge-comision-de-la-verdad-y-ayuda-internacional\/","title":{"rendered":"Sicilia: Cienfuegos y Garc\u00eda Luna nos dicen que urge Comisi\u00f3n de la Verdad y ayuda internacional"},"content":{"rendered":"\n<p><\/p>\n\n\n\n<p class=\"has-vivid-cyan-blue-color has-text-color has-medium-font-size\">GUADALUPE FUENTES L\u00d3PEZ\/ SINEMBARGO<\/p>\n\n\n\n<p><\/p>\n\n\n\n<p>Ciudad de M\u00e9xico, 30 de octubre (SinEmbargo).\u2013 Las detenciones de&nbsp;<strong>Genaro Garc\u00eda Luna<\/strong>&nbsp;y el&nbsp;<strong>General Salvador Cienfuegos Zepeda<\/strong>&nbsp;en Estados Unidos evidencian a un&nbsp;<strong>Estado mexicano corrompido<\/strong>&nbsp;desde hace varias d\u00e9cadas, incapaz de juzgarse a s\u00ed mismo por las redes de complicidad y simulaci\u00f3n, donde la \u00fanica soluci\u00f3n es crear una gran&nbsp;<strong>Comisi\u00f3n de la Verdad<\/strong>&nbsp;que llame a cuentas a servidores p\u00fablicos, consider\u00f3 el poeta y activista&nbsp;<strong>Javier Sicilia Zardain.<\/strong><\/p>\n\n\n\n<p>\u201cNecesitamos una gran Comisi\u00f3n de la Verdad con el apoyo internacional, como se ha hecho en otros pa\u00edses, y alinear todo el Estado en funci\u00f3n de esta Comisi\u00f3n para que termine en procesos judiciales\u201d, dijo en entrevista con&nbsp;<strong>SinEmbargo<\/strong>. \u201cLa justicia transicional es el traslado de un Estado criminal a uno de Derecho. No basta con la buena voluntad del Presidente y su discurso\u201d.<img fetchpriority=\"high\" decoding=\"async\" src=\"https:\/\/www.sinembargo.mx\/wp-content\/uploads\/2020\/10\/cienfuegos-1-2-1.jpg\" alt=\"CIENFUEGOS-SEDENA\" width=\"700\" height=\"1049\" srcset=\"https:\/\/www.sinembargo.mx\/wp-content\/uploads\/2020\/10\/cienfuegos-1-2-1.jpg 700w, https:\/\/www.sinembargo.mx\/wp-content\/uploads\/2020\/10\/cienfuegos-1-2-1-200x300.jpg 200w\"><\/p>\n\n\n\n<p>En la imagen, el General Cienfuegos, extitular de la Secretar\u00eda de la Defensa Nacional en el sexenio de Enrique Pe\u00f1a Nieto, hoy acusado de narcotr\u00e1fico en Estados Unidos. Foto: Mario Jasso, Cuartoscuro<img decoding=\"async\" src=\"https:\/\/www.sinembargo.mx\/wp-content\/uploads\/2020\/10\/sedena-epn.jpg\" alt=\"\"><\/p>\n\n\n\n<h4 class=\"wp-block-heading\"><a href=\"https:\/\/www.sinembargo.mx\/26-10-2020\/3882181\">VER M\u00c1S<\/a><\/h4>\n\n\n\n<h5 class=\"wp-block-heading\"><a href=\"https:\/\/www.sinembargo.mx\/26-10-2020\/3882181\" target=\"_blank\" rel=\"noreferrer noopener\">Los nexos peligrosos no fue lo \u00fanico: el manejo de Sedena con Cienfuegos tampoco ol\u00eda bien<\/a><\/h5>\n\n\n\n<p>El tambi\u00e9n fundador del Movimiento por la Paz con Justicia y Dignidad, destac\u00f3 que la captura de Cienfuegos, quien fue titular de la Secretar\u00eda de la Defensa Nacional en el sexenio de Enrique Pe\u00f1a Nieto, es un llamado de atenci\u00f3n para el actual Gobierno federal y una oportunidad para \u201chacer una verdadera limpia del propio Ej\u00e9rcito para darle credibilidad. Que empiecen a enjuiciar a quienes est\u00e9n coludidos con todo esto\u201d.<\/p>\n\n\n\n<p>Salvador Cienfuegos fue detenido el pasado 15 de octubre en Estados Unidos por presuntos v\u00ednculos con el narcotr\u00e1fico y lavado de dinero. Los cr\u00edmenes, seg\u00fan la acusaci\u00f3n, se habr\u00edan cometido de 2015 a 2017 cuando el General estaba al frente de la Secretar\u00eda de la Defensa Nacional.<\/p>\n\n\n\n<p>Para el activista Javier Sicilia, las detenciones de Garc\u00eda Luna (exsecretario de Seguridad) y Cienfuegos, altos funcionarios en los sexenios de Felipe Calder\u00f3n Hinojosa y Enrique Pe\u00f1a, respectivamente, muestran que \u201cel Estado est\u00e1 muy corrompido y coludido con el crimen organizado\u201d.<\/p>\n\n\n\n<p>En el tema de la violencia en M\u00e9xico, que al corte de septiembre ha dejado 2 mil 315 homicidios dolosos, el poeta Javier Sicilia calific\u00f3 como un fracaso el papel que ha desempe\u00f1ado Alfonso Durazo Monta\u00f1o, Secretario de Seguridad y Protecci\u00f3n Ciudadana quien dejar\u00e1 su cargo en los pr\u00f3ximos d\u00edas.<\/p>\n\n\n\n<blockquote class=\"wp-block-quote is-layout-flow wp-block-quote-is-layout-flow\"><p>\u201cEs un enorme fracaso y una enorme simulaci\u00f3n porque simplemente en estos dos a\u00f1os en que estuvo a la cabeza de la Guardia Nacional tenemos 50 mil muertos, masacres por todos lados y un fuerte n\u00famero de desapariciones\u201d, describi\u00f3 el escritor de 64 a\u00f1os. \u201cEs una gesti\u00f3n desastrosa, llena de mentiras y tenemos incluso la verg\u00fcenza que fue el \u2018Culiacanazo\u2019. Es decir, la suma de su tarea deja mucho qu\u00e9 desear y mucho dolor y violencia\u201d.<\/p><\/blockquote>\n\n\n\n<p><img decoding=\"async\" src=\"https:\/\/www.sinembargo.mx\/wp-content\/uploads\/2020\/10\/sicilia-01.jpg\" alt=\"JAVIER-SICILIA\" width=\"700\" height=\"458\" srcset=\"https:\/\/www.sinembargo.mx\/wp-content\/uploads\/2020\/10\/sicilia-01.jpg 700w, https:\/\/www.sinembargo.mx\/wp-content\/uploads\/2020\/10\/sicilia-01-300x196.jpg 300w\"><\/p>\n\n\n\n<p>El poeta y activista Javier Sicilia considera que la creaci\u00f3n de una Comisi\u00f3n de la Verdad ayudar\u00e1 a llamar a cuentas a exfuncionarios. Foto: Cri Rodr\u00edguez, SinEmbargo<img decoding=\"async\" src=\"https:\/\/www.sinembargo.mx\/wp-content\/uploads\/2019\/12\/frase_sicilia.jpg\" alt=\"\"><\/p>\n\n\n\n<h4 class=\"wp-block-heading\"><a href=\"https:\/\/www.sinembargo.mx\/01-01-2020\/3702107\">VER M\u00c1S<\/a><\/h4>\n\n\n\n<h5 class=\"wp-block-heading\"><a href=\"https:\/\/www.sinembargo.mx\/01-01-2020\/3702107\">Si AMLO se abre, escucha y trabaja con todos puede terminar con la violencia y hacer historia: Sicilia<\/a><\/h5>\n\n\n\n<p>Sicilia, quien ha sido un activista desde el sexenio de Felipe Calder\u00f3n luego de que su hijo fue asesinado (2011) a manos del crimen organizado, ha cuestionado la actuaci\u00f3n de los gobiernos en materia de seguridad y en el primer a\u00f1o de Andr\u00e9s Manuel L\u00f3pez Obrador le envi\u00f3 tres cartas abiertas en las que le insisti\u00f3 en un cambio de paradigma para frenar la violencia.<\/p>\n\n\n\n<p>Javier Sicilia consider\u00f3 que para resolver el problema de la violencia debe haber voluntad pol\u00edtica por parte del Gobierno federal, la cual no ha habido hasta el momento.<\/p>\n\n\n\n<blockquote class=\"wp-block-quote is-layout-flow wp-block-quote-is-layout-flow\"><p>\u201cEl tema es hablar con el Presidente, pero si \u00e9l no est\u00e1 en la buena voluntad de entender la dimensi\u00f3n del problema que tiene el pa\u00eds y los mecanismos que tiene que echar a andar para poder transformarlo, pues podr\u00e1n poner al mejor hombre o mujer (en la Secretar\u00eda de Seguridad) y el tema no va a funcionar\u201d.<\/p><\/blockquote>\n\n\n\n<h1 class=\"wp-block-heading\"><strong>***<\/strong><\/h1>\n\n\n\n<p>\u2013En los pr\u00f3ximos d\u00edas Alfonso Durazo dejar\u00e1 oficialmente su cargo como Secretario de Seguridad y en este contexto, \u00bfc\u00f3mo eval\u00faa su paso por la Secretar\u00eda?<\/p>\n\n\n\n<p>&nbsp;\u2013Como un enorme fracaso y una enorme simulaci\u00f3n porque simplemente en estos dos a\u00f1os en que estuvo a la cabeza de la Guardia Nacional tenemos 50 mil muertos, masacres por todos lados y un fuerte n\u00famero de desapariciones. Es una gesti\u00f3n desastrosa, llena de mentiras y tenemos incluso la verg\u00fcenza que fue el \u201cCuliacanazo\u201d. Es decir, la suma de su tarea deja mucho qu\u00e9 desear y mucho dolor y violencia.<\/p>\n\n\n\n<p>\u2013Durazo declar\u00f3 en d\u00edas pasados&nbsp;que \u201cya no hay absolutamente ninguna \u00e1rea del dominio de alg\u00fan grupo criminal\u201d y puso como ejemplo que antes hab\u00eda zonas administradas y hasta gobernadas por el crimen organizado como en el Tri\u00e1ngulo Dorado que lo controlaba el C\u00e1rtel de Sinaloa. \u00bfQu\u00e9 piensa de esto?<\/p>\n\n\n\n<blockquote class=\"wp-block-quote is-layout-flow wp-block-quote-is-layout-flow\"><p>\u2013Es una gran mentira, es un desvergonzado, lo mejor es que se calle y que salga discretamente (de la Secretar\u00eda) porque ah\u00ed est\u00e1n los datos y ah\u00ed est\u00e1 tambi\u00e9n la expresi\u00f3n del estado delincuencial que ahora administra la 4T.<\/p><\/blockquote>\n\n\n\n<p><img decoding=\"async\" src=\"https:\/\/www.sinembargo.mx\/wp-content\/uploads\/2020\/10\/prd_justicia_y_dignidad-1.jpg\" alt=\"SICILIA-AMLO\" width=\"700\" height=\"665\" srcset=\"https:\/\/www.sinembargo.mx\/wp-content\/uploads\/2020\/10\/prd_justicia_y_dignidad-1.jpg 700w, https:\/\/www.sinembargo.mx\/wp-content\/uploads\/2020\/10\/prd_justicia_y_dignidad-1-300x285.jpg 300w\"><\/p>\n\n\n\n<p>Sicilia considera que el problema de la violencia solo se solucionar\u00e1 con la voluntad del Presidente. Foto: Juan Pablo Zamora, Cuartoscuro.<img decoding=\"async\" src=\"https:\/\/www.sinembargo.mx\/wp-content\/uploads\/2020\/10\/guardia-nacional.jpeg\" alt=\"\"><\/p>\n\n\n\n<h4 class=\"wp-block-heading\"><a href=\"https:\/\/www.sinembargo.mx\/29-10-2020\/3885230\">VER M\u00c1S<\/a><\/h4>\n\n\n\n<h5 class=\"wp-block-heading\"><a href=\"https:\/\/www.sinembargo.mx\/29-10-2020\/3885230\">El crimen organizado no tiene la capacidad de enfrentar a las fuerzas del Estado, afirma Durazo<\/a><\/h5>\n\n\n\n<p>Ah\u00ed est\u00e1 la detenci\u00f3n de Cienfuegos que pone en evidencia que el aparato de Estado est\u00e1 totalmente corrompido desde hace varias d\u00e9cadas y que ahora ha sido administrado por la 4T como anteriormente lo administraron priistas y panistas. El Estado est\u00e1 corrompido y por eso nuestra insistencia de lo que pact\u00f3 primeramente el Presidente con nosotros (v\u00edctimas) y despu\u00e9s le dio la espada, que es la justicia transicional con esos dos mecanismos de verdad y de justicia. Esto implica a todas las instituciones, el Estado es incapaz de juzgarse a s\u00ed mismo por las redes de complicidad y simulaci\u00f3n y como ejemplo estas detenciones de Genaro Garc\u00eda Luna y Salvador Cienfuegos.<\/p>\n\n\n\n<p>El cinismo con el que se expresa Durazo es una prueba clara de que esto est\u00e1 podrido y para resolverlo necesitamos meter toda la voluntad pol\u00edtica y toda la unidad de la Naci\u00f3n para construir mecanismos de verdad y de justicia. Fuera de eso no seguiremos acumulando muertos y ahora peor porque ya desmantelaron la \u00fanica conquista que hab\u00edamos hecho que es la Comisi\u00f3n de Atenci\u00f3n a V\u00edctimas. Lo que nos aguarda es un infierno.<img decoding=\"async\" src=\"https:\/\/www.sinembargo.mx\/wp-content\/uploads\/2020\/10\/ejercitono.jpg\" alt=\"\"><\/p>\n\n\n\n<h4 class=\"wp-block-heading\"><a href=\"https:\/\/www.sinembargo.mx\/24-10-2020\/3882280\">VER M\u00c1S<\/a><\/h4>\n\n\n\n<h5 class=\"wp-block-heading\"><a href=\"https:\/\/www.sinembargo.mx\/24-10-2020\/3882280\" target=\"_blank\" rel=\"noreferrer noopener\">General Gallardo: La tropa est\u00e1 \u201cdescontenta y frustrada\u201d, lo de Cienfuegos es \u201cmuy delicado\u201d<\/a><\/h5>\n\n\n\n<p>&nbsp;\u2013\u00bfCu\u00e1l ser\u00eda la persona indicada para ser Secretario de Seguridad?, \u00bfqu\u00e9 cualidades debe tener y qu\u00e9 deber\u00eda hacer una vez estando al frente de la dependencia?<\/p>\n\n\n\n<p>\u2013Como las instituciones est\u00e1n tan corrompidas, no basta la persona id\u00f3nea, es la estructura la que tiene que ser transformada, por eso insisto en esas condiciones, es decir, uno puede tener a la mejor persona, pero si la instituci\u00f3n no est\u00e1 sana o no hay voluntad pol\u00edtica, no va a operar bien. Un claro ejemplo es la Comisi\u00f3n de Atenci\u00f3n a V\u00edctimas, han cambiado titulares y yo puedo decir que Mara G\u00f3mez fue una buena titular, pero no hab\u00eda condiciones ni por parte del Presidente ni por parte de Gobernaci\u00f3n para que el aparato se limpiara.<\/p>\n\n\n\n<p>Podr\u00e1n poner al mejor hombre y mujer en el cargo que va a dejar Durazo y esto no va a funcionar porque esto funciona a trav\u00e9s de un mecanismo de limpieza del pa\u00eds y eso implica el mecanismo de justicia transicional.<img decoding=\"async\" src=\"https:\/\/www.sinembargo.mx\/wp-content\/uploads\/2020\/10\/image-2020-10-20-173842.jpg\" alt=\"\"><\/p>\n\n\n\n<h4 class=\"wp-block-heading\"><a href=\"https:\/\/www.sinembargo.mx\/21-10-2020\/3878621\">VER M\u00c1S<\/a><\/h4>\n\n\n\n<h5 class=\"wp-block-heading\"><a href=\"https:\/\/www.sinembargo.mx\/21-10-2020\/3878621\" target=\"_blank\" rel=\"noreferrer noopener\">El caso Cienfuegos le abre a AMLO la puerta para limpiar a Ej\u00e9rcito, pol\u00edtica y Estado, dice Buscaglia<\/a><\/h5>\n\n\n\n<p>&nbsp;\u2013\u00bfComo sociedad civil se acercar\u00e1n al nuevo titular de la Secretar\u00eda de Seguridad?<\/p>\n\n\n\n<p>\u2013El problema no est\u00e1 en hablar con el titular de la Secretar\u00eda porque por desgracia este pa\u00eds descansa en la voluntad del Presidente, entonces el tema es hablar con el Presidente, pero si \u00e9l no est\u00e1 en la buena voluntad de entender la dimensi\u00f3n del problema que tiene el pa\u00eds y los mecanismos que tiene que echar a andar para poder transformar realmente este pa\u00eds, pues podr\u00e1n poner al mejor hombre o mujer y el tema no va a funcionar.<\/p>\n\n\n\n<p>\u2013El caso de Cienfuegos evidenci\u00f3 la intromisi\u00f3n del crimen organizado en el Ej\u00e9rcito, \u00bfqu\u00e9 representa la detenci\u00f3n de un extitular de la Sedena?, \u00bfc\u00f3mo deja al Ej\u00e9rcito?<\/p>\n\n\n\n<blockquote class=\"wp-block-quote is-layout-flow wp-block-quote-is-layout-flow\"><p>\u2013Es un llamado de atenci\u00f3n profundo, si realmente est\u00e1n en una buena disposici\u00f3n es el momento de presentar un franco de honestidad y hacer una verdadera limpia del propio Ej\u00e9rcito para darle credibilidad. La sospecha que cae sobre ellos y sobre el Estado entero exige que tomen un acto de honestidad las partes sanas del Ej\u00e9rcito, que las hay, y empiecen a enjuiciar a quienes est\u00e9n coludidos con todo esto. Por eso necesitamos un mecanismo de verdad y justicia que vaya m\u00e1s all\u00e1 del Estado.<\/p><\/blockquote>\n\n\n\n<p><img decoding=\"async\" src=\"https:\/\/www.sinembargo.mx\/wp-content\/uploads\/2020\/10\/fecal_marga_luna.jpg\" alt=\"\"><\/p>\n\n\n\n<h4 class=\"wp-block-heading\"><a href=\"https:\/\/www.sinembargo.mx\/09-10-2020\/3873918\">VER M\u00c1S<\/a><\/h4>\n\n\n\n<h5 class=\"wp-block-heading\"><a href=\"https:\/\/www.sinembargo.mx\/09-10-2020\/3873918\" target=\"_blank\" rel=\"noreferrer noopener\">Garc\u00eda Luna so\u00f1aba con volver al poder a trav\u00e9s de M\u00e9xico Libre, dice periodista que lo investig\u00f3<\/a><\/h5>\n\n\n\n<p>\u2013\u00bfQu\u00e9 debe hacer el Gobierno para que ya no haya m\u00e1s Cienfuegos ni Garc\u00edas Lunas en el poder?<\/p>\n\n\n\n<p>\u2013Necesitamos una gran Comisi\u00f3n de la Verdad con el apoyo internacional, como se ha hecho en otros pa\u00edses, y alinear todo el Estado en funci\u00f3n de esta Comisi\u00f3n y que termine en procesos judiciales. La justicia trasicional es el traslado de un Estado criminal a uno de Derecho. No basta con la buena voluntad del Presidente y su discurso. No basta con las mentiras que nos ha acostumbrado el Presidente, Durazo y ahora L\u00f3pez-Gatell para que las cosas cambien. Lo que nos est\u00e1 mostrando la realidad es que el Estado est\u00e1 muy corrompido y coludido con el crimen organizado.<\/p>\n\n\n\n<p>Fuente: https:\/\/www.sinembargo.mx\/30-10-2020\/3884556<\/p>\n","protected":false},"excerpt":{"rendered":"<p>GUADALUPE FUENTES L\u00d3PEZ\/ SINEMBARGO Ciudad de M\u00e9xico, 30 de octubre (SinEmbargo).\u2013 Las detenciones de&nbsp;Genaro Garc\u00eda Luna&nbsp;y el&nbsp;General Salvador Cienfuegos Zepeda&nbsp;en [&hellip;]<\/p>\n","protected":false},"author":1,"featured_media":710,"comment_status":"open","ping_status":"open","sticky":false,"template":"","format":"standard","meta":{"site-sidebar-layout":"default","site-content-layout":"","ast-site-content-layout":"default","site-content-style":"default","site-sidebar-style":"default","ast-global-header-display":"","ast-banner-title-visibility":"","ast-main-header-display":"","ast-hfb-above-header-display":"","ast-hfb-below-header-display":"","ast-hfb-mobile-header-display":"","site-post-title":"","ast-breadcrumbs-content":"","ast-featured-img":"","footer-sml-layout":"","theme-transparent-header-meta":"","adv-header-id-meta":"","stick-header-meta":"","header-above-stick-meta":"","header-main-stick-meta":"","header-below-stick-meta":"","astra-migrate-meta-layouts":"default","ast-page-background-enabled":"default","ast-page-background-meta":{"desktop":{"background-color":"var(--ast-global-color-4)","background-image":"","background-repeat":"repeat","background-position":"center center","background-size":"auto","background-attachment":"scroll","background-type":"","background-media":"","overlay-type":"","overlay-color":"","overlay-opacity":"","overlay-gradient":""},"tablet":{"background-color":"","background-image":"","background-repeat":"repeat","background-position":"center center","background-size":"auto","background-attachment":"scroll","background-type":"","background-media":"","overlay-type":"","overlay-color":"","overlay-opacity":"","overlay-gradient":""},"mobile":{"background-color":"","background-image":"","background-repeat":"repeat","background-position":"center center","background-size":"auto","background-attachment":"scroll","background-type":"","background-media":"","overlay-type":"","overlay-color":"","overlay-opacity":"","overlay-gradient":""}},"ast-content-background-meta":{"desktop":{"background-color":"var(--ast-global-color-5)","background-image":"","background-repeat":"repeat","background-position":"center center","background-size":"auto","background-attachment":"scroll","background-type":"","background-media":"","overlay-type":"","overlay-color":"","overlay-opacity":"","overlay-gradient":""},"tablet":{"background-color":"var(--ast-global-color-5)","background-image":"","background-repeat":"repeat","background-position":"center center","background-size":"auto","background-attachment":"scroll","background-type":"","background-media":"","overlay-type":"","overlay-color":"","overlay-opacity":"","overlay-gradient":""},"mobile":{"background-color":"var(--ast-global-color-5)","background-image":"","background-repeat":"repeat","background-position":"center center","background-size":"auto","background-attachment":"scroll","background-type":"","background-media":"","overlay-type":"","overlay-color":"","overlay-opacity":"","overlay-gradient":""}},"footnotes":""},"categories":[8],"tags":[],"class_list":["post-709","post","type-post","status-publish","format-standard","has-post-thumbnail","hentry","category-noticias"],"_links":{"self":[{"href":"https:\/\/losperiodistas.com.mx\/portal\/wp-json\/wp\/v2\/posts\/709","targetHints":{"allow":["GET"]}}],"collection":[{"href":"https:\/\/losperiodistas.com.mx\/portal\/wp-json\/wp\/v2\/posts"}],"about":[{"href":"https:\/\/losperiodistas.com.mx\/portal\/wp-json\/wp\/v2\/types\/post"}],"author":[{"embeddable":true,"href":"https:\/\/losperiodistas.com.mx\/portal\/wp-json\/wp\/v2\/users\/1"}],"replies":[{"embeddable":true,"href":"https:\/\/losperiodistas.com.mx\/portal\/wp-json\/wp\/v2\/comments?post=709"}],"version-history":[{"count":1,"href":"https:\/\/losperiodistas.com.mx\/portal\/wp-json\/wp\/v2\/posts\/709\/revisions"}],"predecessor-version":[{"id":711,"href":"https:\/\/losperiodistas.com.mx\/portal\/wp-json\/wp\/v2\/posts\/709\/revisions\/711"}],"wp:featuredmedia":[{"embeddable":true,"href":"https:\/\/losperiodistas.com.mx\/portal\/wp-json\/wp\/v2\/media\/710"}],"wp:attachment":[{"href":"https:\/\/losperiodistas.com.mx\/portal\/wp-json\/wp\/v2\/media?parent=709"}],"wp:term":[{"taxonomy":"category","embeddable":true,"href":"https:\/\/losperiodistas.com.mx\/portal\/wp-json\/wp\/v2\/categories?post=709"},{"taxonomy":"post_tag","embeddable":true,"href":"https:\/\/losperiodistas.com.mx\/portal\/wp-json\/wp\/v2\/tags?post=709"}],"curies":[{"name":"wp","href":"https:\/\/api.w.org\/{rel}","templated":true}]}}