{"id":7049,"date":"2021-04-18T13:07:11","date_gmt":"2021-04-18T18:07:11","guid":{"rendered":"http:\/\/losperiodistas.com.mx\/portal\/?p=7049"},"modified":"2021-04-18T13:07:32","modified_gmt":"2021-04-18T18:07:32","slug":"reconciliacion","status":"publish","type":"post","link":"https:\/\/losperiodistas.com.mx\/portal\/reconciliacion\/","title":{"rendered":"Reconciliaci\u00f3n"},"content":{"rendered":"\n<p><\/p>\n\n\n\n<figure class=\"wp-block-embed is-type-video is-provider-youtube wp-block-embed-youtube wp-embed-aspect-16-9 wp-has-aspect-ratio\"><div class=\"wp-block-embed__wrapper\">\n<iframe title=\"Reconciliaci\u00f3n\" width=\"500\" height=\"281\" src=\"https:\/\/www.youtube.com\/embed\/OdPMoIfxVhw?feature=oembed\" frameborder=\"0\" allow=\"accelerometer; autoplay; clipboard-write; encrypted-media; gyroscope; picture-in-picture; web-share\" referrerpolicy=\"strict-origin-when-cross-origin\" allowfullscreen><\/iframe>\n<\/div><\/figure>\n\n\n\n<p class=\"has-vivid-cyan-blue-color has-text-color\" style=\"font-size:26px\"><em>Por Jes\u00fas Manuel Hern\u00e1ndez<\/em><\/p>\n\n\n\n<p>A siete semanas del proceso electoral m\u00e1s importante de M\u00e9xico, seg\u00fan muchos especialistas, y en un escenario de fuerte desgaste de las instituciones y altibajos en la econom\u00eda, el presidente L\u00f3pez Obrador parece dar signos de reconciliaci\u00f3n.<\/p>\n\n\n\n<p>Mucho se ha escrito en los medios financieros nacionales y extranjeros sobre la separaci\u00f3n, el alejamiento, del sector privado con el inquilino de Palacio Nacional.<\/p>\n\n\n\n<p>Dos de los hombres con m\u00e1s poder de convocatoria empresarial se hab\u00edan mantenido un tanto alejados, uno m\u00e1s que otro. Y los observadores han hecho repetidos se\u00f1alamientos sobre la problem\u00e1tica de este alejamiento, de esta separaci\u00f3n que ahuyenta a los inversionistas.<\/p>\n\n\n\n<p>Confrontaci\u00f3n con el INE y su titular, descalificaci\u00f3n de sus decisiones, enojo por la bajada de candidatos de MORENA en Guerrero y Michoac\u00e1n, activismo desgastante y polarizador que sirvieron de marco para cambiar la ley del outsourcing y la reforma a la Ley Org\u00e1nica del Poder Judicial de la Federaci\u00f3n, ampliando en dos a\u00f1os la presidencia de Arturo Zald\u00edvar y seis miembros de la Judicatura, una especie de maniobra de L\u00f3pez Obrador para \u201ccubrirse\u201d la espalda.<\/p>\n\n\n\n<p>Todo ello sumado a las repetidas cr\u00edticas a los empresarios e inversionistas extranjeros, espa\u00f1oles principalmente, m\u00e1s la militarizaci\u00f3n de las fronteras para cumplir con el compromiso ante Joe Biden por aquello de las vacunas que llegan como \u201canillo al dedo\u201d para tiempos electorales.<\/p>\n\n\n\n<p>Pero L\u00f3pez Obrador no ha tenido un acercamiento serio, que d\u00e9 se\u00f1ales de buenas intenciones con los empresarios mexicanos.<\/p>\n\n\n\n<p>Quiz\u00e1 por eso la divulgaci\u00f3n de la fotograf\u00eda en la cuenta de Twitter del presidente a un lado de Carlos Slim, sin duda uno de los dos m\u00e1s influyentes empresarios mexicanos.<\/p>\n\n\n\n<p>Vestidos con panatl\u00f3n oscuro, guayaberas de lino, huaraches para el presidente y mocasines para Slim, la foto en blanco y negro pudiera ser una peque\u00f1a se\u00f1al del futuro inmediato.<\/p>\n\n\n\n<p>Seg\u00fan el propio L\u00f3pez Obrador desayun\u00f3 con el ingeniero para revisar y comentar la construcci\u00f3n del tramo 2 del Tren Maya por una de las empresas de Slim, afectada por la cancelaci\u00f3n del NAIM.<\/p>\n\n\n\n<p>Es obvio que esos asuntos de construcci\u00f3n corresponder\u00edan m\u00e1s a los especialistas, a los t\u00e9cnicos, a los ingenieros que se hacen cargo de la obra, no a Carlos Slim.<\/p>\n\n\n\n<p>Por tanto es v\u00e1lida la especulaci\u00f3n de que realmente la reuni\u00f3n habr\u00eda sido para tratar asuntos del pa\u00eds, enfrentamientos, aclaraciones y quiz\u00e1 una especie de tender puente de plata a los dem\u00e1s inversionistas.<\/p>\n\n\n\n<p>Hay por ah\u00ed un agravio que no acaba de tener disculpas presidenciales, la confrontaci\u00f3n con Jos\u00e9 Antonio Fern\u00e1ndez, \u201cEl Diablo\u201d, quien no deja de ser el empresario con m\u00e1s influencia entre sus pares en el norte del pa\u00eds.<\/p>\n\n\n\n<p>Vaya dilema del presidente, c\u00f3mo hacer para estar bien con Dios y con el Diablo, con la 4T y con los empresarios. C\u00f3mo reconciliar a los ofendidos.<\/p>\n\n\n\n<p>Quiz\u00e1 Slim haya opinado en este desayuno en la quinta de Palenque, el refugio escogido por el presidente para el retiro, sobre c\u00f3mo resolver la encrucijada de que, como suele decir, \u201cno es lo mismo ser borracho que cantinero\u201d.<\/p>\n\n\n\n<p>O por lo menos, as\u00ed me lo parece.<\/p>\n\n\n\n<p>losperiodistas.com.mx@gmail.com<\/p>\n\n\n\n<p><\/p>\n","protected":false},"excerpt":{"rendered":"<p>Por Jes\u00fas Manuel Hern\u00e1ndez A siete semanas del proceso electoral m\u00e1s importante de M\u00e9xico, seg\u00fan muchos especialistas, y en un [&hellip;]<\/p>\n","protected":false},"author":1,"featured_media":7050,"comment_status":"open","ping_status":"open","sticky":false,"template":"","format":"standard","meta":{"site-sidebar-layout":"default","site-content-layout":"","ast-site-content-layout":"default","site-content-style":"default","site-sidebar-style":"default","ast-global-header-display":"","ast-banner-title-visibility":"","ast-main-header-display":"","ast-hfb-above-header-display":"","ast-hfb-below-header-display":"","ast-hfb-mobile-header-display":"","site-post-title":"","ast-breadcrumbs-content":"","ast-featured-img":"","footer-sml-layout":"","theme-transparent-header-meta":"","adv-header-id-meta":"","stick-header-meta":"","header-above-stick-meta":"","header-main-stick-meta":"","header-below-stick-meta":"","astra-migrate-meta-layouts":"default","ast-page-background-enabled":"default","ast-page-background-meta":{"desktop":{"background-color":"var(--ast-global-color-4)","background-image":"","background-repeat":"repeat","background-position":"center center","background-size":"auto","background-attachment":"scroll","background-type":"","background-media":"","overlay-type":"","overlay-color":"","overlay-opacity":"","overlay-gradient":""},"tablet":{"background-color":"","background-image":"","background-repeat":"repeat","background-position":"center center","background-size":"auto","background-attachment":"scroll","background-type":"","background-media":"","overlay-type":"","overlay-color":"","overlay-opacity":"","overlay-gradient":""},"mobile":{"background-color":"","background-image":"","background-repeat":"repeat","background-position":"center center","background-size":"auto","background-attachment":"scroll","background-type":"","background-media":"","overlay-type":"","overlay-color":"","overlay-opacity":"","overlay-gradient":""}},"ast-content-background-meta":{"desktop":{"background-color":"var(--ast-global-color-5)","background-image":"","background-repeat":"repeat","background-position":"center center","background-size":"auto","background-attachment":"scroll","background-type":"","background-media":"","overlay-type":"","overlay-color":"","overlay-opacity":"","overlay-gradient":""},"tablet":{"background-color":"var(--ast-global-color-5)","background-image":"","background-repeat":"repeat","background-position":"center center","background-size":"auto","background-attachment":"scroll","background-type":"","background-media":"","overlay-type":"","overlay-color":"","overlay-opacity":"","overlay-gradient":""},"mobile":{"background-color":"var(--ast-global-color-5)","background-image":"","background-repeat":"repeat","background-position":"center center","background-size":"auto","background-attachment":"scroll","background-type":"","background-media":"","overlay-type":"","overlay-color":"","overlay-opacity":"","overlay-gradient":""}},"footnotes":""},"categories":[8,5],"tags":[1083,1085,1084],"class_list":["post-7049","post","type-post","status-publish","format-standard","has-post-thumbnail","hentry","category-noticias","category-por-soleares","tag-carlos-slim-dialogo-amlo","tag-el-diablo-fernandez","tag-empresarios-mexicanos-alejados-amlo"],"_links":{"self":[{"href":"https:\/\/losperiodistas.com.mx\/portal\/wp-json\/wp\/v2\/posts\/7049","targetHints":{"allow":["GET"]}}],"collection":[{"href":"https:\/\/losperiodistas.com.mx\/portal\/wp-json\/wp\/v2\/posts"}],"about":[{"href":"https:\/\/losperiodistas.com.mx\/portal\/wp-json\/wp\/v2\/types\/post"}],"author":[{"embeddable":true,"href":"https:\/\/losperiodistas.com.mx\/portal\/wp-json\/wp\/v2\/users\/1"}],"replies":[{"embeddable":true,"href":"https:\/\/losperiodistas.com.mx\/portal\/wp-json\/wp\/v2\/comments?post=7049"}],"version-history":[{"count":2,"href":"https:\/\/losperiodistas.com.mx\/portal\/wp-json\/wp\/v2\/posts\/7049\/revisions"}],"predecessor-version":[{"id":7052,"href":"https:\/\/losperiodistas.com.mx\/portal\/wp-json\/wp\/v2\/posts\/7049\/revisions\/7052"}],"wp:featuredmedia":[{"embeddable":true,"href":"https:\/\/losperiodistas.com.mx\/portal\/wp-json\/wp\/v2\/media\/7050"}],"wp:attachment":[{"href":"https:\/\/losperiodistas.com.mx\/portal\/wp-json\/wp\/v2\/media?parent=7049"}],"wp:term":[{"taxonomy":"category","embeddable":true,"href":"https:\/\/losperiodistas.com.mx\/portal\/wp-json\/wp\/v2\/categories?post=7049"},{"taxonomy":"post_tag","embeddable":true,"href":"https:\/\/losperiodistas.com.mx\/portal\/wp-json\/wp\/v2\/tags?post=7049"}],"curies":[{"name":"wp","href":"https:\/\/api.w.org\/{rel}","templated":true}]}}