{"id":7033,"date":"2021-04-18T09:59:50","date_gmt":"2021-04-18T14:59:50","guid":{"rendered":"http:\/\/losperiodistas.com.mx\/portal\/?p=7033"},"modified":"2021-04-18T10:17:56","modified_gmt":"2021-04-18T15:17:56","slug":"joe-biden-quiere-enterrar-40-anos-de-hegemonia-neoliberal","status":"publish","type":"post","link":"https:\/\/losperiodistas.com.mx\/portal\/joe-biden-quiere-enterrar-40-anos-de-hegemonia-neoliberal\/","title":{"rendered":"Joe Biden quiere enterrar 40 a\u00f1os de hegemon\u00eda neoliberal | El Pa\u00eds"},"content":{"rendered":"\n<p class=\"has-vivid-cyan-blue-color has-text-color\" style=\"font-size:18px\"><em>El presidente de Estados Unidos es m\u00e1s ambicioso que los l\u00edderes europeos en buscar soluciones para reactivar la econom\u00eda con un programa de est\u00edmulos sin precedentes<\/em><\/p>\n\n\n\n<figure class=\"wp-block-image size-large\"><img fetchpriority=\"high\" decoding=\"async\" width=\"1024\" height=\"788\" src=\"https:\/\/losperiodistas.com.mx\/portal\/wp-content\/uploads\/2021\/04\/Captura-de-Pantalla-2021-04-18-a-las-9.53.33-1024x788.jpg\" alt=\"\" class=\"wp-image-7034\" srcset=\"https:\/\/losperiodistas.com.mx\/portal\/wp-content\/uploads\/2021\/04\/Captura-de-Pantalla-2021-04-18-a-las-9.53.33-1024x788.jpg 1024w, https:\/\/losperiodistas.com.mx\/portal\/wp-content\/uploads\/2021\/04\/Captura-de-Pantalla-2021-04-18-a-las-9.53.33-300x231.jpg 300w, https:\/\/losperiodistas.com.mx\/portal\/wp-content\/uploads\/2021\/04\/Captura-de-Pantalla-2021-04-18-a-las-9.53.33-768x591.jpg 768w, https:\/\/losperiodistas.com.mx\/portal\/wp-content\/uploads\/2021\/04\/Captura-de-Pantalla-2021-04-18-a-las-9.53.33.jpg 1304w\" sizes=\"(max-width: 1024px) 100vw, 1024px\" \/><\/figure>\n\n\n\n<p><\/p>\n\n\n\n<p class=\"has-vivid-cyan-blue-color has-text-color has-medium-font-size\">CLAUDI P\u00c9REZ \/ Madrid \/ EL PA\u00cdS<\/p>\n\n\n\n<p>La&nbsp;<a href=\"https:\/\/elpais.com\/economia\/\" target=\"_blank\" rel=\"noreferrer noopener\">econom\u00eda&nbsp;<\/a>es un g\u00e9nero arr\u00edtmico, casi \u00adjazzero. Funciona a un ritmo imposible de bailar: despacio, m\u00e1s despacio, s\u00fabito pandemonio cuando llega la crisis, y siempre llega. Ese zigzagueo se da incluso en el terreno de las ideas: todos los grandes movimientos de pol\u00edtica econ\u00f3mica van seguidos de corrientes en sentido contrario, golpe-contragolpe, avance-retroceso, herej\u00eda-apostas\u00eda. La tercera ley de Newton \u2014a cada acci\u00f3n se opone siempre una reacci\u00f3n\u2014 ha tenido un correlato casi perfecto en la econom\u00eda pol\u00edtica del \u00faltimo siglo. A la Gran Depresi\u00f3n le sigui\u00f3 el consenso keynesiano, una revoluci\u00f3n pasiva del capitalismo para corregir los excesos del&nbsp;<em>laissez faire<\/em>&nbsp;que dej\u00f3 30 a\u00f1os gloriosos. Cuando se agot\u00f3 esa onda, con la fea enfermedad econ\u00f3mica de los a\u00f1os setenta que combinaba estancamiento econ\u00f3mico y elevada inflaci\u00f3n, se presentaron Ronald Reagan, Margaret Thatcher y su revoluci\u00f3n conservadora, un neoliberalismo que pr\u00e1cticamente cab\u00eda en una servilleta de c\u00f3ctel \u2014la archifamosa curva de Laffer\u2014 y en un dec\u00e1logo llamado Consenso de Washington, que se resume en desregulaciones, menos impuestos, privatizaciones, globalizaci\u00f3n y, en fin, el poder magn\u00e9tico de los mercados eficientes por encima de casi todas las cosas. La revoluci\u00f3n conservadora ha resistido entre nosotros con distintos ropajes; su \u00faltima evoluci\u00f3n es el trumpismo, pero antes cal\u00f3 tambi\u00e9n incluso en la socialdemocracia, especialmente con la charlataner\u00eda asociada a la Tercera V\u00eda, o en el ordoliberalismo alem\u00e1n de Merkel y compa\u00f1\u00eda. En esas lleg\u00f3 la Gran Recesi\u00f3n y su&nbsp;<a href=\"https:\/\/elpais.com\/sociedad\/crisis-del-coronavirus\/\" target=\"_blank\" rel=\"noreferrer noopener\">coda l\u00fagubre en forma de Gran Confinamiento<\/a>. Todas las grandes crisis terminan provocando sacudidas pol\u00edticas, y esta no iba a ser menos: un aire de cambio de r\u00e9gimen flota en la pol\u00edtica econ\u00f3mica global.<\/p>\n\n\n\n<p>El art\u00edfice de esa convulsi\u00f3n es un se\u00f1or de casi 80 a\u00f1os que ha puesto el mundo patas arriba contra todo pron\u00f3stico.\u00a0<a href=\"https:\/\/elpais.com\/internacional\/elecciones-usa\/2021-01-19\/joe-biden-el-nostalgico-del-pasado-asume-la-oportunidad-colosal.html\" target=\"_blank\" rel=\"noreferrer noopener\">El dem\u00f3crata estadounidense Joe Biden,<\/a>\u00a0nacido pol\u00edticamente en el para\u00edso fiscal de Delaware, vot\u00f3 con entusiasmo a favor de las rebajas fiscales de Reagan en los ochenta, y fue vicepresidente con el grandilocuente Barack Obama, que pudo protagonizar un cambio de paradigma hace una d\u00e9cada pero se qued\u00f3 a medias por la f\u00e9rrea oposici\u00f3n republicana y de Wall Street y acab\u00f3 dejando como legado a Trump. Biden lleg\u00f3 a la Casa Blanca con ese halo de pol\u00edtico moderado, casi aburrido, que suele fichar a un alto cargo de Goldman Sachs para abrir boca. \u201c\u00bfAcaso parezco un socialista radical?\u201d, dec\u00eda mirando a c\u00e1mara en plena campa\u00f1a. Y sin embargo no hay altos cargos de Goldman Sachs en su gobierno, y Biden ha sorprendido a su partido, incluida la adormilada ala izquierda, y a todo quisque con unos primeros 100 d\u00edas tremendos que provocan la tentaci\u00f3n de hablar de cambio de paradigma.<\/p>\n\n\n\n<h3 class=\"wp-block-heading\">M\u00c1S INFORMACI\u00d3N<\/h3>\n\n\n\n<ul class=\"wp-block-list\"><li><a href=\"https:\/\/elpais.com\/internacional\/2021-03-05\/joe-biden-afronta-su-primera-gran-prueba-con-un-ambicioso-paquete-de-estimulo-a-la-economia.html?rel=listapoyo\">Joe Biden afronta su primera gran prueba con un ambicioso paquete de est\u00edmulo a la econom\u00eda<\/a><\/li><li><a href=\"https:\/\/elpais.com\/economia\/2021-03-21\/biden-se-viste-de-roosevelt.html?rel=listapoyo\">Biden se viste de Roosevelt<\/a><\/li><li><a href=\"https:\/\/elpais.com\/internacional\/2021-03-31\/biden-presenta-un-plan-de-infraestructuras-de-dos-billones-de-dolares-para-crear-millones-de-empleos-en-ee-uu.html?rel=listapoyo\">Biden presenta un plan de infraestructuras de dos billones de d\u00f3lares para crear millones de empleos en EE UU<\/a><\/li><\/ul>\n\n\n\n<p>Ese cambio de paradigma empez\u00f3 a fraguarse en 2009, pero se aceler\u00f3 con la covid. En la fase m\u00e1s aguda de la pandemia, l<a href=\"https:\/\/elpais.com\/economia\/2020-12-10\/el-bce-garantiza-financiacion-barata-a-los-gobiernos-durante-todo-2021.html\" target=\"_blank\" rel=\"noreferrer noopener\">os gobiernos de todo el mundo aprobaron est\u00edmulos fiscales y monetarios\u00a0<\/a>a una escala que solo se hab\u00eda visto en las guerras mundiales. Biden dobla o triplica esa apuesta: EE UU, adem\u00e1s de vacunar a toda velocidad, aprob\u00f3 un primer paquete de est\u00edmulo de casi dos billones de d\u00f3lares para reforzar el rebote de la econom\u00eda a corto plazo, que inclu\u00eda cheques de 1.400 d\u00f3lares para los estadounidenses, el equivalente a lo que los economistas suelen llamar \u201clanzar dinero desde el helic\u00f3ptero\u201d. A rengl\u00f3n seguido anunci\u00f3 un segundo paquete m\u00e1s estructural, con una mirada a largo plazo. Son otros dos billones para los pr\u00f3ximos ocho a\u00f1os, con medidas destinadas a arreglar algunos de los problemas que acumula la primera potencia mundial desde hace d\u00e9cadas: desigualdad, pobreza, educaci\u00f3n, salud, clima, inversi\u00f3n en infraestructuras, lucha contra los monopolios tecnol\u00f3gicos, una vuelta al multilateralismo y, lo nunca visto en un par de generaciones, una propuesta de subida global del impuesto de sociedades, anatema hasta ayer mismo, adem\u00e1s de un gui\u00f1o al asociacionismo sindical ins\u00f3lito en Norteam\u00e9rica. Combinado con lo que ya estaba sobre la mesa, se trata de un est\u00edmulo del tama\u00f1o de uno de esos inmensos portaaviones que surcan el Pac\u00edfico Sur: unos cinco billones de d\u00f3lares, una cuarta parte del PIB de EE UU. \u201cEs una sacudida brutal al sistema que busca provocar efectos inmediatos en la vida de los americanos\u201d, resume el profesor Peter Praet.<\/p>\n\n\n\n<figure class=\"wp-block-image size-large\"><img decoding=\"async\" width=\"1024\" height=\"534\" src=\"https:\/\/losperiodistas.com.mx\/portal\/wp-content\/uploads\/2021\/04\/Captura-de-Pantalla-2021-04-18-a-las-9.57.16-1024x534.jpg\" alt=\"\" class=\"wp-image-7036\" srcset=\"https:\/\/losperiodistas.com.mx\/portal\/wp-content\/uploads\/2021\/04\/Captura-de-Pantalla-2021-04-18-a-las-9.57.16-1024x534.jpg 1024w, https:\/\/losperiodistas.com.mx\/portal\/wp-content\/uploads\/2021\/04\/Captura-de-Pantalla-2021-04-18-a-las-9.57.16-300x156.jpg 300w, https:\/\/losperiodistas.com.mx\/portal\/wp-content\/uploads\/2021\/04\/Captura-de-Pantalla-2021-04-18-a-las-9.57.16-768x400.jpg 768w, https:\/\/losperiodistas.com.mx\/portal\/wp-content\/uploads\/2021\/04\/Captura-de-Pantalla-2021-04-18-a-las-9.57.16.jpg 1320w\" sizes=\"(max-width: 1024px) 100vw, 1024px\" \/><\/figure>\n\n\n\n<figure class=\"wp-block-image size-large\"><img decoding=\"async\" width=\"1024\" height=\"892\" src=\"https:\/\/losperiodistas.com.mx\/portal\/wp-content\/uploads\/2021\/04\/Captura-de-Pantalla-2021-04-18-a-las-9.57.28-1024x892.jpg\" alt=\"\" class=\"wp-image-7037\" srcset=\"https:\/\/losperiodistas.com.mx\/portal\/wp-content\/uploads\/2021\/04\/Captura-de-Pantalla-2021-04-18-a-las-9.57.28-1024x892.jpg 1024w, https:\/\/losperiodistas.com.mx\/portal\/wp-content\/uploads\/2021\/04\/Captura-de-Pantalla-2021-04-18-a-las-9.57.28-300x261.jpg 300w, https:\/\/losperiodistas.com.mx\/portal\/wp-content\/uploads\/2021\/04\/Captura-de-Pantalla-2021-04-18-a-las-9.57.28-768x669.jpg 768w, https:\/\/losperiodistas.com.mx\/portal\/wp-content\/uploads\/2021\/04\/Captura-de-Pantalla-2021-04-18-a-las-9.57.28.jpg 1320w\" sizes=\"(max-width: 1024px) 100vw, 1024px\" \/><\/figure>\n\n\n\n<p>Los libros de texto dicen con meridiana claridad que en medio de un&nbsp;<em>shock&nbsp;<\/em>externo de gran magnitud, como el provocado por la covid, hay que hacer pol\u00edticas fiscales ultraexpansivas, y pol\u00edticas monetarias que acompa\u00f1en los est\u00edmulos. Pero nadie \u2014nadie\u2014 se hab\u00eda atrevido a tanto.<\/p>\n\n\n\n<p>Economistas y gobernantes de todo pelaje, a derecha e izquierda, han llevado durante a\u00f1os demasiado lejos su adoraci\u00f3n (o miedo) por los mercados. Eso s\u00ed, cuando descollaba una crisis todo el mundo se sacaba de la chistera un keynesianismo de brocha gorda, de garraf\u00f3n; pero al escampar se volv\u00eda autom\u00e1ticamente al mismo sitio&nbsp;<em>neoclasic\u00f3n<\/em>: usar los tipos de inter\u00e9s y la pol\u00edtica monetaria para domar los ciclos econ\u00f3micos, tener un ojo siempre en el d\u00e9ficit y confiar en la magia del mercado. Esa magia empez\u00f3 a hacer aguas con el&nbsp;<em>crash&nbsp;<\/em>de Lehman Brothers: \u201cTodo el edificio intelectual se ha hundido\u201d, sentenci\u00f3 entonces un cariacontecido Alan Greenspan, sumo sacerdote de esa fe econ\u00f3mica, que dijo encontrarse \u201cen un estado de total incredulidad y estupefacci\u00f3n\u201d cuando el castillo de naipes se desmoron\u00f3.PUBLICIDAD<\/p>\n\n\n\n<p><a href=\"https:\/\/elpais.com\/internacional\/2017\/01\/14\/estados_unidos\/1484412816_106970.html\" target=\"_blank\" rel=\"noreferrer noopener\">Obama no quiso o no pudo dar entonces el golpe de mano que promet\u00eda,<\/a>&nbsp;y las aguas volvieron a su cauce. Pero la semilla estaba plantada, y la combinaci\u00f3n de la tierra quemada de los a\u00f1os de Trump y el&nbsp;<em>shock&nbsp;<\/em>pand\u00e9mico invitan a cometer ese pecadillo econ\u00f3mico que consiste en pensar que esta vez puede ser diferente: \u201cEl est\u00edmulo de Biden es el despertar de una nueva era\u201d, ha escrito el historiador econ\u00f3mico Adam Tooze. \u201cEs la ruptura definitiva con el neoliberalismo\u201d, seg\u00fan el an\u00e1lisis de J. W. Mason, del Roosevelt Institute. \u201cLa pandemia es la oportunidad de acometer un cambio que devuelva protagonismo al Estado\u201d, sentencia Mariana Mazzucato, del University College. Hasta FAES, el liberal\u00edsimo&nbsp;<em>think tank<\/em>&nbsp;de Jos\u00e9 Mar\u00eda Aznar, hablaba a las claras esta semana \u201cdel canto del cisne de los&nbsp;<em>supply siders<\/em>&nbsp;[los economistas de la oferta, poco amigos del keynesianismo] que desde la \u00e9poca de Reagan hab\u00edan dominado el debate\u201d.<\/p>\n\n\n\n<p>Al periodismo le suele sentar estupendamente el adverbio de cauci\u00f3n&nbsp;<em>quiz\u00e1s<\/em>: frente a la inauguraci\u00f3n permanente de la historia hay que acordarse siempre de un aforismo de Rafael S\u00e1nchez Ferlosio, \u201cla nueva era, la vieja desventura\u201d. Pero la docena y media de economistas consultados s\u00ed apuntan hacia algo parecido a un cambio de guardia en la pol\u00edtica econ\u00f3mica no exento de riesgos.<\/p>\n\n\n\n<p>Los amores y las revoluciones, incluso las econ\u00f3micas, necesitan a la persona id\u00f3nea, en el lugar id\u00f3neo y en el momento id\u00f3neo; la vida, sin embargo, casi nunca consigue juntar tanta idoneidad. \u00bfLo puede conseguir Biden? \u201cLos viejos que tienen prisa son algo bueno\u201d, cuenta al otro lado del tel\u00e9fono James Galbraith, economista de la Universidad de Texas y uno de los contados acad\u00e9micos de izquierdas con una voz poderosa y medi\u00e1tica. Biden llega al lugar adecuado,&nbsp;<a href=\"https:\/\/elpais.com\/internacional\/elecciones-usa\/2021-01-12\/trump-elude-su-responsabilidad-por-la-violencia-desatada-en-el-capitolio.html\" target=\"_blank\" rel=\"noreferrer noopener\">una Casa Blanca sacudida por los histri\u00f3nicos excesos de Trump<\/a>, en plena crisis, que como dice la derecha siempre es una oportunidad, \u201cy con los dem\u00f3cratas conscientes de que solo tienen dos a\u00f1os antes del pr\u00f3ximo ciclo electoral para cambiar las cosas y evitar el regreso del populismo\u201d, apunta el hijo del m\u00edtico John K. Galbraith. \u201cLa cuesti\u00f3n es si la academia y la pol\u00edtica, en parte como consecuencia del p\u00e1nico, le dan al pensamiento econ\u00f3mico el empuj\u00f3n definitivo para acabar con el neoliberalismo. Pero a\u00fan queda mucho partido\u201d, remacha.<\/p>\n\n\n\n<h3 class=\"wp-block-heading\">Algo se mueve<\/h3>\n\n\n\n<p>Ese escepticismo es la norma en una profesi\u00f3n acostumbrada a nuevos amaneceres que no eran m\u00e1s que aldeas Potemkin: palabras de charol y decorados de cart\u00f3n piedra. Y aun as\u00ed, es innegable que algo se mueve. El ex economista jefe del FMI Maurice Obstfeld apunta que el Plan Biden \u201ces mucho m\u00e1s ambicioso que las propuestas de Obama\u201d, aunque deja en el aire si supone la prometida nueva era o la ferlosiana vieja desventura. Simon Johnson, que tambi\u00e9n estuvo en el FMI, califica ese paquete de \u201cbrillante esfuerzo por estimular la econom\u00eda en el corto plazo para acelerar el rebote poscovid\u201d, y a la vez \u201cpensar en la econom\u00eda americana a largo plazo con medidas audaces y ambiciosas\u201d. \u201cNo llamar\u00eda a estas pol\u00edticas de izquierdas o de derechas, ni las calificar\u00eda de viejo o nuevo paradigma: simplemente son el camino adecuado para reconstruir la econom\u00eda donde m\u00e1s han golpeado las dos \u00faltimas crisis. Y quiz\u00e1 sirva de inspiraci\u00f3n en otros lugares\u201d, a\u00f1ade Johnson.<\/p>\n\n\n\n<p>Esa \u201cinspiraci\u00f3n\u201d para \u201cotros lugares\u201d es una forma educada \u2014 eufem\u00edstica\u2014 de aludir a Europa, que ha sido mucho menos arrojada que EE UU. Pero esa alusi\u00f3n se intentar\u00e1 despejar unos p\u00e1rrafos m\u00e1s abajo. Porque m\u00e1s all\u00e1 de la comparaci\u00f3n con Europa, el hecho es que la pol\u00edtica econ\u00f3mica de Biden plantea riesgos, y ni mucho menos se ha adoptado por consenso. Larry Summers, gur\u00fa econ\u00f3mico de Obama, or\u00e1cu\u00adlo de Wall Street y&nbsp;<em>prima donna<\/em>&nbsp;del supuesto progresismo economicista norteamericano, es quien m\u00e1s claro ha subrayado que&nbsp;<a href=\"https:\/\/elpais.com\/economia\/2021-02-13\/el-dificil-equilibrio-de-los-gobiernos-de-gastar-a-manos-llenas-pero-sin-pasarse.html\" target=\"_blank\" rel=\"noreferrer noopener\">el nuevo Ejecutivo estadounidense ha ido demasiado lejos<\/a>, a pesar de que hasta hace dos d\u00edas abogaba abiertamente por los est\u00edmulos para sacar a la econom\u00eda global de la trampa del estancamiento secular. El prestigioso economista franc\u00e9s Olivier Blanchard le pisa los talones a Summers: \u201cBiden ha ido muy all\u00e1; hay riesgos de sobrecalentamiento e inflaci\u00f3n\u201d, explica por correo electr\u00f3nico. \u201cMuchos economistas opinan como Summers y Blanchard: Biden est\u00e1 descartando la ciencia y sustituy\u00e9ndola por sus objetivos pol\u00edticos y su popularidad\u201d, remacha Tyler Cowen, autor de&nbsp;<em>El gran estancamiento&nbsp;<\/em>e influyente profesor de la Universidad George Mason.<\/p>\n\n\n\n<p>Frente a los plomizos te\u00f3ricos del universo que se apuntan al glamur intelectual del pesimismo, Simon Wren-Lewis destaca desde Oxford que Biden \u201cmuestra el camino a seguir\u201d. \u201cEl Reino Unido y Europa han sido demasiado t\u00edmidos: las preocupaciones por el d\u00e9ficit est\u00e1n fuera de lugar. Pero tambi\u00e9n los riesgos inflacionarios se pueden doblegar\u201d. No hacer nada, con los viejos diablos al acecho, ya no era una opci\u00f3n: \u201cEsto no es el fin del neoliberalismo, que va m\u00e1s all\u00e1 de la pol\u00edtica econ\u00f3mica, pero es de esperar que sea el principio del fin de quienes se preocupan por el d\u00e9ficit \u2014o la inflaci\u00f3n\u2014 en medio de una depresi\u00f3n, o de una trampa econ\u00f3mica de bajo crecimiento y tipos de inter\u00e9s e inflaci\u00f3n en la zona cero como en la que hemos encallado\u201d.<\/p>\n\n\n\n<p>A menudo, a los economistas les ocurre algo parecido a lo de Napole\u00f3n en&nbsp;<em>Guerra y paz<\/em>: su capacidad para decidir la trayectoria de la econom\u00eda es limitada. Armados de fant\u00e1sticos modelos matem\u00e1ticos, un grandioso plan de batalla cuyo objetivo es simplificar la realidad y que les promete una victoria casi segura, \u201cla obsesi\u00f3n por teorizar\u201d de los cient\u00edficos sociales se ha acabado convirtiendo en \u201cun obst\u00e1culo para la comprensi\u00f3n\u201d, dej\u00f3 escrito Albert Hirschman, de cuyo nacimiento acaban de cumplirse 100 a\u00f1os. Dani Rodrik, economista de Harvard, afirma que la profesi\u00f3n ha llevado demasiado lejos \u201csu adoraci\u00f3n a los mercados\u201d y \u201csu fe en los modelos\u201d. La econom\u00eda es espejo y al mismo tiempo expresi\u00f3n de una \u00e9poca: el Estado del bienestar fue la traducci\u00f3n socialdem\u00f3crata del guion de la posguerra, y la revoluci\u00f3n conservadora la respuesta a la crisis del petr\u00f3leo, con un estancamiento preocupante y una inflaci\u00f3n desbocada. Pero ahora los problemas son otros: el cambio clim\u00e1tico, la hiperglobalizaci\u00f3n, el sobrepeso del sector financiero en las econom\u00edas avanzadas y el impacto de la revoluci\u00f3n tecnol\u00f3gica sobre los trabajadores no terminan de aterrizar debidamente en los modelos. El neoliberalismo ha perdido brillo por los excesos de los \u00faltimos tres lustros de monopolios tecnol\u00f3gicos, las locuras de las finanzas \u2014el Pottersville de&nbsp;<em>Qu\u00e9 bello es vivir<\/em>&nbsp;hecho realidad\u2014, la galopante desigualdad y el reguero de crisis de los \u00faltimos tiempos. \u201cA diferencia de los accidentes a\u00e9reos, las crisis financieras se han vuelto m\u00e1s frecuentes, no menos: el avi\u00f3n es m\u00e1s peligroso\u201d, resume Mervyn King, exgobernador del Banco de Inglaterra.<\/p>\n\n\n\n<p>\u00bfLa respuesta adecuada ante ese panorama es el Plan Biden, este&nbsp;<em>bidenomics<\/em>? El historiador econ\u00f3mico Barry Eichengreen, de Berkeley, no las tiene todas consigo. \u201cEE UU ha respondido con mucha m\u00e1s munici\u00f3n que Europa a los nuevos problemas econ\u00f3micos, asociados a la covid, y a los no tan nuevos que se acumulan en todo Occidente. Pero ahora hay un rico debate sobre si Washington ha hecho demasiado,&nbsp;<a href=\"https:\/\/elpais.com\/economia\/2021-03-07\/la-inflacion-vuelve-a-las-quinielas.html\" target=\"_blank\" rel=\"noreferrer noopener\">creando riesgos significativos de inflaci\u00f3n<\/a>\u201d. \u201cEl est\u00edmulo de Biden es varias veces el tama\u00f1o de la brecha de producci\u00f3n [la diferencia entre la velocidad de crucero de la econom\u00eda y el potencial de crecimiento], y hay a\u00fan m\u00e1s est\u00edmulos a la vista. Por el lado monetario, la Reserva Federal, el banco central de EE UU, ha dejado claro que no va a cambiar su pol\u00edtica ultraexpansiva al menos hasta 2023. \u00bfEs mejor recuperarse a toda velocidad y arriesgarse a que vuelva la inflaci\u00f3n? \u00bfO es preferible algo m\u00e1s lento para evitar esos riesgos? Biden prefiere la primera opci\u00f3n; Europa, la segunda\u201d, cierra.<\/p>\n\n\n\n<p>Estados Unidos adelant\u00f3 por la derecha a Europa despu\u00e9s de 2008. Cuando las cosas se pusieron feas de verdad, Washington reuni\u00f3 a los mayores bancos del pa\u00eds y les hizo pedir dinero a paladas (que despu\u00e9s devolvieron con intereses), e innov\u00f3 con la pol\u00edtica monetaria y la fiscal: Europa se decant\u00f3 por la austeridad y las cosas estuvieron a punto de acabar como el rosario de la aurora. Ahora Biden adelanta a los europeos por la izquierda: Europa tambi\u00e9n ha optado por los est\u00edmulos esta vez, pero a una escala muy inferior. \u201cLa zona euro, a diferencia de EE UU, parece conformarse con una recuperaci\u00f3n incompleta\u201d, critica el economista \u00c1ngel Ubide. \u201cJoe Biden acaba de retrasar el declive de su pa\u00eds; los l\u00edderes europeos parecen dispuestos a acelerar el suyo\u201d, ha escrito el analista Martin Sandbu en el&nbsp;<em>Financial Times<\/em>. \u201cLa comparaci\u00f3n es equ\u00edvoca porque en Europa tenemos estabilizadores autom\u00e1ticos, los h\u00e9roes an\u00f3nimos de la pol\u00edtica econ\u00f3mica moderna\u201d, matiza Benedicta Marzinotto, de la Universidad de Udine.<a href=\"https:\/\/elpais.com\/economia\/2021-04-14\/el-fmi-pide-a-los-gobiernos-europeos-que-gasten-mas-en-familias-y-empresas-para-acelerar-la-recuperacion.html\" target=\"_blank\" rel=\"noreferrer noopener\">&nbsp;El FMI, sin embargo, considera que el est\u00edmulo europeo se queda muy corto:<\/a>&nbsp;el Fondo cree que Europa tendr\u00eda que inyectar un 3% del PIB adicional en su econom\u00eda. Unos 400.000 millones m\u00e1s de una tacada.<\/p>\n\n\n\n<h3 class=\"wp-block-heading\">M\u00c1S INFORMACI\u00d3N<\/h3>\n\n\n\n<ul class=\"wp-block-list\"><li><a href=\"https:\/\/elpais.com\/economia\/2021-04-11\/la-decision-mas-dificil-del-bce.html?rel=listapoyo\">La decisi\u00f3n m\u00e1s dif\u00edcil del BCE<\/a><\/li><li><a href=\"https:\/\/elpais.com\/economia\/2021-04-05\/la-pandemia-amplia-la-brecha-economica-entre-ee-uu-y-europa.html?rel=listapoyo\">La pandemia ampl\u00eda la brecha econ\u00f3mica entre Estados Unidos y Europa<\/a><\/li><\/ul>\n\n\n\n<p>Europa frente a EE UU, en definitiva, una vez m\u00e1s. Blanchard tercia en ese debate con\u00a0<em>finezza<\/em>: \u201cEl plan de Biden es probablemente demasiado grande, y los planes europeos demasiado peque\u00f1os, pero quiz\u00e1 no tan peque\u00f1os. Eso depender\u00e1 de lo que pase con la demanda privada: el optimismo relacionado con las vacunas y los ahorros embalsados en empresas y familias podr\u00edan provocar un bum tambi\u00e9n en Europa\u201d. Otros expertos se quejan de los retrasos acumulados tanto en las vacunas como en el Fondo de Recuperaci\u00f3n de 750.000 millones aprobado hace ya un a\u00f1o en Bruselas, pero del que no empezar\u00e1 a brotar dinero fresco hasta finales de 2021.<\/p>\n\n\n\n<figure class=\"wp-block-image size-large\"><img loading=\"lazy\" decoding=\"async\" width=\"1024\" height=\"797\" src=\"https:\/\/losperiodistas.com.mx\/portal\/wp-content\/uploads\/2021\/04\/Captura-de-Pantalla-2021-04-18-a-las-9.55.13-1024x797.jpg\" alt=\"\" class=\"wp-image-7035\" srcset=\"https:\/\/losperiodistas.com.mx\/portal\/wp-content\/uploads\/2021\/04\/Captura-de-Pantalla-2021-04-18-a-las-9.55.13-1024x797.jpg 1024w, https:\/\/losperiodistas.com.mx\/portal\/wp-content\/uploads\/2021\/04\/Captura-de-Pantalla-2021-04-18-a-las-9.55.13-300x234.jpg 300w, https:\/\/losperiodistas.com.mx\/portal\/wp-content\/uploads\/2021\/04\/Captura-de-Pantalla-2021-04-18-a-las-9.55.13-768x598.jpg 768w, https:\/\/losperiodistas.com.mx\/portal\/wp-content\/uploads\/2021\/04\/Captura-de-Pantalla-2021-04-18-a-las-9.55.13.jpg 1320w\" sizes=\"(max-width: 1024px) 100vw, 1024px\" \/><\/figure>\n\n\n\n<p>\u201cLa Fed estadounidense ha comprado 2,6 billones en activos desde enero de 2020; el BCE, 320.000 millones de euros (380.000 millones de d\u00f3lares), siete veces menos. Y la pol\u00edtica fiscal cuenta una historia similar: el est\u00edmulo europeo es m\u00e1s o menos la mitad del americano. No estamos repitiendo los errores de la pasada crisis, al menos esta vez Europa va en la direcci\u00f3n correcta, pero en vol\u00famenes s\u00ed los estamos repitiendo: saldremos m\u00e1s tarde y con m\u00e1s dificultades\u201d, destaca Paul De Grauwe, de la Universidad de Lovaina. \u201cEl contraste entre el paradigma neoliberal y lo que ha hecho Biden deja un cambio fundamental: los gobiernos est\u00e1n recuperando un papel central en la lucha contra la crisis\u201d, a\u00f1ade. Charles Wyplosz, del Graduate Institute, secunda ese punto de vista. Y carga contra quienes critican la ambici\u00f3n de Biden por el riesgo inflacionario. \u201cMe parecen reproches asombrosamente fuera de lugar. Durante una d\u00e9cada hemos lamentado los efectos perversos de una trampa de bajo crecimiento, tipos de inter\u00e9s negativos y baj\u00edsima inflaci\u00f3n. Si finalmente la inflaci\u00f3n aumenta y obliga a los bancos centrales a actuar, al menos habremos escapado de la maldici\u00f3n de los \u00faltimos a\u00f1os\u201d. \u201cPor primera vez en d\u00e9cadas un Gobierno intenta realmente hacer algo por quienes han acabado siendo, por pura desesperaci\u00f3n, votantes de opciones populistas. Me r\u00edo de esas cr\u00edticas ante un paso de este calibre\u201d, brama Wyplosz. V\u00edtor Const\u00e2ncio, exvicepresidente del BCE, aplaude tambi\u00e9n la valent\u00eda estadounidense: \u201cWashington est\u00e1 tratando de experimentar con pol\u00edticas para superar por completo la crisis, mientras Europa languidece bajo el peso de sus fantasmas y temores\u201d, ha escrito recientemente.<\/p>\n\n\n\n<p>Las \u00e9pocas felices son p\u00e1ginas en blanco en los libros de historia, pero el \u201cque vivas tiempos interesantes\u201d de los chinos es una maldici\u00f3n. Cuando accedi\u00f3 al cargo en 1933, Franklin D. Roosevelt devalu\u00f3 el d\u00f3lar, oblig\u00f3 a los estado\u00adunidenses a venderle, a un precio tasado, todo el oro que hab\u00edan ido adquiriendo desde el comienzo de la crisis y cerr\u00f3 los bancos durante 28 d\u00edas: EE UU empez\u00f3 a cimentar con el&nbsp;<em>new deal<\/em>&nbsp;\u2014y la II Guerra Mundial\u2014 una hegemon\u00eda que llega hasta hoy. Biden no llega a tanto,&nbsp;<a href=\"https:\/\/elpais.com\/economia\/2020-12-27\/2021-una-inyeccion-de-esperanza-economica.html\" target=\"_blank\" rel=\"noreferrer noopener\">pero en menos de 100 d\u00edas ha anunciado una inyecci\u00f3n multibillonaria en la econom\u00eda,<\/a>&nbsp;y patrocina incluso una subida de impuestos global a las grandes corporaciones. En el fondo ah\u00ed sigue la lucha por la hegemon\u00eda global: el presidente de EE UU, en pleno&nbsp;<em>momento Roosevelt<\/em>, afirma que su plan \u201cnos pone en posici\u00f3n de ganar competitividad con China\u201d. M\u00e1s all\u00e1 de esa lucha, Washington le ha visto las orejas al lobo del populismo; el de Biden es un intento casi a la desesperada por evitar la vuelta del trumpismo. Y las prisas tienen tambi\u00e9n una explicaci\u00f3n m\u00e1s prosaica: el Partido Republicano est\u00e1 grogui tras la \u00faltima derrota, pero Biden tiene solo dos a\u00f1os hasta las elecciones al Senado, que podr\u00edan acabar con su exigua mayor\u00eda y enfangar el resto de su mandato.<\/p>\n\n\n\n<h3 class=\"wp-block-heading\">Expectativas<\/h3>\n\n\n\n<p>Las crisis no son un suceso, sino un proceso; un proceso que en ciertos lugares, lugares desafortunados, no ha terminado todav\u00eda. Los anglosajones necesitar\u00edan a otro Dickens para describir las cicatrices en algunas zonas de EE UU y el Reino Unido, pero Victor Hugo tambi\u00e9n podr\u00eda reescribir&nbsp;<em>Los miserables<\/em>&nbsp;en muchas \u00e1reas de Europa. Saldremos de esta, porque no hay virus ni crisis que 100 a\u00f1os dure, y saldremos m\u00e1s pronto que tarde. Pero ese ser\u00e1 el momento m\u00e1s peligroso: la gente no se rebela cuando las cosas est\u00e1n mal, sino cuando sus expectativas se ven defraudadas. Si Biden ha acertado y Europa est\u00e1 arrastrando los pies, es muy posible que el malestar crezca a esta orilla del Atl\u00e1ntico; si Washington ha ido demasiado lejos, podemos estar ante la en\u00e9sima fase de la revoluci\u00f3n conservadora y el cambio de r\u00e9gimen haya sido un espejismo. Nos enfrentamos a la incertidumbre radical a trav\u00e9s de los relatos, construyendo narrativas: Biden est\u00e1 perge\u00f1ando la suya, y Europa, de momento, est\u00e1 a verlas venir.<\/p>\n\n\n\n<p>Cavafis lo escribi\u00f3, como siempre, mejor: la ciudad entera se hab\u00eda reunido a esperar a los b\u00e1rbaros y reinaba el temor, el temblor, la esperanza de que esa irrupci\u00f3n les cambiara las vidas.<\/p>\n\n\n\n<h3 class=\"wp-block-heading\">\u201cEL D\u00d3LAR DA MUCHO JUEGO\u201d<\/h3>\n\n\n\n<p>\u201cLa respuesta anticrisis de Washington es muy agresiva, en gran parte por la ventana de oportunidad pol\u00edtica tras la derrota electoral de los republicanos, pero adem\u00e1s el privilegio exorbitante del d\u00f3lar le proporciona a Estados Unidos un espacio fiscal pr\u00e1cticamente ilimitado; el d\u00f3lar da mucho juego y Biden lo ha utilizado al m\u00e1ximo\u201d, asegura Gian Maria Milesi-Ferretti, de Brookings. \u201cEuropa ha hecho mucho, pero el d\u00f3lar marca la diferencia y los Gobiernos nacionales podr\u00edan ser m\u00e1s agresivos a la vista de los retrasos con las vacunas y el Fondo de recuperaci\u00f3n: con tanta incertidumbre el papel de la pol\u00edtica fiscal tiene que ser m\u00e1s ambicioso\u201d, a\u00f1ade.<\/p>\n\n\n\n<p>Fuente: https:\/\/elpais.com\/economia\/2021-04-18\/joe-biden-quiere-enterrar-40-anos-de-hegemonia-neoliberal.html<\/p>\n\n\n\n<p><a href=\"https:\/\/www.facebook.com\/dialog\/share?display=popup&amp;app_id=94039431626&amp;href=https%3A%2F%2Felpais.com%2Feconomia%2F2021-04-18%2Fjoe-biden-quiere-enterrar-40-anos-de-hegemonia-neoliberal.html%3Fssm=FB_CC&amp;quote=Joe%20Biden%20quiere%20enterrar%2040%20a%C3%B1os%20de%20hegemon%C3%ADa%20neoliberal\" target=\"_blank\" rel=\"noreferrer noopener\"><\/a><a href=\"https:\/\/twitter.com\/intent\/tweet?url=https%3A%2F%2Felpais.com%2Feconomia%2F2021-04-18%2Fjoe-biden-quiere-enterrar-40-anos-de-hegemonia-neoliberal.html%3Fssm=TW_CC&amp;text=Joe%20Biden%20quiere%20enterrar%2040%20a%C3%B1os%20de%20hegemon%C3%ADa%20neoliberal&amp;via=el_pais&amp;lang=es\" target=\"_blank\" rel=\"noreferrer noopener\"><\/a><a href=\"https:\/\/elpais.com\/economia\/2021-04-18\/joe-biden-quiere-enterrar-40-anos-de-hegemonia-neoliberal.html#comentarios\"><\/a><\/p>\n","protected":false},"excerpt":{"rendered":"<p>El presidente de Estados Unidos es m\u00e1s ambicioso que los l\u00edderes europeos en buscar soluciones para reactivar la econom\u00eda con [&hellip;]<\/p>\n","protected":false},"author":1,"featured_media":7034,"comment_status":"open","ping_status":"open","sticky":false,"template":"","format":"standard","meta":{"site-sidebar-layout":"default","site-content-layout":"","ast-site-content-layout":"default","site-content-style":"default","site-sidebar-style":"default","ast-global-header-display":"","ast-banner-title-visibility":"","ast-main-header-display":"","ast-hfb-above-header-display":"","ast-hfb-below-header-display":"","ast-hfb-mobile-header-display":"","site-post-title":"","ast-breadcrumbs-content":"","ast-featured-img":"","footer-sml-layout":"","theme-transparent-header-meta":"","adv-header-id-meta":"","stick-header-meta":"","header-above-stick-meta":"","header-main-stick-meta":"","header-below-stick-meta":"","astra-migrate-meta-layouts":"default","ast-page-background-enabled":"default","ast-page-background-meta":{"desktop":{"background-color":"var(--ast-global-color-4)","background-image":"","background-repeat":"repeat","background-position":"center center","background-size":"auto","background-attachment":"scroll","background-type":"","background-media":"","overlay-type":"","overlay-color":"","overlay-opacity":"","overlay-gradient":""},"tablet":{"background-color":"","background-image":"","background-repeat":"repeat","background-position":"center center","background-size":"auto","background-attachment":"scroll","background-type":"","background-media":"","overlay-type":"","overlay-color":"","overlay-opacity":"","overlay-gradient":""},"mobile":{"background-color":"","background-image":"","background-repeat":"repeat","background-position":"center center","background-size":"auto","background-attachment":"scroll","background-type":"","background-media":"","overlay-type":"","overlay-color":"","overlay-opacity":"","overlay-gradient":""}},"ast-content-background-meta":{"desktop":{"background-color":"var(--ast-global-color-5)","background-image":"","background-repeat":"repeat","background-position":"center center","background-size":"auto","background-attachment":"scroll","background-type":"","background-media":"","overlay-type":"","overlay-color":"","overlay-opacity":"","overlay-gradient":""},"tablet":{"background-color":"var(--ast-global-color-5)","background-image":"","background-repeat":"repeat","background-position":"center center","background-size":"auto","background-attachment":"scroll","background-type":"","background-media":"","overlay-type":"","overlay-color":"","overlay-opacity":"","overlay-gradient":""},"mobile":{"background-color":"var(--ast-global-color-5)","background-image":"","background-repeat":"repeat","background-position":"center center","background-size":"auto","background-attachment":"scroll","background-type":"","background-media":"","overlay-type":"","overlay-color":"","overlay-opacity":"","overlay-gradient":""}},"footnotes":""},"categories":[8],"tags":[1079,696,1080],"class_list":["post-7033","post","type-post","status-publish","format-standard","has-post-thumbnail","hentry","category-noticias","tag-hegemonia-neoliberal","tag-joe-biden","tag-paradigma-de-biden"],"_links":{"self":[{"href":"https:\/\/losperiodistas.com.mx\/portal\/wp-json\/wp\/v2\/posts\/7033","targetHints":{"allow":["GET"]}}],"collection":[{"href":"https:\/\/losperiodistas.com.mx\/portal\/wp-json\/wp\/v2\/posts"}],"about":[{"href":"https:\/\/losperiodistas.com.mx\/portal\/wp-json\/wp\/v2\/types\/post"}],"author":[{"embeddable":true,"href":"https:\/\/losperiodistas.com.mx\/portal\/wp-json\/wp\/v2\/users\/1"}],"replies":[{"embeddable":true,"href":"https:\/\/losperiodistas.com.mx\/portal\/wp-json\/wp\/v2\/comments?post=7033"}],"version-history":[{"count":2,"href":"https:\/\/losperiodistas.com.mx\/portal\/wp-json\/wp\/v2\/posts\/7033\/revisions"}],"predecessor-version":[{"id":7040,"href":"https:\/\/losperiodistas.com.mx\/portal\/wp-json\/wp\/v2\/posts\/7033\/revisions\/7040"}],"wp:featuredmedia":[{"embeddable":true,"href":"https:\/\/losperiodistas.com.mx\/portal\/wp-json\/wp\/v2\/media\/7034"}],"wp:attachment":[{"href":"https:\/\/losperiodistas.com.mx\/portal\/wp-json\/wp\/v2\/media?parent=7033"}],"wp:term":[{"taxonomy":"category","embeddable":true,"href":"https:\/\/losperiodistas.com.mx\/portal\/wp-json\/wp\/v2\/categories?post=7033"},{"taxonomy":"post_tag","embeddable":true,"href":"https:\/\/losperiodistas.com.mx\/portal\/wp-json\/wp\/v2\/tags?post=7033"}],"curies":[{"name":"wp","href":"https:\/\/api.w.org\/{rel}","templated":true}]}}