{"id":7029,"date":"2021-04-18T11:51:56","date_gmt":"2021-04-18T16:51:56","guid":{"rendered":"http:\/\/losperiodistas.com.mx\/portal\/?p=7029"},"modified":"2021-04-18T09:52:45","modified_gmt":"2021-04-18T14:52:45","slug":"cae-otra-leyenda-negra-isabel-la-catolica-si-se-lavaba-loc","status":"publish","type":"post","link":"https:\/\/losperiodistas.com.mx\/portal\/cae-otra-leyenda-negra-isabel-la-catolica-si-se-lavaba-loc\/","title":{"rendered":"Cae otra &#8216;leyenda negra&#8217;: Isabel la Cat\u00f3lica s\u00ed se lavaba | LOC"},"content":{"rendered":"\n<p style=\"font-size:18px\"><em>Documentos desvelados por el Archivo hist\u00f3rico &#8216;online&#8217; de la Fundaci\u00f3n Tatiana P\u00e9rez de Guzm\u00e1n el Bueno muestran que la reina cuidaba su higiene.<\/em><\/p>\n\n\n\n<figure class=\"wp-block-image size-large\"><img fetchpriority=\"high\" decoding=\"async\" width=\"950\" height=\"634\" src=\"https:\/\/losperiodistas.com.mx\/portal\/wp-content\/uploads\/2021\/04\/Captura-de-Pantalla-2021-04-18-a-las-9.49.47.jpg\" alt=\"\" class=\"wp-image-7030\" srcset=\"https:\/\/losperiodistas.com.mx\/portal\/wp-content\/uploads\/2021\/04\/Captura-de-Pantalla-2021-04-18-a-las-9.49.47.jpg 950w, https:\/\/losperiodistas.com.mx\/portal\/wp-content\/uploads\/2021\/04\/Captura-de-Pantalla-2021-04-18-a-las-9.49.47-300x200.jpg 300w, https:\/\/losperiodistas.com.mx\/portal\/wp-content\/uploads\/2021\/04\/Captura-de-Pantalla-2021-04-18-a-las-9.49.47-768x513.jpg 768w\" sizes=\"(max-width: 950px) 100vw, 950px\" \/><\/figure>\n\n\n\n<p><\/p>\n\n\n\n<p class=\"has-vivid-cyan-blue-color has-text-color has-medium-font-size\">DAR\u00cdO PRIETO \/ LOC \/ EL MUNDO<\/p>\n\n\n\n<p>Entre los 9.000 documentos del Archivo hist\u00f3rico de la Fundaci\u00f3n Tatiana P\u00e9rez de Guzm\u00e1n el Bueno, que se conserva en el Palacio de los Golfines de Abajo en C\u00e1ceres, hay uno que hab\u00eda pasado desapercibido. Se trata del noveno libro de cuentas de la reina&nbsp;<strong>Isabel la Cat\u00f3lica<\/strong>&nbsp;(1451-1504), escrito por su Camarero, Sancho de Paredes Golf\u00edn. En estas y por primera vez en la Corona de Castilla, se dej\u00f3 constancia por escrito de la contabilidad de los asuntos materiales de la monarca. As\u00ed, hay relaciones de joyas, inventarios de muebles y objetos de arte o listados con sus vestidos. Uno de los libros, el noveno, detalla adem\u00e1s la abundancia de jabones y cosm\u00e9ticos que usaba<a href=\"https:\/\/www.elmundo.es\/loc\/famosos\/2020\/10\/19\/5f89d13421efa0c9558b45ae.html\">&nbsp;la madre de Juana La Loca<\/a>&nbsp;para su higiene.<\/p>\n\n\n\n<p>Ello desmonta, seg\u00fan la fundaci\u00f3n, la leyenda ap\u00f3crifa que dice que la reina no se lavaba por alg\u00fan tipo de pudor religioso. Otra leyenda, no tan negra pero s\u00ed m\u00e1s maloliente que la que se le adjudic\u00f3 a&nbsp;<strong>su biznieto, Felipe II<\/strong>. Libros como &#8216;El manuscrito carmes\u00ed&#8217;, de Antonio Gala, ahondan en esta creencia de que el reino nazar\u00ed de Granada era el \u00fanico en el que abundaban los ba\u00f1os y abluciones, mientras que en el resto de la pen\u00ednsula parec\u00eda existir una alergia al agua.<\/p>\n\n\n\n<p>\u00abLa Reina era tambi\u00e9n aficionada a los perfumes y joyas\u00bb, sentencia Miguel \u00c1ngel Ladero Quesada, catedr\u00e1tico y acad\u00e9mico de la Real Academia de Historia, am\u00e9n de mayor especialista en historia de la Corona de Castilla durante los siglos XIII a XV. \u00abElla pensaba\u00bb, a\u00f1ade el historiador, \u00abque el cargo hab\u00eda que vestirlo. Que una reina deb\u00eda tener una presencia p\u00fablica solemne o destacada. As\u00ed como su hermano Enrique IV en eso hab\u00eda sido un poco desastre, porque no le gustaba vestirse bien, ni las recepciones, Isabel ten\u00eda un concepto muy fuerte de la vida real y de c\u00f3mo&nbsp;<strong>las vestimentas, las joyas y los cortesanos, el aparato cortesano, ten\u00eda que existir porque eso impresionaba a la gente, a los s\u00fabditos, y les daba la sensaci\u00f3n de que estaban realmente ante su rey o reina<\/strong>. Y los perfumes tambi\u00e9n formaban parte de eso\u00bb.<\/p>\n\n\n\n<p>El hallazgo fue dado a conocer el pasado martes durante la presentaci\u00f3n del archivo &#8216;online&#8217; de la Fundaci\u00f3n, que ha&nbsp;<strong>digitalizado los documentos a lo largo de nueve a\u00f1os para ponerlos a disposici\u00f3n del p\u00fablico.<\/strong><\/p>\n\n\n\n<p>En la relaci\u00f3n de ung\u00fcentos y afeites reales -que Sancho realiz\u00f3 con ayuda de su mujer, Isabel Cuello- hay abundancia de productos llegados del Lejano Oriente. As\u00ed, el curioso podr\u00e1 encontrar\u00a0<strong>almizcle\u00a0<\/strong>y tambi\u00e9n\u00a0<strong>algalia<\/strong>, sustancia untuosa, de olor fuerte y sabor acre que se emplea en perfumer\u00eda. Igualmente, hay\u00a0<strong>anime\u00a0<\/strong>(resina o goma de diversas especies bot\u00e1nicas de Oriente, usada generalmente en droguer\u00eda),\u00a0<strong>benju\u00ed\u00a0<\/strong>(resina de un \u00e1rbol originario de los bosques tropicales de pa\u00edses del Sudeste Asi\u00e1tico, que hidrata profundamente la piel del rostro, adem\u00e1s de deshinchar y desmaquillar suavemente) y\u00a0<strong>estoraque\u00a0<\/strong>real (benju\u00ed con varias especies de flores trituradas). Otros cosm\u00e9ticos del tocador regio eran\u00a0<strong>el \u00e1mbar fino, el aceite de azahar, el agua de Murta o el aceite de rosa de mosqueta<\/strong>. Sustancias que, en algunos casos, se siguen usando en la actualidad con los mismos fines que entonces<\/p>\n\n\n\n<p>Fuente: https:\/\/www.elmundo.es\/loc\/famosos\/2021\/04\/18\/6079a4ac21efa0b31c8b45d5.html<\/p>\n","protected":false},"excerpt":{"rendered":"<p>Documentos desvelados por el Archivo hist\u00f3rico &#8216;online&#8217; de la Fundaci\u00f3n Tatiana P\u00e9rez de Guzm\u00e1n el Bueno muestran que la reina [&hellip;]<\/p>\n","protected":false},"author":1,"featured_media":7030,"comment_status":"open","ping_status":"open","sticky":false,"template":"","format":"standard","meta":{"site-sidebar-layout":"default","site-content-layout":"","ast-site-content-layout":"default","site-content-style":"default","site-sidebar-style":"default","ast-global-header-display":"","ast-banner-title-visibility":"","ast-main-header-display":"","ast-hfb-above-header-display":"","ast-hfb-below-header-display":"","ast-hfb-mobile-header-display":"","site-post-title":"","ast-breadcrumbs-content":"","ast-featured-img":"","footer-sml-layout":"","theme-transparent-header-meta":"","adv-header-id-meta":"","stick-header-meta":"","header-above-stick-meta":"","header-main-stick-meta":"","header-below-stick-meta":"","astra-migrate-meta-layouts":"default","ast-page-background-enabled":"default","ast-page-background-meta":{"desktop":{"background-color":"var(--ast-global-color-4)","background-image":"","background-repeat":"repeat","background-position":"center center","background-size":"auto","background-attachment":"scroll","background-type":"","background-media":"","overlay-type":"","overlay-color":"","overlay-opacity":"","overlay-gradient":""},"tablet":{"background-color":"","background-image":"","background-repeat":"repeat","background-position":"center center","background-size":"auto","background-attachment":"scroll","background-type":"","background-media":"","overlay-type":"","overlay-color":"","overlay-opacity":"","overlay-gradient":""},"mobile":{"background-color":"","background-image":"","background-repeat":"repeat","background-position":"center center","background-size":"auto","background-attachment":"scroll","background-type":"","background-media":"","overlay-type":"","overlay-color":"","overlay-opacity":"","overlay-gradient":""}},"ast-content-background-meta":{"desktop":{"background-color":"var(--ast-global-color-5)","background-image":"","background-repeat":"repeat","background-position":"center center","background-size":"auto","background-attachment":"scroll","background-type":"","background-media":"","overlay-type":"","overlay-color":"","overlay-opacity":"","overlay-gradient":""},"tablet":{"background-color":"var(--ast-global-color-5)","background-image":"","background-repeat":"repeat","background-position":"center center","background-size":"auto","background-attachment":"scroll","background-type":"","background-media":"","overlay-type":"","overlay-color":"","overlay-opacity":"","overlay-gradient":""},"mobile":{"background-color":"var(--ast-global-color-5)","background-image":"","background-repeat":"repeat","background-position":"center center","background-size":"auto","background-attachment":"scroll","background-type":"","background-media":"","overlay-type":"","overlay-color":"","overlay-opacity":"","overlay-gradient":""}},"footnotes":""},"categories":[8],"tags":[1078,1077],"class_list":["post-7029","post","type-post","status-publish","format-standard","has-post-thumbnail","hentry","category-noticias","tag-fundacion-tatiana-perez-de-guzman-el-bueno","tag-higiene-de-isabel-la-catolica"],"_links":{"self":[{"href":"https:\/\/losperiodistas.com.mx\/portal\/wp-json\/wp\/v2\/posts\/7029","targetHints":{"allow":["GET"]}}],"collection":[{"href":"https:\/\/losperiodistas.com.mx\/portal\/wp-json\/wp\/v2\/posts"}],"about":[{"href":"https:\/\/losperiodistas.com.mx\/portal\/wp-json\/wp\/v2\/types\/post"}],"author":[{"embeddable":true,"href":"https:\/\/losperiodistas.com.mx\/portal\/wp-json\/wp\/v2\/users\/1"}],"replies":[{"embeddable":true,"href":"https:\/\/losperiodistas.com.mx\/portal\/wp-json\/wp\/v2\/comments?post=7029"}],"version-history":[{"count":1,"href":"https:\/\/losperiodistas.com.mx\/portal\/wp-json\/wp\/v2\/posts\/7029\/revisions"}],"predecessor-version":[{"id":7031,"href":"https:\/\/losperiodistas.com.mx\/portal\/wp-json\/wp\/v2\/posts\/7029\/revisions\/7031"}],"wp:featuredmedia":[{"embeddable":true,"href":"https:\/\/losperiodistas.com.mx\/portal\/wp-json\/wp\/v2\/media\/7030"}],"wp:attachment":[{"href":"https:\/\/losperiodistas.com.mx\/portal\/wp-json\/wp\/v2\/media?parent=7029"}],"wp:term":[{"taxonomy":"category","embeddable":true,"href":"https:\/\/losperiodistas.com.mx\/portal\/wp-json\/wp\/v2\/categories?post=7029"},{"taxonomy":"post_tag","embeddable":true,"href":"https:\/\/losperiodistas.com.mx\/portal\/wp-json\/wp\/v2\/tags?post=7029"}],"curies":[{"name":"wp","href":"https:\/\/api.w.org\/{rel}","templated":true}]}}