{"id":7026,"date":"2021-04-18T09:45:51","date_gmt":"2021-04-18T14:45:51","guid":{"rendered":"http:\/\/losperiodistas.com.mx\/portal\/?p=7026"},"modified":"2021-04-18T10:20:18","modified_gmt":"2021-04-18T15:20:18","slug":"hernan-cortes-y-los-espanoles-fueron-un-pequeno-grupo-dentro-de-una-guerra-civil-en-mexico","status":"publish","type":"post","link":"https:\/\/losperiodistas.com.mx\/portal\/hernan-cortes-y-los-espanoles-fueron-un-pequeno-grupo-dentro-de-una-guerra-civil-en-mexico\/","title":{"rendered":"\u00abHern\u00e1n Cort\u00e9s y los espa\u00f1oles fueron un peque\u00f1o grupo dentro de una guerra civil en M\u00e9xico\u00bb | El Mundo"},"content":{"rendered":"\n<p>El profesor Esteban Mira Caballos publica un ensayo sin manique\u00edsmos sobre el conquistador. \u00abMantuvo decenas de relaciones con mujeres y cuando se aburr\u00eda las &#8216;regalaba\u00bb, afirma<\/p>\n\n\n\n<figure class=\"wp-block-image size-large\"><img fetchpriority=\"high\" decoding=\"async\" width=\"910\" height=\"1024\" src=\"https:\/\/losperiodistas.com.mx\/portal\/wp-content\/uploads\/2021\/04\/16186052567201-910x1024.jpeg\" alt=\"\" class=\"wp-image-7027\" srcset=\"https:\/\/losperiodistas.com.mx\/portal\/wp-content\/uploads\/2021\/04\/16186052567201-910x1024.jpeg 910w, https:\/\/losperiodistas.com.mx\/portal\/wp-content\/uploads\/2021\/04\/16186052567201-267x300.jpeg 267w, https:\/\/losperiodistas.com.mx\/portal\/wp-content\/uploads\/2021\/04\/16186052567201-768x864.jpeg 768w, https:\/\/losperiodistas.com.mx\/portal\/wp-content\/uploads\/2021\/04\/16186052567201-1365x1536.jpeg 1365w, https:\/\/losperiodistas.com.mx\/portal\/wp-content\/uploads\/2021\/04\/16186052567201-1820x2048.jpeg 1820w, https:\/\/losperiodistas.com.mx\/portal\/wp-content\/uploads\/2021\/04\/16186052567201.jpeg 1920w\" sizes=\"(max-width: 910px) 100vw, 910px\" \/><figcaption>Hern\u00e1n Cortes, cuadro de Jos\u00e9 Salom\u00e9 Pina<br><br> <\/figcaption><\/figure>\n\n\n\n<p class=\"has-vivid-cyan-blue-color has-text-color has-medium-font-size\">MANUEL LLORENTE \/ Madrid \/ EL MUNDO<\/p>\n\n\n\n<p><strong>\u00bfQui\u00e9n fue realmente Hern\u00e1n Cort\u00e9s?<\/strong>&nbsp;A resolver el enigma ha dedicado 30 a\u00f1os de investigaci\u00f3n el profesor y Doctor en Historia de Am\u00e9rica por la Universidad de Sevilla<strong>&nbsp;Esteban Mira Caballos<\/strong>, que culmina con la publicaci\u00f3n de su ensayo &#8216;Hern\u00e1n Cort\u00e9s. Una biograf\u00eda para el siglo XXI&#8217; (Cr\u00edtica). El ensayo pretende no ser maniqueo, es fruto de una revisi\u00f3n de las fuentes y clarifica datos personales, como su fecha de nacimiento (1484 y no un a\u00f1o despu\u00e9s) o de su familia, hasta ahora oscuros.<\/p>\n\n\n\n<p>Sobre el revisionismo de parte del M\u00e9xico actual, Mira Caballos afirma: \u00abHay un sector importante de la poblaci\u00f3n al que le han ense\u00f1ado en el colegio que Hern\u00e1n Cort\u00e9s fue&nbsp;<strong>un invasor que destruy\u00f3 M\u00e9xico<\/strong>, aniquilando la gran civilizaci\u00f3n mexicana.&nbsp;<strong>Es falso<\/strong>. El enfrentamiento tuvo mucho de guerra civil\u00bb. Y sobre su relaci\u00f3n con las mujeres, dice: \u00abFue un mujeriego incorregible. Utiliz\u00f3 a do\u00f1a do\u00f1a Marina [La Malinche] mientras le interes\u00f3, sin reconocer nunca la importancia vital de su labor. Cuando ya no la necesit\u00f3, \u00a1la regal\u00f3! a su amigo Juan Jaramillo, como si de una esclava se tratase\u00bb, afirma Mira Caballos. El libro coincide en las librer\u00edas con&nbsp;<em>Conquistadores y aztecas. Cort\u00e9s y la conquista de M\u00e9xico<\/em>&nbsp;(Edaf), del hispanista Stefan Rinke.<\/p>\n\n\n\n<h2 class=\"wp-block-heading\">\u00abNI UN SANTO PROVIDENCIALISTA NI UN GENOCIDA\u00bb<\/h2>\n\n\n\n<p>\u00abLa figura de Hern\u00e1n Cort\u00e9s\u00bb, considera Esteban Mira Caballos, \u00abmerece ser analizada y redescubierta, sin apasionamiento, sin condenas ni elogios. Estamos ante una de esas figuras hist\u00f3ricas que, para bien o para mal, contribuyeron a cambiar el mundo. Ni Espa\u00f1a fue la misma despu\u00e9s de \u00e9l ni tampoco Mesoam\u00e9rica. No fue un genocida porque \u00e9l quer\u00eda gobernar la tierra, y \u00e9sta no val\u00eda nada sin naturales que la trabajasen. Cort\u00e9s, como la mayor\u00eda de los conquistadores, administraba el terror en la dosis justa para conseguir el efecto deseado. Perpetr\u00f3 cruentas matanzas -en la mayor\u00eda con la ayuda y hasta con el ensa\u00f1amiento de los naturales aliados, como la de Cholula o la de Tepeaca, pero en ning\u00fan caso fue un genocida\u00bb.<\/p>\n\n\n\n<h2 class=\"wp-block-heading\">LOGROS Y HAZA\u00d1AS<\/h2>\n\n\n\n<p>El profesor Mira Caballos considera que fueron varios. Primero, \u00abapa\u00f1\u00e1rselas para conquistar todo un Estado, con su emperador, su capital, sus jueces, sus colegios, sus gremios, con un potencial inicial de 550 hombres\u00bb. Para ello, Hern\u00e1n Cort\u00e9s (Medell\u00edn, Badajoz,1484-Castilleja de la Cuesta, Sevilla, 1547) utiliz\u00f3 siempre una misma estrategia, la de intentar lograr un pacto. \u00abIncluso iniciadas las hostilidades siempre estaba abierto a un posible armisticio, seguido de una alianza. Todos sus enemigos pasaban a convertirse autom\u00e1ticamente en sus aliados, aumentando progresivamente su potencial. As\u00ed consigui\u00f3 que la toma de Tenochtitlan en 1521 fuese una empresa multinacional, en la que hab\u00eda una mayor\u00eda de atacantes originarios del Anahuac, pero tambi\u00e9n espa\u00f1oles, portugueses, griegos y hasta alguna que otra persona originaria de \u00c1frica. Pero huelga decir que Hern\u00e1n Cort\u00e9s fue conquistador pr\u00e1cticamente dos a\u00f1os de su vida, de 1519 a 1521. El resto de su vida fue otras cosas, desde escribano a empresario agr\u00edcola, naviero, armador, descubridor&#8230;\u00bb.<\/p>\n\n\n\n<h2 class=\"wp-block-heading\">SOBRE SU \u00abHERO\u00cdSMO MILITAR\u00bb<\/h2>\n\n\n\n<p>Hern\u00e1n Cort\u00e9s, siempre seg\u00fan Mira Caballos, sab\u00eda que no pod\u00eda dar un paso atr\u00e1s porque o bien lo matar\u00edan los mexicas venidos arriba vi\u00e9ndolo huir, o si consegu\u00eda regresar lo ejecutar\u00edan por traidor. \u00abPor eso, no contempla la posibilidad de dar un paso atr\u00e1s, ten\u00eda claro que hab\u00eda que seguir hacia adelante. Y es cierto que siempre se ubicaba al frente de sus hombres en el combate, areng\u00e1ndolos continuamente para levantarles el \u00e1nimo. Su esp\u00edritu era incansable y una muestra m\u00e1s se vivi\u00f3 tras la jornada de la Noche Triste el 30 de junio de 1520, en el que fue el primero en reponer el \u00e1nimo, arengando a los supervivientes\u00bb. Pasa por ser la mayor derrota sufrida por los espa\u00f1oles en toda la conquista de Am\u00e9rica. La cifra m\u00e1s aceptada es la que sostuvo Bernal D\u00edaz del Castillo: 870 hombres. Los mexicas hab\u00edan logrado reunir a m\u00e1s de 10.000 personas.<\/p>\n\n\n\n<h2 class=\"wp-block-heading\">\u00abUN MUJERIEGO INCORREGIBLE\u00bb<\/h2>\n\n\n\n<p>Hay que tener en cuenta que Hern\u00e1n Cort\u00e9s fue, ante todo un \u00abguerrero de su tiempo, que, como todos, ten\u00eda las manos manchadas de abundante sangre\u00bb. Pero el profesor Mira Caballos cree que el episodio m\u00e1s \u00abinc\u00f3modo para una persona del siglo XXI fue su relaci\u00f3n con las mujeres. Fue un mujeriego incorregible y a la mayor\u00eda no las trat\u00f3 como merec\u00edan. Estando casado, mantuvo \u00a1decenas! de relaciones extramatrimoniales, a veces de forma simult\u00e1nea. Utiliz\u00f3 a do\u00f1a Marina [La Malinche] mientras le interes\u00f3, por supuesto, sin reconocer nunca la importancia vital de su labor. Cuando ya no la necesit\u00f3, \u00a1la regal\u00f3! a su amigo el salvaterre\u00f1o Juan Jaramillo, como si de una esclava se tratase. Algunos podr\u00edan pensar que se trataba de una actitud normal en la \u00e9poca, pero huelga decir que ni todos los hombres de su tiempo eran fornicadores ni tan siquiera la mayor\u00eda\u00bb.<\/p>\n\n\n\n<h2 class=\"wp-block-heading\">APORTACIONES DEL LIBRO<\/h2>\n\n\n\n<p>Mira Caballos ha intentado, dice \u00e9l mismo, ser ecu\u00e1nime, tarea nada f\u00e1cil cuando se analiza una figura que vivi\u00f3 a caballo entre los siglos XV y XVI. Agrega que ha escrito un ensayo \u00abdesde la ciencia hist\u00f3rica y no desde la ideolog\u00eda\u00bb. Y sostiene que \u00abuna buena parte de la historiograf\u00eda&nbsp;<em>cortesiana&nbsp;<\/em>la debemos impugnar porque se mueve en t\u00e9rminos legendarios, de tonalidades negras y rosas. Recientemente, el influyente historiador israel\u00ed Noam Harari ha tildado de genocida al metelinense, mientras otros se\u00f1alan directamente su psicopat\u00eda cl\u00ednica\u00bb. A\u00f1ade Mira Caballos que ha hecho acopio de la bibliograf\u00eda m\u00e1s reciente y afirma haber revisado las fuentes documentales, \u00ablo que me ha permitido poder matizar algunos aspectos de su biograf\u00eda, como su nacimiento en 1484 -y no en 1485-, su vinculaci\u00f3n con el condado de Medell\u00edn pero tambi\u00e9n con Alange, o concretar la extensa parentela de primos y t\u00edos que ten\u00eda en su localidad natal\u00bb. Agrega que lleva investigando a Cort\u00e9s desde hace m\u00e1s de 30 a\u00f1os y le ha dedicado varios libros y muchos art\u00edculos. \u00abEste libro es mi \u00faltima palabra sobre \u00e9l\u00bb.<\/p>\n\n\n\n<h2 class=\"wp-block-heading\">ORIGEN HUMILDE<\/h2>\n\n\n\n<p>Hern\u00e1n Cort\u00e9s escribi\u00f3 mucho sobre sus haza\u00f1as pero muy poco sobre \u00e9l. En el libro se comenta su posible pasado de jud\u00edo converso. De entrada, Mira Caballos considera que una vez alcanzada la fama \u00abno quiso nunca abundar en sus or\u00edgenes que sin ser plebeyos, eran bastante humildes. Una familia hidalga de un pueblito peque\u00f1o como era Medell\u00edn. El caso es que \u00e9l ni aludi\u00f3 a su pueblo natal, ni realiz\u00f3 inversiones, ni se construy\u00f3 un palacio como hicieron otros conquistadores. \u00c9l se enamor\u00f3 de la tierra que con tanto esfuerzo conquist\u00f3, por eso yo siempre digo que Hern\u00e1n Cort\u00e9s fue el primer mexicano\u00bb.<\/p>\n\n\n\n<h2 class=\"wp-block-heading\">PENSANDO EN EL FUTURO<\/h2>\n\n\n\n<p>Puesto en el aprieto de comparar a Cort\u00e9s con otros conquistadores espa\u00f1oles, Esteban Mira Caballos asegura que fue \u00abel m\u00e1s genial de los conquistadores pero no por su supuesta capacidad estrat\u00e9gica sino porque pens\u00f3 en la posteridad. \u00c9l no solo pens\u00f3 en su presente sino que tambi\u00e9n pens\u00f3 en c\u00f3mo lo ver\u00edan a \u00e9l las generaciones futuras. Por eso parti\u00f3 de \u00e9l su propia&nbsp;<em>heroizaci\u00f3n<\/em>, en sus Cartas de relaci\u00f3n, pero tambi\u00e9n rode\u00e1ndose de escritores valiosos, como Francisco L\u00f3pez de G\u00f3mara o Francisco Fern\u00e1ndez de Salazar, que contribuyeron a su proyecto. El mayor m\u00e9rito de Hern\u00e1n Cort\u00e9s es la capacidad excepcional para fascinar a miles de personas a lo largo de cinco siglos. Y prueba de esa fascinaci\u00f3n es que todav\u00eda en pleno 2021 seguimos debatiendo sobre \u00e9l\u00bb.<\/p>\n\n\n\n<h2 class=\"wp-block-heading\">HABILIDAD NEGOCIADORA<\/h2>\n\n\n\n<p>En el libro se da fe de su car\u00e1cter \u00abpactista\u00bb, su \u00abhabilidad negociadora\u00bb. \u00abTodos los guerreros de todos los tiempos han intentado alcanzar acuerdos, siendo la guerra la continuaci\u00f3n de la pol\u00edtica por otros medios, como dir\u00eda Carl von Clausewitz\u00bb, comenta por correo electr\u00f3ncio Mira Caballos. \u00abSin embargo, el mayor m\u00e9rito de Cort\u00e9s fue su capacidad pactista, superior a la de otros militares y conquistadores. \u00c9l siempre estaba abierto al armisticio, incluso despu\u00e9s de haberse iniciado las hostilidades. De manera que todos los enemigos una vez sometidos, los convert\u00eda en amigos por lo que su fuerza se iba incrementando a cada paso. Hubo dos pactos decisivos, primero el que firm\u00f3 con los tlaxcaltecas y, segundo, el que hizo con los 1.400 hombres de P\u00e1nfilo de Narv\u00e1ez que una vez derrotados los incorpor\u00f3 a su proyecto conquistador. Esa capacidad para alcanzar acuerdos es el aspecto m\u00e1s singular de su forma de entender la conquista y la que le permiti\u00f3 conquistar todo un imperio en apenas dos a\u00f1os\u00bb.<\/p>\n\n\n\n<h2 class=\"wp-block-heading\">UN HOMBRE CULTO, PERO SIN ESTUDIOS<\/h2>\n\n\n\n<p>Hern\u00e1n Cort\u00e9s escribi\u00f3 no poco, pero \u00bfescrib\u00eda bien, c\u00f3mo eran sus escritos, se autoelogiaba? \u00abPese a que nunca tuvo un t\u00edtulo acad\u00e9mico, ni siquiera el de bachiller, era una persona culta con un buen conocimiento jur\u00eddico y una buena capacidad lectora y escritora. Sus Cartas de relaci\u00f3n est\u00e1n pensadas para justificar sus hechos ante el emperador. Era consciente que hab\u00eda traicionado a un gobernador como Diego Vel\u00e1zquez, que adem\u00e1s era adelantado de Yucat\u00e1n. Si no hubiese jugado bien sus bazas, entre ellas sus famosas cartas dirigidas al emperador, es posible que hubiese acabado ajusticiado. Por ese motivo, sus Cartas de relaci\u00f3n hay que leerlas con prevenci\u00f3n, sabiendo qu\u00e9 eran y qu\u00e9 motivaba al que las escribi\u00f3.\u00bb<\/p>\n\n\n\n<h2 class=\"wp-block-heading\">SOBRE SU &#8216;AMIGO&#8217; MOCTEZUMA<\/h2>\n\n\n\n<p>\u00bfEran Cort\u00e9s y Moctezuma, en cierto punto, similares, les un\u00eda algo? \u00abCort\u00e9s y Moctezuma ten\u00edan mucho m\u00e1s en com\u00fan de lo que la gente cree. Ambos eran dos guerreros sangrientos, cultos, muy religiosos y con una buena capacidad dial\u00e9ctica. Ambos protagonizaron un juego de enga\u00f1os fingiendo quererse mucho cuando en el fondo tramaban c\u00f3mo deshacerse de su oponente. Cort\u00e9s dec\u00eda quererlo como a un hermano al tiempo que trataba de arrebatarle su imperio o, como m\u00ednimo, de convertirlo en tributario. Moctezuma tambi\u00e9n fing\u00eda ese aprecio, pero no dud\u00f3 en mandar emisarios a P\u00e1nfilo de Narv\u00e1ez para entenderse con \u00e9l y acabar con u peor pesadilla que era el de Medell\u00edn.<\/p>\n\n\n\n<h2 class=\"wp-block-heading\">EL CORT\u00c9S DESCUBRIDOR Y CART\u00d3GRAFO<\/h2>\n\n\n\n<p>En el cap\u00edtulo&nbsp;<em>Su esp\u00edritu inquieto<\/em>&nbsp;se dice que Cort\u00e9s no se conform\u00f3 con las conquistas sino que explor\u00f3 y cartografi\u00f3 nuevos territorios. \u00abSi no hubiese existido el imperio mexica, Cort\u00e9s habr\u00eda pasado a la historia como el descubridor de la costa pac\u00edfica mesoamericana y el golfo de California. Sorprende que siendo ya inmensamente rico, despu\u00e9s de la ca\u00edda de Tenochtitlan se enfrascase en su sue\u00f1o de conocer los secretos de la tierra, mandando expediciones, como la de su primo \u00c1lvaro de Saavedra Cer\u00f3n a las islas Molucas. Este inaugur\u00f3 una ruta de ida desde Am\u00e9rica a Asia que tendr\u00e1 una duraci\u00f3n de varios siglos. Fracas\u00f3 porque no encontr\u00f3 el tornaviaje, pero dio la pista decisiva a Andr\u00e9s de Urdaneta, al demostrar que no se pod\u00eda volver por latitudes tan bajas. Despu\u00e9s mand\u00f3 otras expediciones a recorrer la costa del Pac\u00edfico tratando de encontrar un estrecho, e incluso \u00e9l personalmente se embarc\u00f3 en 1535 con la idea de poblar la zona de California. Y tambi\u00e9n envi\u00f3 a Per\u00fa a Hernando de Grijalva, inaugurando asimismo, la ruta comercial entre Nueva Espa\u00f1a y Nueva Castilla\u00bb.<\/p>\n\n\n\n<h2 class=\"wp-block-heading\">CORTES, MALINCHE Y OTRAS MUJERES<\/h2>\n\n\n\n<p>La relaci\u00f3n de Hern\u00e1n Cort\u00e9s con las mujeres y con La Malinche merece un cap\u00edtulo aparte, ya que, seg\u00fan se lee en el libro, tuvo numerosas relaciones. \u00abMantuvo relaciones con decenas de mujeres y cuando se aburr\u00eda las&nbsp;<em>regalaba&nbsp;<\/em>a alg\u00fan amigo como hizo con la Malinche. El gran error de \u00e9sta fue enamorarse de una persona que no le correspondi\u00f3 en su justa medida. Jam\u00e1s le dedic\u00f3 el m\u00e1s m\u00ednimo elogia a una persona como la Malinche, que fue fundamental en la conquista porque resolvi\u00f3 el problema de la incomunicaci\u00f3n. Y pese a que tuvo un hijo con ella al que quiso mucho, cuando se hart\u00f3 de la relaci\u00f3n la entreg\u00f3 al salvaterrano Juan Jaramillo.<\/p>\n\n\n\n<h2 class=\"wp-block-heading\">EL MITO DE QUEMAR LAS NAVES<\/h2>\n\n\n\n<p>\u00bfC\u00f3mo fue el famoso episodio de quemar las naves? Parece que no las quem\u00f3, exactamente, sino que las inutiliz\u00f3. \u00abEs otro de los mitos, probablemente divulgado intencionadamente por sus hagi\u00f3grafos. Simplemente las desguaz\u00f3 y adem\u00e1s no lo hizo tanto por evitar el retroceso, como \u00e9l mismo dijo, sino para evitar que los fieles a Diego Vel\u00e1zquez, se alzasen con alguna de esas naves y regresasen a contarle la traici\u00f3n que se estaba consumando.<\/p>\n\n\n\n<h2 class=\"wp-block-heading\">FRASES PARA LA HISTORIA<\/h2>\n\n\n\n<p>Esteban Mira Caballos recoge una frase con la que Hern\u00e1n Cort\u00e9s arengaba a sus s\u00fabditos antes de entrar en batalla: \u00abLa vida vida es breve, la muerte cierta, el bien vivir es bueno, pero el bien morir glorioso\u00bb. \u00bfUtiliz\u00f3 otras semejantes? \u00abCort\u00e9s era una persona muy ocurrente y con una buena capacidad dial\u00e9ctica por lo que conocemos decenas de arengas a sus hombres, que pronunciaba para levantar su \u00e1nimo antes de entrar en combate. Por ejemplo, antes de enfrentarse a P\u00e1nfilo de Narv\u00e1ez, que le cuadruplicaba en fuerzas, les espet\u00f3 a sus hombres que \u00abaunque eran pocos, val\u00eda m\u00e1s a quien Dios ayuda que no a quien mucho madruga\u00bb.<\/p>\n\n\n\n<h2 class=\"wp-block-heading\">ARENGAS ANTES DE LA BATALLA<\/h2>\n\n\n\n<p>\u00bfEra norma que antes de batirse con el enemigo las tropas escucharan misa y luego oyeran a Cort\u00e9s o era rasgo de su personalidad? \u00abEra habitual que los mandos del ej\u00e9rcito levantasen la moral de sus hombres areng\u00e1ndolos al combate. Pero Hern\u00e1n Cort\u00e9s era especialmente locuaz y siempre ten\u00eda alguna cita interesante, casi siempre relacionada con la certeza de que Dios estaba con ello, que era una guerra sagrada y que por tanto, \u00e9l los ayudar\u00eda en la victoria\u00bb.<\/p>\n\n\n\n<h2 class=\"wp-block-heading\">REVISIONISMO<\/h2>\n\n\n\n<p>\u00bfQu\u00e9 piensa de los a<em>taques<\/em>\u00a0o el revisionismo de algunos de los actuales mexicanos sobre los conquistadores espa\u00f1oles? \u00abEn M\u00e9xico hay un sector importante de la poblaci\u00f3n al que le han ense\u00f1ado en el colegio que Hern\u00e1n Cort\u00e9s fue un invasor que destruy\u00f3 M\u00e9xico, aniquilando la gran civilizaci\u00f3n mexicana. Obviamente, es falso, porque en M\u00e9xico, como es bien sabido, hubo una guerra donde la mayor\u00eda de los combatientes eran naturales del Anahuac\u00bb, opina el profesor Mira Caballos. \u00abNi los mexicas eran el M\u00e9xico actual -eran menos de la quinta parte del M\u00e9xico actual y la d\u00e9cima parte de lo que fue la Nueva Espa\u00f1a- ni los que lo destruyeron eran exactamente espa\u00f1oles. De hecho, los espa\u00f1oles eran un peque\u00f1o grupo dentro del bando invasor, en el que la mayor\u00eda eran naturales del Anahuac. El enfrentamiento tuvo mucho de guerra civil. Sin embargo, quiero insistir que es una visi\u00f3n a pie de calle, que no se refleja en los medios acad\u00e9micos. Los historiadores mexicanos no tienen grandes diferencias con los espa\u00f1oles y de hecho los grandes\u00a0<em>cortesianistas\u00a0<\/em>contempor\u00e1neos son mexicanos, como Lucas Alam\u00e1n, Carlos Pereira, Jos\u00e9 Vasconcelos, Jos\u00e9 Luis Mart\u00ednez o Juan Miralles\u00bb.<\/p>\n\n\n\n<p>Fuente: https:\/\/www.elmundo.es\/cultura\/literatura\/2021\/04\/17\/60797d9cfdddff46258b45f1.html<\/p>\n","protected":false},"excerpt":{"rendered":"<p>El profesor Esteban Mira Caballos publica un ensayo sin manique\u00edsmos sobre el conquistador. \u00abMantuvo decenas de relaciones con mujeres y [&hellip;]<\/p>\n","protected":false},"author":1,"featured_media":7027,"comment_status":"open","ping_status":"open","sticky":false,"template":"","format":"standard","meta":{"site-sidebar-layout":"default","site-content-layout":"","ast-site-content-layout":"default","site-content-style":"default","site-sidebar-style":"default","ast-global-header-display":"","ast-banner-title-visibility":"","ast-main-header-display":"","ast-hfb-above-header-display":"","ast-hfb-below-header-display":"","ast-hfb-mobile-header-display":"","site-post-title":"","ast-breadcrumbs-content":"","ast-featured-img":"","footer-sml-layout":"","theme-transparent-header-meta":"","adv-header-id-meta":"","stick-header-meta":"","header-above-stick-meta":"","header-main-stick-meta":"","header-below-stick-meta":"","astra-migrate-meta-layouts":"default","ast-page-background-enabled":"default","ast-page-background-meta":{"desktop":{"background-color":"var(--ast-global-color-4)","background-image":"","background-repeat":"repeat","background-position":"center center","background-size":"auto","background-attachment":"scroll","background-type":"","background-media":"","overlay-type":"","overlay-color":"","overlay-opacity":"","overlay-gradient":""},"tablet":{"background-color":"","background-image":"","background-repeat":"repeat","background-position":"center center","background-size":"auto","background-attachment":"scroll","background-type":"","background-media":"","overlay-type":"","overlay-color":"","overlay-opacity":"","overlay-gradient":""},"mobile":{"background-color":"","background-image":"","background-repeat":"repeat","background-position":"center center","background-size":"auto","background-attachment":"scroll","background-type":"","background-media":"","overlay-type":"","overlay-color":"","overlay-opacity":"","overlay-gradient":""}},"ast-content-background-meta":{"desktop":{"background-color":"var(--ast-global-color-5)","background-image":"","background-repeat":"repeat","background-position":"center center","background-size":"auto","background-attachment":"scroll","background-type":"","background-media":"","overlay-type":"","overlay-color":"","overlay-opacity":"","overlay-gradient":""},"tablet":{"background-color":"var(--ast-global-color-5)","background-image":"","background-repeat":"repeat","background-position":"center center","background-size":"auto","background-attachment":"scroll","background-type":"","background-media":"","overlay-type":"","overlay-color":"","overlay-opacity":"","overlay-gradient":""},"mobile":{"background-color":"var(--ast-global-color-5)","background-image":"","background-repeat":"repeat","background-position":"center center","background-size":"auto","background-attachment":"scroll","background-type":"","background-media":"","overlay-type":"","overlay-color":"","overlay-opacity":"","overlay-gradient":""}},"footnotes":""},"categories":[8],"tags":[1075,1074,1076],"class_list":["post-7026","post","type-post","status-publish","format-standard","has-post-thumbnail","hentry","category-noticias","tag-esteban-mira-caballos","tag-hernan-cortes","tag-hernan-cortes-ni-santo-providencialista-ni-genocida"],"_links":{"self":[{"href":"https:\/\/losperiodistas.com.mx\/portal\/wp-json\/wp\/v2\/posts\/7026","targetHints":{"allow":["GET"]}}],"collection":[{"href":"https:\/\/losperiodistas.com.mx\/portal\/wp-json\/wp\/v2\/posts"}],"about":[{"href":"https:\/\/losperiodistas.com.mx\/portal\/wp-json\/wp\/v2\/types\/post"}],"author":[{"embeddable":true,"href":"https:\/\/losperiodistas.com.mx\/portal\/wp-json\/wp\/v2\/users\/1"}],"replies":[{"embeddable":true,"href":"https:\/\/losperiodistas.com.mx\/portal\/wp-json\/wp\/v2\/comments?post=7026"}],"version-history":[{"count":2,"href":"https:\/\/losperiodistas.com.mx\/portal\/wp-json\/wp\/v2\/posts\/7026\/revisions"}],"predecessor-version":[{"id":7041,"href":"https:\/\/losperiodistas.com.mx\/portal\/wp-json\/wp\/v2\/posts\/7026\/revisions\/7041"}],"wp:featuredmedia":[{"embeddable":true,"href":"https:\/\/losperiodistas.com.mx\/portal\/wp-json\/wp\/v2\/media\/7027"}],"wp:attachment":[{"href":"https:\/\/losperiodistas.com.mx\/portal\/wp-json\/wp\/v2\/media?parent=7026"}],"wp:term":[{"taxonomy":"category","embeddable":true,"href":"https:\/\/losperiodistas.com.mx\/portal\/wp-json\/wp\/v2\/categories?post=7026"},{"taxonomy":"post_tag","embeddable":true,"href":"https:\/\/losperiodistas.com.mx\/portal\/wp-json\/wp\/v2\/tags?post=7026"}],"curies":[{"name":"wp","href":"https:\/\/api.w.org\/{rel}","templated":true}]}}