{"id":7023,"date":"2021-04-18T09:34:33","date_gmt":"2021-04-18T14:34:33","guid":{"rendered":"http:\/\/losperiodistas.com.mx\/portal\/?p=7023"},"modified":"2021-04-18T10:20:34","modified_gmt":"2021-04-18T15:20:34","slug":"los-carteles-quieren-independizarse-de-colombia-y-peru-con-la-cocaina-mexicana-no-les-sera-facil","status":"publish","type":"post","link":"https:\/\/losperiodistas.com.mx\/portal\/los-carteles-quieren-independizarse-de-colombia-y-peru-con-la-cocaina-mexicana-no-les-sera-facil\/","title":{"rendered":"Los c\u00e1rteles quieren independizarse de Colombia y Per\u00fa con la \u201ccoca\u00edna mexicana\u201d: no les ser\u00e1 f\u00e1cil | Infobae"},"content":{"rendered":"\n<p style=\"font-size:18px\"><em>Un experto analiz\u00f3 con Infobae M\u00e9xico los recientes hallazgos de plant\u00edos de coca en el sureste y el panorama que enfrenta la producci\u00f3n ilegal del estupefaciente<\/em><\/p>\n\n\n\n<figure class=\"wp-block-image size-large\"><img fetchpriority=\"high\" decoding=\"async\" width=\"1024\" height=\"758\" src=\"https:\/\/losperiodistas.com.mx\/portal\/wp-content\/uploads\/2021\/04\/Captura-de-Pantalla-2021-04-18-a-las-9.31.14-1024x758.jpg\" alt=\"\" class=\"wp-image-7024\" srcset=\"https:\/\/losperiodistas.com.mx\/portal\/wp-content\/uploads\/2021\/04\/Captura-de-Pantalla-2021-04-18-a-las-9.31.14-1024x758.jpg 1024w, https:\/\/losperiodistas.com.mx\/portal\/wp-content\/uploads\/2021\/04\/Captura-de-Pantalla-2021-04-18-a-las-9.31.14-300x222.jpg 300w, https:\/\/losperiodistas.com.mx\/portal\/wp-content\/uploads\/2021\/04\/Captura-de-Pantalla-2021-04-18-a-las-9.31.14-768x568.jpg 768w, https:\/\/losperiodistas.com.mx\/portal\/wp-content\/uploads\/2021\/04\/Captura-de-Pantalla-2021-04-18-a-las-9.31.14.jpg 1522w\" sizes=\"(max-width: 1024px) 100vw, 1024px\" \/><\/figure>\n\n\n\n<p><\/p>\n\n\n\n<p class=\"has-vivid-cyan-blue-color has-text-color has-medium-font-size\">GIBR\u00c1N CASAS \/ INFOBAE<\/p>\n\n\n\n<p>\u201c<strong>En el estado de Guerrero no se hab\u00eda tenido registro alguno de este tipo de plant\u00edos&#8230; Por eso es algo relevante<\/strong>\u201d, dijo a los medios el pasado 9 de febrero el coronel Enrique Ben\u00edtez Campoy, luego de que el Ej\u00e9rcito Mexicano descubriera&nbsp;<strong>cuatro hect\u00e1reas de planta de coca&nbsp;<\/strong>y un laboratorio para procesarla en&nbsp;<strong>Atoyac de \u00c1lvarez,<\/strong>&nbsp;a 180 kil\u00f3metros de Acapulco.<\/p>\n\n\n\n<p>El primero de estos hallazgos en territorio mexicano, seg\u00fan el Ej\u00e9rcito, se registr\u00f3 en septiembre del 2014 en Chiapas,&nbsp;<strong>cerca de la frontera con Guatemala.&nbsp;<\/strong>Las autoridades localizaron en Tuxtla Chico un predio de&nbsp;<strong>1.250 metros cuadrados&nbsp;<\/strong>con&nbsp;<strong>1.639 plantas.&nbsp;<\/strong>El descubrimiento se produjo a ra\u00edz tanto de una llamada an\u00f3nima como del interrogatorio a tres personas detenidas con180 kilogramos de hoja de cocaen un domicilio de Tapachula.PUBLICIDAD<\/p>\n\n\n\n<p><strong>\u201cSe tiene conocimiento que es el primer plant\u00edo que se localiza a nivel nacional de este tipo de planta\u201d,&nbsp;<\/strong>asegur\u00f3 en aquel entonces el generalSergio Ernesto Mart\u00ednez Rescalvo, comandante de la 36 Zona Militar.<\/p>\n\n\n\n<p>La Oficina de las Naciones Unidas contra la Droga y el Delito fue m\u00e1s lejos al afirmar que se trataba del<strong>&nbsp;primer hallazgo de este tipo de cultivo en la zona Norte y Centroam\u00e9rica<\/strong>, donde hasta entonces s\u00f3lo se hab\u00edan encontrado laboratorios para refinar la base de coca,&nbsp;<strong>no para cultivar y procesar la planta.<\/strong><img decoding=\"async\" alt=\"REUTERS\/Javier Verdin\" height=\"3840\" width=\"5760\" src=\"https:\/\/www.infobae.com\/new-resizer\/ToJvVhxz6KST_fiusy6e9xB_cOo=\/420x280\/filters:format(jpg):quality(85)\/cloudfront-us-east-1.images.arcpublishing.com\/infobae\/6Q6Q4M7IRDSQDYIKLPMMNKBYBA.jpg\" srcset=\"https:\/\/www.infobae.com\/new-resizer\/ToJvVhxz6KST_fiusy6e9xB_cOo=\/420x280\/filters:format(jpg):quality(85)\/cloudfront-us-east-1.images.arcpublishing.com\/infobae\/6Q6Q4M7IRDSQDYIKLPMMNKBYBA.jpg 420w,https:\/\/www.infobae.com\/new-resizer\/6he0ysIuxKAy8qp3TdCW-pUfeCc=\/768x512\/filters:format(jpg):quality(85)\/cloudfront-us-east-1.images.arcpublishing.com\/infobae\/6Q6Q4M7IRDSQDYIKLPMMNKBYBA.jpg 768w,https:\/\/www.infobae.com\/new-resizer\/grOS6Nq3Mwaf1oUf4fabaQA7YSw=\/992x661\/filters:format(jpg):quality(85)\/cloudfront-us-east-1.images.arcpublishing.com\/infobae\/6Q6Q4M7IRDSQDYIKLPMMNKBYBA.jpg 992w,https:\/\/www.infobae.com\/new-resizer\/kXt_F4q2-Nmn6ieqPMoQORQXDNs=\/1200x800\/filters:format(jpg):quality(85)\/cloudfront-us-east-1.images.arcpublishing.com\/infobae\/6Q6Q4M7IRDSQDYIKLPMMNKBYBA.jpg 1200w\">REUTERS\/Javier Verdin<\/p>\n\n\n\n<p>En contraste con las declaraciones del Ej\u00e9rcito, el profesor&nbsp;<strong>Armando Rodr\u00edguez Luna<\/strong>, director de proyectos de la Divisi\u00f3n de Seguridad e Inteligencia en la consultora Strategic Affairs, explic\u00f3 que los c\u00e1rteles mexicanos intentaron desde los a\u00f1os noventa \u2014concretamente el C\u00e1rtel de Sinaloa\u2014&nbsp;<strong>cultivar, transformar y producir<\/strong>&nbsp;la hoja de coca.<\/p>\n\n\n\n<p>Sin embargo, la escasa tecnolog\u00eda con que se contaba en ese momento impidi\u00f3 que aquellos experimentos prosperaran, pues se depend\u00eda demasiado de las&nbsp;<strong>condiciones clim\u00e1ticas propicias&nbsp;<\/strong>para el crecimiento de la planta. La hegemon\u00eda de la producci\u00f3n mundial de coca\u00edna pr\u00e1cticamente pertenece a los pa\u00edses andinos suramericanos,&nbsp;<strong>aunque con mayor relevancia en Colombia y Per\u00fa.<\/strong><\/p>\n\n\n\n<p>\u201cColombia y Per\u00fa son los que m\u00e1s producen.&nbsp;<strong>Estamos hablando que entre los dos podr\u00edan generar alrededor de 500 a 600 toneladas m\u00e9tricas de producto.&nbsp;<\/strong>En el resto de los pa\u00edses andinos generalmente se producen 1000 toneladas m\u00e9tricas en promedio cada a\u00f1o\u201d, dijo en entrevista para&nbsp;<em>Infobae M\u00e9xico.<\/em><\/p>\n\n\n\n<p>Hoy en d\u00eda la tecnolog\u00eda que se requierepara tener \u00e9xito en este tipo de cultivos&nbsp;<strong>es m\u00e1s accesible, particularmente en el tema de los fertilizantes<\/strong>, asegur\u00f3 Luna, pero a\u00fan as\u00ed es poco probable que en el corto plazo M\u00e9xico produzca la suficiente cantidad de coca\u00edna para impactar en el tr\u00e1fico internacional.<img decoding=\"async\" alt=\"Un miembro del Ej\u00e9rcito muestra el campamento y laboratorio clandestino que el Ej\u00e9rcito Mexicano destruy\u00f3 junto a cuatro hect\u00e1reas de plantas de coca, hoy en el municipio de Atoyac de \u00c1lvarez, en la sierra del estado de Guerrero (M\u00e9xico). EFE\/David Guzm\u00e1n\n\" height=\"4480\" width=\"6720\" src=\"https:\/\/www.infobae.com\/new-resizer\/7heRo5s14QZL73V2-v6UTQ1fVMQ=\/420x280\/filters:format(jpg):quality(85)\/cloudfront-us-east-1.images.arcpublishing.com\/infobae\/QIDPPWKV7FDS3HWCRLJL4Q2NRQ.jpg\" srcset=\"https:\/\/www.infobae.com\/new-resizer\/7heRo5s14QZL73V2-v6UTQ1fVMQ=\/420x280\/filters:format(jpg):quality(85)\/cloudfront-us-east-1.images.arcpublishing.com\/infobae\/QIDPPWKV7FDS3HWCRLJL4Q2NRQ.jpg 420w,https:\/\/www.infobae.com\/new-resizer\/aSSkkIr6XkeLpxw-QxzDVL6GOas=\/768x512\/filters:format(jpg):quality(85)\/cloudfront-us-east-1.images.arcpublishing.com\/infobae\/QIDPPWKV7FDS3HWCRLJL4Q2NRQ.jpg 768w,https:\/\/www.infobae.com\/new-resizer\/jQvChOBNt1elFebWvLolyKZpo1c=\/992x661\/filters:format(jpg):quality(85)\/cloudfront-us-east-1.images.arcpublishing.com\/infobae\/QIDPPWKV7FDS3HWCRLJL4Q2NRQ.jpg 992w,https:\/\/www.infobae.com\/new-resizer\/N2PfT5nbUyGCF1rJRYS-Vu-hNqM=\/1200x800\/filters:format(jpg):quality(85)\/cloudfront-us-east-1.images.arcpublishing.com\/infobae\/QIDPPWKV7FDS3HWCRLJL4Q2NRQ.jpg 1200w\">Un miembro del Ej\u00e9rcito muestra el campamento y laboratorio clandestino que el Ej\u00e9rcito Mexicano destruy\u00f3 junto a cuatro hect\u00e1reas de plantas de coca, hoy en el municipio de Atoyac de \u00c1lvarez, en la sierra del estado de Guerrero (M\u00e9xico). EFE\/David Guzm\u00e1n<\/p>\n\n\n\n<p>\u201c<strong>Para generar esto se requiere, adem\u00e1s de extensas \u00e1reas, una log\u00edstica muy compleja para el cultivo. En el caso de M\u00e9xico, a\u00fan cuando se tuviera \u00e9xito en algunos lugares de Guerrero, no se tendr\u00edan en el futuro inmediato las condiciones propicias para producir una cantidad importante en t\u00e9rminos de toneladas m\u00e9tricas\u201d<\/strong>, afirm\u00f3.<\/p>\n\n\n\n<p>De acuerdo con el investigador, a pesar de que esta actividad podr\u00eda extenderse a otros estados como Jalisco, Colima o Sinaloa (aunque principalmente Nayarit),&nbsp;<strong>a\u00fan no se tendr\u00eda la capacidad de competir con las naciones andinas y su larga tradici\u00f3n de cultivo de coca.<\/strong><\/p>\n\n\n\n<p>Para que los narcotraficantes mexicanos se consoliden como productores de coca\u00edna, asegur\u00f3 el experto,&nbsp;<strong>tendr\u00eda que llevarse a cabo un proceso intenso de transformaci\u00f3n dentro de las muchas \u00e1reas de cultivo que existen en el pa\u00eds,<\/strong>&nbsp;las cuales est\u00e1n dedicadas principalmente al cultivo de amapola y marihuana.<\/p>\n\n\n\n<p>No obstante, donde s\u00ed se ver\u00eda un impacto inmediato, asegur\u00f3, ser\u00eda en&nbsp;<strong>la violencia por el control de los territorios para poder llevar a cabo estos procesos de cultivo y producci\u00f3n.<\/strong><img loading=\"lazy\" decoding=\"async\" alt=\"Un campo de amapola en la comunidad de Ahuixotitla, Guerrero, M\u00e9xico FOTO: Brett Gundlock para The New York Times\" height=\"936\" width=\"1406\" src=\"https:\/\/www.infobae.com\/new-resizer\/0DacOvbF8TjhKLVAvev5sr-EL4k=\/420x280\/filters:format(jpg):quality(85)\/cloudfront-us-east-1.images.arcpublishing.com\/infobae\/CX7HTSP24RAT7AR6ECEQIRY2AY.jpg\" srcset=\"https:\/\/www.infobae.com\/new-resizer\/0DacOvbF8TjhKLVAvev5sr-EL4k=\/420x280\/filters:format(jpg):quality(85)\/cloudfront-us-east-1.images.arcpublishing.com\/infobae\/CX7HTSP24RAT7AR6ECEQIRY2AY.jpg 420w,https:\/\/www.infobae.com\/new-resizer\/N-biPBp9-8Yq312NFawRfnOOibo=\/768x512\/filters:format(jpg):quality(85)\/cloudfront-us-east-1.images.arcpublishing.com\/infobae\/CX7HTSP24RAT7AR6ECEQIRY2AY.jpg 768w,https:\/\/www.infobae.com\/new-resizer\/dR-Yl2D-hmg5AWckuIAfxaipe_U=\/992x661\/filters:format(jpg):quality(85)\/cloudfront-us-east-1.images.arcpublishing.com\/infobae\/CX7HTSP24RAT7AR6ECEQIRY2AY.jpg 992w,https:\/\/www.infobae.com\/new-resizer\/cCBC_XmTfxAEPCrMP3-NU0NhlqY=\/1200x800\/filters:format(jpg):quality(85)\/cloudfront-us-east-1.images.arcpublishing.com\/infobae\/CX7HTSP24RAT7AR6ECEQIRY2AY.jpg 1200w\">Un campo de amapola en la comunidad de Ahuixotitla, Guerrero, M\u00e9xico FOTO: Brett Gundlock para The New York Times<\/p>\n\n\n\n<p><strong>\u201cAh\u00ed s\u00ed habr\u00eda un impacto directo y ser\u00eda algo muy similar a lo que vimos en el lustro pasado, los cinco u ocho a\u00f1os anteriores, donde el control por el llamado tri\u00e1ngulo de la hero\u00edna gener\u00f3 una cantidad importante de violencia, principalmente en Guerrero, aunque tambi\u00e9n influy\u00f3 en Michoac\u00e1n y Nayarit\u201d,&nbsp;<\/strong>explic\u00f3.<\/p>\n\n\n\n<p>La zona conocida como&nbsp;<strong>Tierra Caliente<\/strong>, que comprende el norte de Guerrero y algunas partes de Michoac\u00e1n y el Estado de M\u00e9xico, desbanc\u00f3 al \u201c<strong>Tri\u00e1ngulo Dorado<\/strong>\u201d \u2014Sinaloa, Chihuahua y Durango\u2014 como el primer productor de hero\u00edna hacia los Estados Unidos, inform\u00f3 en 2016&nbsp;<em>The Daily Beast.<\/em><\/p>\n\n\n\n<p>Quiz\u00e1 en un mediano plazo se podr\u00e1 ver el auge de una \u201c<strong>coca\u00edna mexicana<\/strong>\u201d, algo in\u00e9dito hasta ahora; pero probablemente a\u00fan falta bastante para que esto implique un cambio profundo en la producci\u00f3n de drogas estimulantes a nivel mundial.<\/p>\n\n\n\n<p>\u201cTomemos en cuenta que si bien estos grupos criminales tienen capacidad trasnacional y log\u00edstica para intervenir en el tr\u00e1fico internacional de drogas,<strong>&nbsp;tampoco cuentan con una dimensi\u00f3n tal que adem\u00e1s les permita llevar a cabo este tipo de proyectos, porque adem\u00e1s est\u00e1n inmersos en una din\u00e1mica de violencia por el control de diversas rutas, a\u00e9reas, mar\u00edtimas y terrestres en diversas partes del pa\u00eds<\/strong>\u201d, explic\u00f3 Rodr\u00edguez Luna.<img loading=\"lazy\" decoding=\"async\" alt=\"SEMAR\/Handout via REUTERS \" height=\"3072\" width=\"4608\" src=\"https:\/\/www.infobae.com\/new-resizer\/uFL8UKyHyyWwilBR1Vv9JEH1rDI=\/420x280\/filters:format(jpg):quality(85)\/cloudfront-us-east-1.images.arcpublishing.com\/infobae\/CJ4OHIRQEEU2EHGDNJBCN3WRB4.jpg\" srcset=\"https:\/\/www.infobae.com\/new-resizer\/uFL8UKyHyyWwilBR1Vv9JEH1rDI=\/420x280\/filters:format(jpg):quality(85)\/cloudfront-us-east-1.images.arcpublishing.com\/infobae\/CJ4OHIRQEEU2EHGDNJBCN3WRB4.jpg 420w,https:\/\/www.infobae.com\/new-resizer\/kQlqZJSNsrGiNf0EBOYFwrie3Co=\/768x512\/filters:format(jpg):quality(85)\/cloudfront-us-east-1.images.arcpublishing.com\/infobae\/CJ4OHIRQEEU2EHGDNJBCN3WRB4.jpg 768w,https:\/\/www.infobae.com\/new-resizer\/shUkW3RxCbwQdH2H_agCaxfhG0k=\/992x661\/filters:format(jpg):quality(85)\/cloudfront-us-east-1.images.arcpublishing.com\/infobae\/CJ4OHIRQEEU2EHGDNJBCN3WRB4.jpg 992w,https:\/\/www.infobae.com\/new-resizer\/13Jyvi4CVbwST7JFNhw2Bf5RFXE=\/1200x800\/filters:format(jpg):quality(85)\/cloudfront-us-east-1.images.arcpublishing.com\/infobae\/CJ4OHIRQEEU2EHGDNJBCN3WRB4.jpg 1200w\">SEMAR\/Handout via REUTERS<\/p>\n\n\n\n<p>\u201c<strong>Digamos que est\u00e1n ocupando diversos frentes, y ahorita eso es lo que m\u00e1s les est\u00e1 tomando recursos y tiempo\u201d,<\/strong>&nbsp;agreg\u00f3.<\/p>\n\n\n\n<p>El 17 de febrero el presidente Andr\u00e9s Manuel L\u00f3pez Obrador anunci\u00f3 que presentar\u00eda el programa alternativo&nbsp;<em>Sembrando Vida<\/em>&nbsp;para ofrecer otras alternativas de trabajo a los campesinos de esa regi\u00f3n.<\/p>\n\n\n\n<p>Explic\u00f3 que el objetivo del plan era que se sustituyeran los cultivos y se les diera \u201cotra opci\u00f3n a los productores de la sierra de Guerrero que se dedican al cultivo de mariguana y amapola, que tengan la opci\u00f3n de sembrar ma\u00edz y frijol, \u00e1rboles frutales y maderables,&nbsp;<strong>y que se les proteja tambi\u00e9n para que no los obliguen<\/strong>\u201d.<\/p>\n\n\n\n<p>Sin embargo, Rodr\u00edguez Luna asegur\u00f3 que a\u00fan no se ha implementado una estrategia que de verdad proteja a las personas que se dedican a estos cultivos, que regularmente son campesinos en condiciones precarias que reciben mejores retribuciones que si sembraran aguacate o chile,&nbsp;<strong>a\u00fan cuando ellos representen la escala m\u00e1s baja de retribuci\u00f3n dentro de la cadena.<\/strong><img loading=\"lazy\" decoding=\"async\" alt=\"REUTERS \/ Carlos Jasso \" height=\"1280\" width=\"1920\" src=\"https:\/\/www.infobae.com\/new-resizer\/W53-MLTt0K8_MfPepCa27Sp7Q2E=\/420x280\/filters:format(jpg):quality(85)\/cloudfront-us-east-1.images.arcpublishing.com\/infobae\/YL23MLV7NJD4VO6KIYOU4QHX2I.jpg\" srcset=\"https:\/\/www.infobae.com\/new-resizer\/W53-MLTt0K8_MfPepCa27Sp7Q2E=\/420x280\/filters:format(jpg):quality(85)\/cloudfront-us-east-1.images.arcpublishing.com\/infobae\/YL23MLV7NJD4VO6KIYOU4QHX2I.jpg 420w,https:\/\/www.infobae.com\/new-resizer\/LyKJqkNvRhr4W_BHJElzjv7M1eE=\/768x512\/filters:format(jpg):quality(85)\/cloudfront-us-east-1.images.arcpublishing.com\/infobae\/YL23MLV7NJD4VO6KIYOU4QHX2I.jpg 768w,https:\/\/www.infobae.com\/new-resizer\/pYcMit10hRLL-Mir8Gw7VFXqXi4=\/992x661\/filters:format(jpg):quality(85)\/cloudfront-us-east-1.images.arcpublishing.com\/infobae\/YL23MLV7NJD4VO6KIYOU4QHX2I.jpg 992w,https:\/\/www.infobae.com\/new-resizer\/bEUWUomjNcaLeZCgCxFm9ZlKQVE=\/1200x800\/filters:format(jpg):quality(85)\/cloudfront-us-east-1.images.arcpublishing.com\/infobae\/YL23MLV7NJD4VO6KIYOU4QHX2I.jpg 1200w\">REUTERS \/ Carlos Jasso<\/p>\n\n\n\n<p>Seg\u00fan un informe de la organizaci\u00f3n&nbsp;<em>Internacional Crisis Group<\/em>,&nbsp;<strong>en Guerrero operan al menos 40 grupos criminales.<\/strong><\/p>\n\n\n\n<p><strong>\u201cAunque el gobierno implemente alg\u00fan programa que les permitiera cultivar alg\u00fan producto agr\u00edcola legal, el control territorial que tienen estos grupos y la violencia que pueden ejercer sobre las comunidades campesinas les impedir\u00eda tomar cualquier tipo de programa gubernamental\u201d,&nbsp;<\/strong>explic\u00f3 el investigador especializado en crimen organizado internacional.<\/p>\n\n\n\n<p><strong>\u201cSe necesita una estrategia que les permita ir recuperando el control, m\u00e1s que de los territorios, de las relaciones pol\u00edticas, econ\u00f3micas y sociales, y eso no se ve por ning\u00fan lado, ni en este gobierno ni en los anteriores\u201d,<\/strong>&nbsp;concluy\u00f3.<\/p>\n\n\n\n<p>A pesar del auge de los opioides (sobre todo del fentanilo), el consumo de coca\u00edna \u2014lejos de reducirse\u2014 sigue aumentando en los Estados Unidos, y por lo tanto constituye una fuente importante de ingresos para los c\u00e1rteles mexicanos,&nbsp;<strong>tanto para exportar como para vender en el propio territorio.<\/strong><\/p>\n\n\n\n<p>Un informe de la Oficina de Naciones Unidas contra la Droga y el Delito (ONUDD) coloc\u00f3 a M\u00e9xico\u00a0<strong>entre los 10 pa\u00edses que m\u00e1s consumen coca\u00edna<\/strong>.<\/p>\n\n\n\n<p>Fuente: https:\/\/www.infobae.com\/america\/mexico\/2021\/04\/18\/los-carteles-quieren-independizarse-de-colombia-y-peru-con-la-cocaina-mexicana-no-les-sera-facil\/<\/p>\n","protected":false},"excerpt":{"rendered":"<p>Un experto analiz\u00f3 con Infobae M\u00e9xico los recientes hallazgos de plant\u00edos de coca en el sureste y el panorama que [&hellip;]<\/p>\n","protected":false},"author":1,"featured_media":7024,"comment_status":"open","ping_status":"open","sticky":false,"template":"","format":"standard","meta":{"site-sidebar-layout":"default","site-content-layout":"","ast-site-content-layout":"default","site-content-style":"default","site-sidebar-style":"default","ast-global-header-display":"","ast-banner-title-visibility":"","ast-main-header-display":"","ast-hfb-above-header-display":"","ast-hfb-below-header-display":"","ast-hfb-mobile-header-display":"","site-post-title":"","ast-breadcrumbs-content":"","ast-featured-img":"","footer-sml-layout":"","theme-transparent-header-meta":"","adv-header-id-meta":"","stick-header-meta":"","header-above-stick-meta":"","header-main-stick-meta":"","header-below-stick-meta":"","astra-migrate-meta-layouts":"default","ast-page-background-enabled":"default","ast-page-background-meta":{"desktop":{"background-color":"var(--ast-global-color-4)","background-image":"","background-repeat":"repeat","background-position":"center center","background-size":"auto","background-attachment":"scroll","background-type":"","background-media":"","overlay-type":"","overlay-color":"","overlay-opacity":"","overlay-gradient":""},"tablet":{"background-color":"","background-image":"","background-repeat":"repeat","background-position":"center center","background-size":"auto","background-attachment":"scroll","background-type":"","background-media":"","overlay-type":"","overlay-color":"","overlay-opacity":"","overlay-gradient":""},"mobile":{"background-color":"","background-image":"","background-repeat":"repeat","background-position":"center center","background-size":"auto","background-attachment":"scroll","background-type":"","background-media":"","overlay-type":"","overlay-color":"","overlay-opacity":"","overlay-gradient":""}},"ast-content-background-meta":{"desktop":{"background-color":"var(--ast-global-color-5)","background-image":"","background-repeat":"repeat","background-position":"center center","background-size":"auto","background-attachment":"scroll","background-type":"","background-media":"","overlay-type":"","overlay-color":"","overlay-opacity":"","overlay-gradient":""},"tablet":{"background-color":"var(--ast-global-color-5)","background-image":"","background-repeat":"repeat","background-position":"center center","background-size":"auto","background-attachment":"scroll","background-type":"","background-media":"","overlay-type":"","overlay-color":"","overlay-opacity":"","overlay-gradient":""},"mobile":{"background-color":"var(--ast-global-color-5)","background-image":"","background-repeat":"repeat","background-position":"center center","background-size":"auto","background-attachment":"scroll","background-type":"","background-media":"","overlay-type":"","overlay-color":"","overlay-opacity":"","overlay-gradient":""}},"footnotes":""},"categories":[8],"tags":[1072,1070,1071,1073],"class_list":["post-7023","post","type-post","status-publish","format-standard","has-post-thumbnail","hentry","category-noticias","tag-armando-rodriguez-luna","tag-enrique-benitez-campoy","tag-narcotrafico-guerrero","tag-strategic-affairs"],"_links":{"self":[{"href":"https:\/\/losperiodistas.com.mx\/portal\/wp-json\/wp\/v2\/posts\/7023","targetHints":{"allow":["GET"]}}],"collection":[{"href":"https:\/\/losperiodistas.com.mx\/portal\/wp-json\/wp\/v2\/posts"}],"about":[{"href":"https:\/\/losperiodistas.com.mx\/portal\/wp-json\/wp\/v2\/types\/post"}],"author":[{"embeddable":true,"href":"https:\/\/losperiodistas.com.mx\/portal\/wp-json\/wp\/v2\/users\/1"}],"replies":[{"embeddable":true,"href":"https:\/\/losperiodistas.com.mx\/portal\/wp-json\/wp\/v2\/comments?post=7023"}],"version-history":[{"count":2,"href":"https:\/\/losperiodistas.com.mx\/portal\/wp-json\/wp\/v2\/posts\/7023\/revisions"}],"predecessor-version":[{"id":7042,"href":"https:\/\/losperiodistas.com.mx\/portal\/wp-json\/wp\/v2\/posts\/7023\/revisions\/7042"}],"wp:featuredmedia":[{"embeddable":true,"href":"https:\/\/losperiodistas.com.mx\/portal\/wp-json\/wp\/v2\/media\/7024"}],"wp:attachment":[{"href":"https:\/\/losperiodistas.com.mx\/portal\/wp-json\/wp\/v2\/media?parent=7023"}],"wp:term":[{"taxonomy":"category","embeddable":true,"href":"https:\/\/losperiodistas.com.mx\/portal\/wp-json\/wp\/v2\/categories?post=7023"},{"taxonomy":"post_tag","embeddable":true,"href":"https:\/\/losperiodistas.com.mx\/portal\/wp-json\/wp\/v2\/tags?post=7023"}],"curies":[{"name":"wp","href":"https:\/\/api.w.org\/{rel}","templated":true}]}}