{"id":7020,"date":"2021-04-18T09:25:34","date_gmt":"2021-04-18T14:25:34","guid":{"rendered":"http:\/\/losperiodistas.com.mx\/portal\/?p=7020"},"modified":"2021-04-18T09:25:37","modified_gmt":"2021-04-18T14:25:37","slug":"mexico-reporta-17-muertes-de-personas-migrantes-en-2021-dw","status":"publish","type":"post","link":"https:\/\/losperiodistas.com.mx\/portal\/mexico-reporta-17-muertes-de-personas-migrantes-en-2021-dw\/","title":{"rendered":"M\u00e9xico reporta 17 muertes de personas migrantes en 2021 | DW"},"content":{"rendered":"\n<p style=\"font-size:18px\"><em>En la frontera de Estados Unidos con M\u00e9xico, m\u00e1s de 172.000 personas migrantes fueron detenidas en marzo, un alza del 71% en un mes y el nivel m\u00e1s alto en 15 a\u00f1os.<\/em><\/p>\n\n\n\n<figure class=\"wp-block-image size-large\"><img fetchpriority=\"high\" decoding=\"async\" width=\"1024\" height=\"579\" src=\"https:\/\/losperiodistas.com.mx\/portal\/wp-content\/uploads\/2021\/04\/Captura-de-Pantalla-2021-04-18-a-las-9.22.51-1024x579.jpg\" alt=\"\" class=\"wp-image-7021\" srcset=\"https:\/\/losperiodistas.com.mx\/portal\/wp-content\/uploads\/2021\/04\/Captura-de-Pantalla-2021-04-18-a-las-9.22.51-1024x579.jpg 1024w, https:\/\/losperiodistas.com.mx\/portal\/wp-content\/uploads\/2021\/04\/Captura-de-Pantalla-2021-04-18-a-las-9.22.51-300x170.jpg 300w, https:\/\/losperiodistas.com.mx\/portal\/wp-content\/uploads\/2021\/04\/Captura-de-Pantalla-2021-04-18-a-las-9.22.51-768x434.jpg 768w, https:\/\/losperiodistas.com.mx\/portal\/wp-content\/uploads\/2021\/04\/Captura-de-Pantalla-2021-04-18-a-las-9.22.51.jpg 1398w\" sizes=\"(max-width: 1024px) 100vw, 1024px\" \/><\/figure>\n\n\n\n<p><\/p>\n\n\n\n<p class=\"has-vivid-cyan-blue-color has-text-color has-medium-font-size\">DW<\/p>\n\n\n\n<p>El Instituto Nacional de Migraci\u00f3n (INM) de M\u00e9xico report\u00f3 este s\u00e1bado (17.04.2021) que 17 personas migrantes, entre ellas un ni\u00f1o, murieron entre enero y abril, en el pa\u00eds, por diversas causas.<\/p>\n\n\n\n<p>Personal del INM \u00abregistraron el fallecimiento de 17 personas migrantes entre el 1 de enero y el 12 de abril del a\u00f1o en curso, derivado de accidentes, ahogamiento o ca\u00edda de un ferrocarril\u00bb, indic\u00f3 el instituto en un comunicado.<\/p>\n\n\n\n<p>Los decesos ocurrieron en \u00abla ruta migratoria\u00bb hacia Estados Unidos, que atraviesa varios estados del pa\u00eds, precis\u00f3 el instituto. A lo largo del r\u00edo Bravo, que funge como frontera natural entre M\u00e9xico y Estados Unidos en algunos puntos de la l\u00ednea divisoria de m\u00e1s de 3.000 km, las autoridades recuperaron nueve cuerpos. <\/p>\n\n\n\n<figure class=\"wp-block-embed is-type-rich is-provider-twitter wp-block-embed-twitter\"><div class=\"wp-block-embed__wrapper\">\n<blockquote class=\"twitter-tweet\" data-width=\"500\" data-dnt=\"true\"><p lang=\"es\" dir=\"ltr\"><a href=\"https:\/\/twitter.com\/hashtag\/Bolet%C3%ADn?src=hash&amp;ref_src=twsrc%5Etfw\">#Bolet\u00edn<\/a> \ud83d\udcc4 <a href=\"https:\/\/twitter.com\/hashtag\/GruposBeta?src=hash&amp;ref_src=twsrc%5Etfw\">#GruposBeta<\/a> del <a href=\"https:\/\/twitter.com\/INAMI_mx?ref_src=twsrc%5Etfw\">@INAMI_mx<\/a> han recuperado -del 1 de enero al 12 de abril- 17 cuerpos de migrantes que intentaban llegar a \ud83c\uddfa\ud83c\uddf8 9 fallecieron en el r\u00edo Bravo, de los cuales; 6 de ellos no tra\u00edan identificaci\u00f3n y en 3 casos se logr\u00f3 identificarlos. <a href=\"https:\/\/t.co\/cyHXQGbNeR\">pic.twitter.com\/cyHXQGbNeR<\/a><\/p>&mdash; INM (@INAMI_mx) <a href=\"https:\/\/twitter.com\/INAMI_mx\/status\/1383540423923142663?ref_src=twsrc%5Etfw\">April 17, 2021<\/a><\/blockquote><script async src=\"https:\/\/platform.twitter.com\/widgets.js\" charset=\"utf-8\"><\/script>\n<\/div><\/figure>\n\n\n\n<p>\u00abNo pudieron sortear la fuerza del cauce o el fr\u00edo del agua en su intento por llegar a territorio estadounidense\u00bb, explic\u00f3 el INM. De estos nueve casos, ocho eran del sexo masculino, uno de ellos ni\u00f1o, y el restante, del femenino. \u00abSeis no portaban identificaci\u00f3n, y tres llevaban documentaci\u00f3n para determinar que eran originarios de Cuba, Venezuela y Honduras\u00bb, apunt\u00f3. El INM no dio detalles del resto de v\u00edctimas.<\/p>\n\n\n\n<p>Para detener los flujos de la migraci\u00f3n irregular que alcanzan cifras r\u00e9cord, M\u00e9xico ha desplegado en sus fronteras sur y norte unos 12.000 elementos de la Guardia Nacional, del INM y otras de instituciones. S\u00f3lo en marzo, el INM detuvo a 17.445 personas migrantes irregulares, de las cuales 3.139 eran ni\u00f1as y ni\u00f1os que viajaban solos.<\/p>\n\n\n\n<p>En la frontera de Estados Unidos con M\u00e9xico, m\u00e1s de 172.000 personas migrantes fueron detenidas en marzo, un alza del 71% en un mes y el nivel m\u00e1s alto en 15 a\u00f1os.<\/p>\n\n\n\n<p>ama (afp, la jornada, uniradio)<\/p>\n\n\n\n<p>Fuente: https:\/\/www.dw.com\/es\/m%C3%A9xico-reporta-17-muertes-de-personas-migrantes-en-2021\/a-57242716<\/p>\n","protected":false},"excerpt":{"rendered":"<p>En la frontera de Estados Unidos con M\u00e9xico, m\u00e1s de 172.000 personas migrantes fueron detenidas en marzo, un alza del [&hellip;]<\/p>\n","protected":false},"author":1,"featured_media":7021,"comment_status":"open","ping_status":"open","sticky":false,"template":"","format":"standard","meta":{"site-sidebar-layout":"default","site-content-layout":"","ast-site-content-layout":"default","site-content-style":"default","site-sidebar-style":"default","ast-global-header-display":"","ast-banner-title-visibility":"","ast-main-header-display":"","ast-hfb-above-header-display":"","ast-hfb-below-header-display":"","ast-hfb-mobile-header-display":"","site-post-title":"","ast-breadcrumbs-content":"","ast-featured-img":"","footer-sml-layout":"","theme-transparent-header-meta":"","adv-header-id-meta":"","stick-header-meta":"","header-above-stick-meta":"","header-main-stick-meta":"","header-below-stick-meta":"","astra-migrate-meta-layouts":"default","ast-page-background-enabled":"default","ast-page-background-meta":{"desktop":{"background-color":"var(--ast-global-color-4)","background-image":"","background-repeat":"repeat","background-position":"center center","background-size":"auto","background-attachment":"scroll","background-type":"","background-media":"","overlay-type":"","overlay-color":"","overlay-opacity":"","overlay-gradient":""},"tablet":{"background-color":"","background-image":"","background-repeat":"repeat","background-position":"center center","background-size":"auto","background-attachment":"scroll","background-type":"","background-media":"","overlay-type":"","overlay-color":"","overlay-opacity":"","overlay-gradient":""},"mobile":{"background-color":"","background-image":"","background-repeat":"repeat","background-position":"center center","background-size":"auto","background-attachment":"scroll","background-type":"","background-media":"","overlay-type":"","overlay-color":"","overlay-opacity":"","overlay-gradient":""}},"ast-content-background-meta":{"desktop":{"background-color":"var(--ast-global-color-5)","background-image":"","background-repeat":"repeat","background-position":"center center","background-size":"auto","background-attachment":"scroll","background-type":"","background-media":"","overlay-type":"","overlay-color":"","overlay-opacity":"","overlay-gradient":""},"tablet":{"background-color":"var(--ast-global-color-5)","background-image":"","background-repeat":"repeat","background-position":"center center","background-size":"auto","background-attachment":"scroll","background-type":"","background-media":"","overlay-type":"","overlay-color":"","overlay-opacity":"","overlay-gradient":""},"mobile":{"background-color":"var(--ast-global-color-5)","background-image":"","background-repeat":"repeat","background-position":"center center","background-size":"auto","background-attachment":"scroll","background-type":"","background-media":"","overlay-type":"","overlay-color":"","overlay-opacity":"","overlay-gradient":""}},"footnotes":""},"categories":[8],"tags":[1069],"class_list":["post-7020","post","type-post","status-publish","format-standard","has-post-thumbnail","hentry","category-noticias","tag-migrabntes-muertos-mexico"],"_links":{"self":[{"href":"https:\/\/losperiodistas.com.mx\/portal\/wp-json\/wp\/v2\/posts\/7020","targetHints":{"allow":["GET"]}}],"collection":[{"href":"https:\/\/losperiodistas.com.mx\/portal\/wp-json\/wp\/v2\/posts"}],"about":[{"href":"https:\/\/losperiodistas.com.mx\/portal\/wp-json\/wp\/v2\/types\/post"}],"author":[{"embeddable":true,"href":"https:\/\/losperiodistas.com.mx\/portal\/wp-json\/wp\/v2\/users\/1"}],"replies":[{"embeddable":true,"href":"https:\/\/losperiodistas.com.mx\/portal\/wp-json\/wp\/v2\/comments?post=7020"}],"version-history":[{"count":1,"href":"https:\/\/losperiodistas.com.mx\/portal\/wp-json\/wp\/v2\/posts\/7020\/revisions"}],"predecessor-version":[{"id":7022,"href":"https:\/\/losperiodistas.com.mx\/portal\/wp-json\/wp\/v2\/posts\/7020\/revisions\/7022"}],"wp:featuredmedia":[{"embeddable":true,"href":"https:\/\/losperiodistas.com.mx\/portal\/wp-json\/wp\/v2\/media\/7021"}],"wp:attachment":[{"href":"https:\/\/losperiodistas.com.mx\/portal\/wp-json\/wp\/v2\/media?parent=7020"}],"wp:term":[{"taxonomy":"category","embeddable":true,"href":"https:\/\/losperiodistas.com.mx\/portal\/wp-json\/wp\/v2\/categories?post=7020"},{"taxonomy":"post_tag","embeddable":true,"href":"https:\/\/losperiodistas.com.mx\/portal\/wp-json\/wp\/v2\/tags?post=7020"}],"curies":[{"name":"wp","href":"https:\/\/api.w.org\/{rel}","templated":true}]}}