{"id":7014,"date":"2021-04-18T08:42:19","date_gmt":"2021-04-18T13:42:19","guid":{"rendered":"http:\/\/losperiodistas.com.mx\/portal\/?p=7014"},"modified":"2021-04-18T08:42:20","modified_gmt":"2021-04-18T13:42:20","slug":"papa-francisco-jesus-no-es-un-fantasma-es-una-persona-viva-aleteia","status":"publish","type":"post","link":"https:\/\/losperiodistas.com.mx\/portal\/papa-francisco-jesus-no-es-un-fantasma-es-una-persona-viva-aleteia\/","title":{"rendered":"Papa Francisco: \u201cJes\u00fas no es un fantasma, es una Persona viva\u201d | Aleteia"},"content":{"rendered":"\n<p style=\"font-size:18px\"><em>En el tercer domingo de Pascua el Papa Francisco habla de tres verbos que expresan amor: mirar, tocar y comer, y recuerda que ser cristianos \u201cno es una doctrina o un ideal moral, es una relaci\u00f3n viva con el Se\u00f1or Resucitado\u201d porque lo miramos, lo tocamos y nos alimentamos de \u00c9l.<\/em><\/p>\n\n\n\n<figure class=\"wp-block-image size-large\"><img fetchpriority=\"high\" decoding=\"async\" width=\"1024\" height=\"612\" src=\"https:\/\/losperiodistas.com.mx\/portal\/wp-content\/uploads\/2021\/04\/Captura-de-Pantalla-2021-04-18-a-las-8.39.59-1024x612.jpg\" alt=\"\" class=\"wp-image-7015\" srcset=\"https:\/\/losperiodistas.com.mx\/portal\/wp-content\/uploads\/2021\/04\/Captura-de-Pantalla-2021-04-18-a-las-8.39.59-1024x612.jpg 1024w, https:\/\/losperiodistas.com.mx\/portal\/wp-content\/uploads\/2021\/04\/Captura-de-Pantalla-2021-04-18-a-las-8.39.59-300x179.jpg 300w, https:\/\/losperiodistas.com.mx\/portal\/wp-content\/uploads\/2021\/04\/Captura-de-Pantalla-2021-04-18-a-las-8.39.59-768x459.jpg 768w, https:\/\/losperiodistas.com.mx\/portal\/wp-content\/uploads\/2021\/04\/Captura-de-Pantalla-2021-04-18-a-las-8.39.59.jpg 1238w\" sizes=\"(max-width: 1024px) 100vw, 1024px\" \/><\/figure>\n\n\n\n<p class=\"has-vivid-cyan-blue-color has-text-color has-medium-font-size\">VATICAN  NEWS \/ ALETEIA<\/p>\n\n\n\n<p>Despu\u00e9s de varias semanas, el Pont\u00edfice se ha vuelto a asomar este mediod\u00eda desde el balc\u00f3n del Palacio Apost\u00f3lico para rezar el Regina Coeli junto a los fieles presentes en la Plaza de San Pedro y no desde la Biblioteca Vaticana como lo estaba haciendo, con motivo de las restricciones por la pandemia.<\/p>\n\n\n\n<p>Desde el balc\u00f3n, en este tercer domingo de Pascua, el Papa Francisco ha reflexionado acerca del evangelio del d\u00eda seg\u00fan Lucas, donde desde el Cen\u00e1culo, en Jerusal\u00e9n, Cristo resucitado se presenta en medio del grupo de disc\u00edpulos y los saluda diciendo: \u00ab\u00a1La paz con vosotros!\u00bb, pero \u201cestaban asustados y cre\u00edan \u00abver un fantasma\u00bb\u201d dice el Papa. Entonces Jes\u00fas les muestra las llagas de su cuerpo y dice: \u00abMirad mis manos y mis pies; soy yo mismo. Palpadme\u00bb y para convencerlos, les pide comida y la come ante su mirada at\u00f3nita.<\/p>\n\n\n\n<p>Francisco asegura que hay dos detalles en esta descripci\u00f3n: el primero es que \u201cdice el evangelio que los ap\u00f3stoles por la gran alegr\u00eda aun no cre\u00edan, era tal la alegr\u00eda que ten\u00edan que no pod\u00edan creer que fuera verdad\u201d. El otro detalle que se\u00f1ala el Papa es que \u201cestaban at\u00f3nitos, sorprendidos, porque el encuentro con Dios siempre te lleva al estupor, va mas all\u00e1 del entusiasmo y la alegr\u00eda y estos estaban felices, pero era una felicidad que les hacia pensar: esto no puede ser\u201d. &nbsp;\u201cEs el estupor de la presencia de Dios \u2013 dice el Papa \u2013 no se olviden de este estado de \u00e1nimo\u201d.<\/p>\n\n\n\n<p>El Pont\u00edfice asegura que este pasaje evang\u00e9lico se caracteriza por tres verbos muy concretos \u201cque en cierto sentido reflejan nuestra vida personal y comunitaria:&nbsp;<em>mirar<\/em>,&nbsp;<em>tocar<\/em>&nbsp;y&nbsp;<em>comer\u201d<\/em>. \u201cTres acciones \u2013 dice \u2013 que pueden dar la alegr\u00eda de un verdadero encuentro con Jes\u00fas vivo\u201d. De hecho \u2013 subraya \u2013 \u201ceste pasaje del Evangelio nos dice que Jes\u00fas no es un \u201cfantasma\u201d, sino una Persona viva\u201d y nos recuerda que ser cristianos \u201cno es ante todo una doctrina o un ideal moral, es una relaci\u00f3n viva con \u00e9l, con el Se\u00f1or Resucitado: lo miramos, lo tocamos, nos alimentamos de \u00e9l y, transformados por su amor, miramos, tocamos y nutrimos a los dem\u00e1s como hermanos y hermanas\u201d.<\/p>\n\n\n\n<h3 class=\"wp-block-heading\" id=\"h-mirar-uno-de-los-verbos-del-amor\">Mirar: uno de los verbos del amor<\/h3>\n\n\n\n<p>\u201cMirad mis manos y mis pies\u201d \u2014dice Jes\u00fas. El Santo Padre ha explicado que \u201c<em>mirar\u201d<\/em>&nbsp;no es solo ver, sino que tambi\u00e9n implica \u201cintenci\u00f3n y voluntad\u201d. Por eso \u2013 dice el Papa \u2013 es uno de los verbos del amor: \u201cLa madre y el padre miran a su hijo, los enamorados se miran rec\u00edprocamente; el buen m\u00e9dico mira atentamente al paciente\u2026 Mirar es un primer paso contra la indiferencia, contra la tentaci\u00f3n de volver la cara ante las dificultades y sufrimientos ajenos\u201d.<\/p>\n\n\n\n<h3 class=\"wp-block-heading\" id=\"h-tocar-el-amor-pide-cercan-a-y-contacto\">Tocar: el amor pide cercan\u00eda y contacto<\/h3>\n\n\n\n<p>El segundo verbo que se\u00f1ala el Papa es \u201c<em>tocar\u201d<\/em>&nbsp;y retoma el evangelio de hoy para explicar que, Jes\u00fas, al invitar a los disc\u00edpulos a palparle, para que constaten que no es un fantasma, \u201cles indica a ellos y a nosotros que la relaci\u00f3n con \u00e9l y con nuestros hermanos no puede ser \u201ca distancia\u201d. \u201cNo existe un cristianismo a distancia \u2013 subraya el Papa \u2013 no existe solamente un cristianismo solo en el \u00e1mbito de la mirada\u201d. Es m\u00e1s, el Papa asegura que el amor \u201cpide cercan\u00eda, contacto, compartir la vida\u201d. De hecho \u2013 puntualiza \u2013 \u201cel buen samaritano no solo mir\u00f3 al hombre que encontr\u00f3 medio muerto en el camino: se inclin\u00f3, cur\u00f3 sus heridas, lo subi\u00f3 a su montura y lo llev\u00f3 a la posada. Y lo mismo ocurre con Jes\u00fas: amarlo significa entrar en una comuni\u00f3n vital y concreta con \u00e9l\u201d.<\/p>\n\n\n\n<h3 class=\"wp-block-heading\" id=\"h-comer-en-familia-y-amigos-es-una-expresi-n-de-amor\">Comer en familia y amigos es una expresi\u00f3n de amor<\/h3>\n\n\n\n<p>Por \u00faltimo, Francisco habla del verbo \u201c<em>comer\u201d<\/em>\u00a0y asegura que \u201cexpresa bien nuestra humanidad en su indigencia m\u00e1s natural, es decir, nuestra necesidad de nutrirnos para vivir\u201d. \u201cPero comer \u2013 insiste \u2013 cuando lo hacemos juntos, en familia o con amigos, tambi\u00e9n se convierte en expresi\u00f3n de amor, de comuni\u00f3n, de fiesta\u201d. \u201c\u00a1Cu\u00e1ntas veces los Evangelios nos muestran a Jes\u00fas que vive esta dimensi\u00f3n convival! \u2013\u00a0 exclama el Papa \u2013 hasta el punto de que el banquete eucar\u00edstico se ha convertido en el signo emblem\u00e1tico de la comunidad cristiana\u201d. Por eso, para el Papa, \u201ccomer juntos\u201d es \u201cel centro de la vida cristiana\u201d.<\/p>\n\n\n\n<p>Fuente: https:\/\/es.aleteia.org\/2021\/04\/18\/papa-francisco-jesus-no-es-un-fantasma-es-una-persona-viva\/<\/p>\n","protected":false},"excerpt":{"rendered":"<p>En el tercer domingo de Pascua el Papa Francisco habla de tres verbos que expresan amor: mirar, tocar y comer, [&hellip;]<\/p>\n","protected":false},"author":1,"featured_media":7015,"comment_status":"open","ping_status":"open","sticky":false,"template":"","format":"standard","meta":{"site-sidebar-layout":"default","site-content-layout":"","ast-site-content-layout":"default","site-content-style":"default","site-sidebar-style":"default","ast-global-header-display":"","ast-banner-title-visibility":"","ast-main-header-display":"","ast-hfb-above-header-display":"","ast-hfb-below-header-display":"","ast-hfb-mobile-header-display":"","site-post-title":"","ast-breadcrumbs-content":"","ast-featured-img":"","footer-sml-layout":"","theme-transparent-header-meta":"","adv-header-id-meta":"","stick-header-meta":"","header-above-stick-meta":"","header-main-stick-meta":"","header-below-stick-meta":"","astra-migrate-meta-layouts":"default","ast-page-background-enabled":"default","ast-page-background-meta":{"desktop":{"background-color":"var(--ast-global-color-4)","background-image":"","background-repeat":"repeat","background-position":"center center","background-size":"auto","background-attachment":"scroll","background-type":"","background-media":"","overlay-type":"","overlay-color":"","overlay-opacity":"","overlay-gradient":""},"tablet":{"background-color":"","background-image":"","background-repeat":"repeat","background-position":"center center","background-size":"auto","background-attachment":"scroll","background-type":"","background-media":"","overlay-type":"","overlay-color":"","overlay-opacity":"","overlay-gradient":""},"mobile":{"background-color":"","background-image":"","background-repeat":"repeat","background-position":"center center","background-size":"auto","background-attachment":"scroll","background-type":"","background-media":"","overlay-type":"","overlay-color":"","overlay-opacity":"","overlay-gradient":""}},"ast-content-background-meta":{"desktop":{"background-color":"var(--ast-global-color-5)","background-image":"","background-repeat":"repeat","background-position":"center center","background-size":"auto","background-attachment":"scroll","background-type":"","background-media":"","overlay-type":"","overlay-color":"","overlay-opacity":"","overlay-gradient":""},"tablet":{"background-color":"var(--ast-global-color-5)","background-image":"","background-repeat":"repeat","background-position":"center center","background-size":"auto","background-attachment":"scroll","background-type":"","background-media":"","overlay-type":"","overlay-color":"","overlay-opacity":"","overlay-gradient":""},"mobile":{"background-color":"var(--ast-global-color-5)","background-image":"","background-repeat":"repeat","background-position":"center center","background-size":"auto","background-attachment":"scroll","background-type":"","background-media":"","overlay-type":"","overlay-color":"","overlay-opacity":"","overlay-gradient":""}},"footnotes":""},"categories":[8],"tags":[1066,1065],"class_list":["post-7014","post","type-post","status-publish","format-standard","has-post-thumbnail","hentry","category-noticias","tag-papa-francisco-jesus-es-persona-viva","tag-tercer-domingo-de-pascua-2021"],"_links":{"self":[{"href":"https:\/\/losperiodistas.com.mx\/portal\/wp-json\/wp\/v2\/posts\/7014","targetHints":{"allow":["GET"]}}],"collection":[{"href":"https:\/\/losperiodistas.com.mx\/portal\/wp-json\/wp\/v2\/posts"}],"about":[{"href":"https:\/\/losperiodistas.com.mx\/portal\/wp-json\/wp\/v2\/types\/post"}],"author":[{"embeddable":true,"href":"https:\/\/losperiodistas.com.mx\/portal\/wp-json\/wp\/v2\/users\/1"}],"replies":[{"embeddable":true,"href":"https:\/\/losperiodistas.com.mx\/portal\/wp-json\/wp\/v2\/comments?post=7014"}],"version-history":[{"count":1,"href":"https:\/\/losperiodistas.com.mx\/portal\/wp-json\/wp\/v2\/posts\/7014\/revisions"}],"predecessor-version":[{"id":7016,"href":"https:\/\/losperiodistas.com.mx\/portal\/wp-json\/wp\/v2\/posts\/7014\/revisions\/7016"}],"wp:featuredmedia":[{"embeddable":true,"href":"https:\/\/losperiodistas.com.mx\/portal\/wp-json\/wp\/v2\/media\/7015"}],"wp:attachment":[{"href":"https:\/\/losperiodistas.com.mx\/portal\/wp-json\/wp\/v2\/media?parent=7014"}],"wp:term":[{"taxonomy":"category","embeddable":true,"href":"https:\/\/losperiodistas.com.mx\/portal\/wp-json\/wp\/v2\/categories?post=7014"},{"taxonomy":"post_tag","embeddable":true,"href":"https:\/\/losperiodistas.com.mx\/portal\/wp-json\/wp\/v2\/tags?post=7014"}],"curies":[{"name":"wp","href":"https:\/\/api.w.org\/{rel}","templated":true}]}}