{"id":701,"date":"2020-10-30T07:00:18","date_gmt":"2020-10-30T13:00:18","guid":{"rendered":"http:\/\/losperiodistas.com.mx\/portal\/?p=701"},"modified":"2020-10-30T07:00:18","modified_gmt":"2020-10-30T13:00:18","slug":"no-hay-persecucion-a-rector-dice-barbosa-huerta","status":"publish","type":"post","link":"https:\/\/losperiodistas.com.mx\/portal\/no-hay-persecucion-a-rector-dice-barbosa-huerta\/","title":{"rendered":"No hay persecuci\u00f3n a rector dice Barbosa Huerta"},"content":{"rendered":"\n<p><\/p>\n\n\n\n<p class=\"has-vivid-cyan-blue-color has-text-color has-medium-font-size\">REDACCI\u00d3N<\/p>\n\n\n\n<p>Despu\u00e9s de que el Consejo Universitario de la BUAP hiciera p\u00fablica su declaraci\u00f3n de haber identificado \u201cal rector como el principal centro de ataque del gobierno del estado y responsabiliza al gobernador de cualquier acto que atente contra el rector, su familia y autoridades universitarias\u201d, y \u00abconvocar a hacer suya la defensa de la autonom\u00eda de la BUAP y actuar en congruencia de la ley y luchas universitarias\u201d, el Gobierno de Puebla envi\u00f3 un comunicado aclarando su posici\u00f3n:<\/p>\n\n\n\n<p><strong>AL CONSEJO UNIVERSITARIO DE LA BENEM\u00c9RITA UNIVERSIDAD AUT\u00d3NOMA DE PUEBLA<\/strong><\/p>\n\n\n\n<p><strong>A LA COMUNIDAD UNIVERSITARIA<\/strong><\/p>\n\n\n\n<p><strong>A LA OPINI\u00d3N P\u00daBLICA<\/strong><\/p>\n\n\n\n<p>Respecto al pronunciamiento aprobado por el Consejo Universitario de la Benem\u00e9rita Universidad Aut\u00f3noma de Puebla (BUAP) a favor de su rector, el Gobierno del Estado expresa lo siguiente:<\/p>\n\n\n\n<p><strong>Primero.<\/strong>&nbsp;Categ\u00f3ricamente afirmamos que por parte del Gobierno de Puebla no existe persecuci\u00f3n u hostigamiento hacia alguna persona. Esta administraci\u00f3n cree en la ley, su compromiso es respetarla y hacerla cumplir. Desde el primer minuto hemos hecho prevalecer el Estado de Derecho y as\u00ed seguir\u00e1 siendo.<\/p>\n\n\n\n<p><strong>Segundo.&nbsp;<\/strong>La autonom\u00eda universitaria es una garant\u00eda jur\u00eddica que permite a algunas instituciones de educaci\u00f3n superior establecer condiciones adecuadas para su organizaci\u00f3n interna, su administraci\u00f3n y el desarrollo de sus actividades sustantivas como son la docencia, la investigaci\u00f3n y la difusi\u00f3n de la cultura.<\/p>\n\n\n\n<p>La autonom\u00eda universitaria no significa aislamiento, ni actuar al margen del ordenamiento jur\u00eddico; al contrario, establece v\u00ednculos y compromisos por el bien com\u00fan de toda la sociedad.<\/p>\n\n\n\n<p><strong>Tercero.<\/strong>&nbsp;El rector no personifica la autonom\u00eda universitaria de la BUAP, \u00e9l es un servidor p\u00fablico que tiene que cumplir con las funciones y obligaciones que establecen las leyes y los propios ordenamientos universitarios.<\/p>\n\n\n\n<p>Ning\u00fan servidor p\u00fablico puede ampararse en la autonom\u00eda universitaria para no cumplir con la ley.<\/p>\n\n\n\n<p><strong>Cuarto.&nbsp;<\/strong>El rector est\u00e1 siendo investigado como presunto responsable de delitos que da\u00f1aron el patrimonio de la BUAP. Dichas investigaciones deber\u00e1n desarrollarse de acuerdo al debido proceso para deslindar responsabilidades, esto es lo que procede en un Estado de Derecho.<\/p>\n\n\n\n<p>Que se deje de utilizar como argumento la autonom\u00eda universitaria para confundir a la comunidad de la BUAP y a la opini\u00f3n p\u00fablica; as\u00ed como para intentar evadir la rendici\u00f3n de cuentas, la transparencia y la aplicaci\u00f3n de la ley.<\/p>\n\n\n\n<p><strong>Quinto.&nbsp;<\/strong>El Gobierno del Estado de Puebla expresa su absoluto respeto a la autonom\u00eda y a la comunidad universitaria de la BUAP; as\u00ed como su compromiso con el combate a la corrupci\u00f3n.<\/p>\n","protected":false},"excerpt":{"rendered":"<p>REDACCI\u00d3N Despu\u00e9s de que el Consejo Universitario de la BUAP hiciera p\u00fablica su declaraci\u00f3n de haber identificado \u201cal rector como [&hellip;]<\/p>\n","protected":false},"author":1,"featured_media":702,"comment_status":"open","ping_status":"open","sticky":false,"template":"","format":"standard","meta":{"site-sidebar-layout":"default","site-content-layout":"","ast-site-content-layout":"default","site-content-style":"default","site-sidebar-style":"default","ast-global-header-display":"","ast-banner-title-visibility":"","ast-main-header-display":"","ast-hfb-above-header-display":"","ast-hfb-below-header-display":"","ast-hfb-mobile-header-display":"","site-post-title":"","ast-breadcrumbs-content":"","ast-featured-img":"","footer-sml-layout":"","theme-transparent-header-meta":"","adv-header-id-meta":"","stick-header-meta":"","header-above-stick-meta":"","header-main-stick-meta":"","header-below-stick-meta":"","astra-migrate-meta-layouts":"default","ast-page-background-enabled":"default","ast-page-background-meta":{"desktop":{"background-color":"var(--ast-global-color-4)","background-image":"","background-repeat":"repeat","background-position":"center center","background-size":"auto","background-attachment":"scroll","background-type":"","background-media":"","overlay-type":"","overlay-color":"","overlay-opacity":"","overlay-gradient":""},"tablet":{"background-color":"","background-image":"","background-repeat":"repeat","background-position":"center center","background-size":"auto","background-attachment":"scroll","background-type":"","background-media":"","overlay-type":"","overlay-color":"","overlay-opacity":"","overlay-gradient":""},"mobile":{"background-color":"","background-image":"","background-repeat":"repeat","background-position":"center center","background-size":"auto","background-attachment":"scroll","background-type":"","background-media":"","overlay-type":"","overlay-color":"","overlay-opacity":"","overlay-gradient":""}},"ast-content-background-meta":{"desktop":{"background-color":"var(--ast-global-color-5)","background-image":"","background-repeat":"repeat","background-position":"center center","background-size":"auto","background-attachment":"scroll","background-type":"","background-media":"","overlay-type":"","overlay-color":"","overlay-opacity":"","overlay-gradient":""},"tablet":{"background-color":"var(--ast-global-color-5)","background-image":"","background-repeat":"repeat","background-position":"center center","background-size":"auto","background-attachment":"scroll","background-type":"","background-media":"","overlay-type":"","overlay-color":"","overlay-opacity":"","overlay-gradient":""},"mobile":{"background-color":"var(--ast-global-color-5)","background-image":"","background-repeat":"repeat","background-position":"center center","background-size":"auto","background-attachment":"scroll","background-type":"","background-media":"","overlay-type":"","overlay-color":"","overlay-opacity":"","overlay-gradient":""}},"footnotes":""},"categories":[8],"tags":[],"class_list":["post-701","post","type-post","status-publish","format-standard","has-post-thumbnail","hentry","category-noticias"],"_links":{"self":[{"href":"https:\/\/losperiodistas.com.mx\/portal\/wp-json\/wp\/v2\/posts\/701","targetHints":{"allow":["GET"]}}],"collection":[{"href":"https:\/\/losperiodistas.com.mx\/portal\/wp-json\/wp\/v2\/posts"}],"about":[{"href":"https:\/\/losperiodistas.com.mx\/portal\/wp-json\/wp\/v2\/types\/post"}],"author":[{"embeddable":true,"href":"https:\/\/losperiodistas.com.mx\/portal\/wp-json\/wp\/v2\/users\/1"}],"replies":[{"embeddable":true,"href":"https:\/\/losperiodistas.com.mx\/portal\/wp-json\/wp\/v2\/comments?post=701"}],"version-history":[{"count":1,"href":"https:\/\/losperiodistas.com.mx\/portal\/wp-json\/wp\/v2\/posts\/701\/revisions"}],"predecessor-version":[{"id":703,"href":"https:\/\/losperiodistas.com.mx\/portal\/wp-json\/wp\/v2\/posts\/701\/revisions\/703"}],"wp:featuredmedia":[{"embeddable":true,"href":"https:\/\/losperiodistas.com.mx\/portal\/wp-json\/wp\/v2\/media\/702"}],"wp:attachment":[{"href":"https:\/\/losperiodistas.com.mx\/portal\/wp-json\/wp\/v2\/media?parent=701"}],"wp:term":[{"taxonomy":"category","embeddable":true,"href":"https:\/\/losperiodistas.com.mx\/portal\/wp-json\/wp\/v2\/categories?post=701"},{"taxonomy":"post_tag","embeddable":true,"href":"https:\/\/losperiodistas.com.mx\/portal\/wp-json\/wp\/v2\/tags?post=701"}],"curies":[{"name":"wp","href":"https:\/\/api.w.org\/{rel}","templated":true}]}}