{"id":70042,"date":"2024-03-07T06:28:12","date_gmt":"2024-03-07T12:28:12","guid":{"rendered":"https:\/\/losperiodistas.com.mx\/portal\/?p=70042"},"modified":"2024-03-07T06:28:14","modified_gmt":"2024-03-07T12:28:14","slug":"eduardo-rivera-se-registra-ante-el-iee-como-candidato-a-la-gubernatura-de-puebla-oem","status":"publish","type":"post","link":"https:\/\/losperiodistas.com.mx\/portal\/eduardo-rivera-se-registra-ante-el-iee-como-candidato-a-la-gubernatura-de-puebla-oem\/","title":{"rendered":"Eduardo Rivera se registra ante el IEE como candidato a la gubernatura de Puebla | OEM"},"content":{"rendered":"\n<h3 class=\"has-medium-font-size wp-block-heading\">Rivera P\u00e9rez se registr\u00f3 para la coalici\u00f3n electoral \u201cMejor Rumbo por Puebla\u201d, integrada por PAN, PRI, PRD y PSI<\/h3>\n\n\n\n<p><img decoding=\"async\" src=\"https:\/\/www.elsoldepuebla.com.mx\/local\/paiga6-eduardo-rivera-se-registra-ante-el-iee-como-candidato-a-la-gubernatura-de-puebla\/alternates\/LANDSCAPE_768\/Eduardo%20Rivera%20se%20registra%20ante%20el%20IEE%20como%20candidato%20a%20la%20gubernatura%20de%20Puebla\" alt=\"\"><\/p>\n\n\n\n<h4 class=\"wp-block-heading\">Rivera P\u00e9rez agradeci\u00f3 el respaldo que le brindaron los dirigentes estatales al ir en coalici\u00f3n en este contienda electoral. Foto: Erik Guzm\u00e1n | El Sol de Puebla<a href=\"https:\/\/www.elsoldepuebla.com.mx\/elecciones-2024\/eduardo-rivera-se-registra-ante-el-iee-como-candidato-a-la-gubernatura-de-puebla-11556900.html\" target=\"_blank\" rel=\"noreferrer noopener\"><\/a><\/h4>\n\n\n\n<h2 class=\"wp-block-heading\"><a href=\"https:\/\/www.elsoldepuebla.com.mx\/elecciones-2024\/eduardo-rivera-se-registra-ante-el-iee-como-candidato-a-la-gubernatura-de-puebla-11556900.html\"><\/a><\/h2>\n\n\n\n<p class=\"has-vivid-red-color has-text-color has-medium-font-size\"><strong>Victoria Ventura \/ El Sol de Puebla<\/strong><\/p>\n\n\n\n<p><strong>Eduardo Rivera se registr\u00f3 como candidato a la gubernatura<\/strong>&nbsp;para la jornada electoral del 2 de junio por la<strong>&nbsp;alianza \u201cMejor Rumbo por Puebla\u201d<\/strong>&nbsp;que integran PAN, PRI, PRD y PSI. El panista o<strong>torg\u00f3 su voto de confianza al IEE&nbsp;<\/strong>y se pronunci\u00f3 a favor de su existencia como organismo aut\u00f3nomo.<\/p>\n\n\n\n<p>Su inscripci\u00f3n ante el Institito Electoral del Estado (IEE)<strong>&nbsp;es el primero de los otros dos personajes<\/strong>&nbsp;que buscan convertirse en el pr\u00f3ximo jefe del Ejecutivo local.<\/p>\n\n\n\n<p>En la sede del \u00e1rbitro electoral local, Rivera P\u00e9rez&nbsp;<strong>agradeci\u00f3 el respaldo de las dirigencias estatales&nbsp;<\/strong>que lo cobijan en su aspiraci\u00f3n por gobernar la entidad y asegur\u00f3 que est\u00e1 listo para enfrentarse a Morena el 2 de junio en las urnas.<\/p>\n\n\n\n<ul class=\"has-black-color has-cyan-bluish-gray-background-color has-text-color has-background wp-block-list\"><li><strong>Leer m\u00e1s:<a href=\"https:\/\/www.elsoldepuebla.com.mx\/local\/eduardo-rivera-acepta-debatir-con-alejandro-armenta-10997135.html\" target=\"_blank\" rel=\"noreferrer noopener\">&nbsp;Eduardo Rivera acepta debatir con Alejandro Armenta<\/a><\/strong><\/li><\/ul>\n\n\n\n<p><strong><em>\u201cEste registro representa un alto honor que quienes me respaldan saben que no defraudar\u00e9 su confianza y nos dedicaremos en alma y coraz\u00f3n a este proyecto que representa la causa de miles de poblanos\u201d,<\/em><\/strong>&nbsp;enfatiz\u00f3.<\/p>\n\n\n\n<p>Enseguida, el candidato&nbsp;<strong>critic\u00f3 la propuesta de reforma electoral<\/strong>&nbsp;que impulsa el gobierno federal sobre desaparecer los Organismos P\u00fablicos Locales y otorg\u00f3 su voto de confianza al IEE que encabeza Blanca Cruz Garc\u00eda.<\/p>\n\n\n\n<p><strong><em>\u201cCreemos en la democracia, respetamos a los \u00f3rganos electorales, a quienes los integran y los presiden; nosotros expresamos el voto de confianza a todos y cada uno de ustedes porque sabemos que representan la democracia de nuestro estado y nuestro pa\u00eds\u201d,<\/em><\/strong>&nbsp;declar\u00f3.<\/p>\n\n\n\n<p><a href=\"https:\/\/www.elsoldepuebla.com.mx\/elecciones-2024\/\">ELECCIONES 2024<\/a><\/p>\n\n\n\n<div class=\"wp-block-image\"><figure class=\"alignleft\"><a href=\"https:\/\/www.elsoldepuebla.com.mx\/elecciones-2024\/candidatos-acuden-a-la-ibero-para-recibir-la-agenda-institucional-2024-de-la-reflexion-a-la-accion-11543235.html\"><img decoding=\"async\" src=\"https:\/\/www.elsoldepuebla.com.mx\/local\/8uzxox-candidatos-acuden-a-la-ibero-para-recibir-la-agenda-institucional-2024-de-la-reflexion-a-la-accion\/alternates\/LANDSCAPE_200\/Candidatos%20acuden%20a%20la%20Ibero%20para%20recibir%20la%20'Agenda%20Institucional%202024:%20De%20la%20Reflexi%C3%B3n%20a%20la%20Acci%C3%B3n'\" alt=\"\" title=\"Candidatos acuden a la Ibero para recibir la 'Agenda Institucional 2024: De la Reflexi\u00f3n a la Acci\u00f3n'\"\/><\/a><\/figure><\/div>\n\n\n\n<h4 class=\"wp-block-heading\"><a href=\"https:\/\/www.elsoldepuebla.com.mx\/elecciones-2024\/candidatos-acuden-a-la-ibero-para-recibir-la-agenda-institucional-2024-de-la-reflexion-a-la-accion-11543235.html\">Candidatos acuden a la Ibero para recibir la &#8216;Agenda Institucional 2024: De la Reflexi\u00f3n a la Acci\u00f3n&#8217;<\/a><\/h4>\n\n\n\n<p><\/p>\n\n\n\n<p><\/p>\n\n\n\n<p>Rivera P\u00e9rez lleg\u00f3 al IEE cobijado por las dirigencias estatales, as\u00ed como los candidatos a diputados federales y el virtual candidato a la alcald\u00eda de la capital poblana Mario Riestra, as\u00ed como el l\u00edder nacional panista<strong>\u00a0Marko Cort\u00e9s.<\/strong><\/p>\n\n\n\n<p>El presidente del partido albiazul tambi\u00e9n pronunci\u00f3 un breve discurso en el que<strong>&nbsp;pidi\u00f3 piso parejo<\/strong>&nbsp;y la no intervenci\u00f3n de los distintos niveles de gobierno en la contienda electoral.<\/p>\n\n\n\n<p><strong><em>\u201cPedimos y confiamos que har\u00e1n valer piso pareja para todos (\u2026) Les quiero pedir que nos exijan a todos por igual y que le pidan a los gobiernos que saquen las manos de este proceso electoral, que no intervengan con recursos p\u00fablicos; que se hagan los se\u00f1alamientos puntuales y oportunos para garantizar un piso parejo\u201d,<\/em><\/strong>\u00a0lanz\u00f3.<\/p>\n\n\n\n<figure class=\"wp-block-embed is-type-video is-provider-youtube wp-block-embed-youtube wp-embed-aspect-16-9 wp-has-aspect-ratio\"><div class=\"wp-block-embed__wrapper\">\n<iframe title=\"Eduardo Rivera se registra ante el IEE como candidato a la gubernatura de Puebla\" width=\"500\" height=\"281\" src=\"https:\/\/www.youtube.com\/embed\/2zQQckWAEmg?feature=oembed\" frameborder=\"0\" allow=\"accelerometer; autoplay; clipboard-write; encrypted-media; gyroscope; picture-in-picture; web-share\" referrerpolicy=\"strict-origin-when-cross-origin\" allowfullscreen><\/iframe>\n<\/div><\/figure>\n\n\n\n<p><\/p>\n\n\n\n<p>Ante este llamado, comprometi\u00f3 a las fuerzas pol\u00edticas que integran la alianza y los actores pol\u00edticos que participar\u00e1n como candidatos a actuar conforme lo marca la ley electoral , evitando las irregularidades.<\/p>\n\n\n\n<p>El panista tambi\u00e9n&nbsp;<strong>reconoci\u00f3 la valent\u00eda de Eduardo Rivera<\/strong>&nbsp;al aceptar contender por la gubernatura, a pesar de que su reelecci\u00f3n era m\u00e1s viable.<\/p>\n\n\n\n<p><a href=\"https:\/\/www.elsoldepuebla.com.mx\/local\/\">LOCAL<\/a><\/p>\n\n\n\n<figure class=\"wp-block-image\"><a href=\"https:\/\/www.elsoldepuebla.com.mx\/local\/presenta-coalicion-mejor-rumbo-por-puebla-su-plataforma-electoral-ante-el-iee-11509050.html\"><img decoding=\"async\" src=\"https:\/\/www.elsoldepuebla.com.mx\/local\/dkp5v8-entregan-plataforma-ante-el-iee\/alternates\/LANDSCAPE_200\/entregan%20plataforma%20ante%20el%20IEE\" alt=\"\" title=\"entregan plataforma ante el IEE\"\/><\/a><\/figure>\n\n\n\n<h4 class=\"wp-block-heading\"><a href=\"https:\/\/www.elsoldepuebla.com.mx\/local\/presenta-coalicion-mejor-rumbo-por-puebla-su-plataforma-electoral-ante-el-iee-11509050.html\">Presenta coalici\u00f3n \u201cMejor Rumbo por Puebla\u201d su plataforma electoral ante el IEE<\/a><\/h4>\n\n\n\n<p>Posteriormente,<strong>&nbsp;Rivera P\u00e9rez encabez\u00f3 un encuentro con militantes de Acci\u00f3n Nacional&nbsp;<\/strong>en un hotel de la capital poblana, donde reiter\u00f3 su mensaje de no tenerle miedo a Morena y sus aliados, pues record\u00f3 que ya los vencieron en la jornada electoral pasada, a pesar de que las encuestas lo ubicaban en desventaja frente a su rival, en ese entonces la morenista Claudia Rivera.<\/p>\n\n\n\n<p><strong><em>\u201cNo le tengo miedo a Morena (\u2026) por eso no tengo la menor duda de que vamos a arrasar en los municipios y con Mario Riestra en la capita. Estamos listos para dar la batalla, no le tenemos miedo al adversario\u201d<\/em><\/strong>, puntualiz\u00f3.<\/p>\n\n\n\n<p>Tras finalizar el evento, el exedil panista abri\u00f3 la posibilidad de que la candidata presidencial<strong>&nbsp;X\u00f3chitl G\u00e1lvez<\/strong>&nbsp;acuda a su arranque de campa\u00f1a, pero no dio m\u00e1s detalles.<\/p>\n\n\n\n<p>En el encuentro masivo estuvieron presentes los<strong>&nbsp;dirigentes estatales de los partidos<\/strong>&nbsp;y el l\u00edder nacional panista, as\u00ed como la candidata a la diputaci\u00f3n federal Nadia Navarro, el virtual candidato a la alcald\u00eda capitalina Mario Riestra, entre otros.<img decoding=\"async\" src=\"https:\/\/www.elsoldepuebla.com.mx\/local\/3ppwyk-eduardo-rivera-se-registra-ante-el-iee-como-candidato-a-la-gubernatura-de-puebla\/alternates\/FREE_720\/Eduardo%20Rivera%20se%20registra%20ante%20el%20IEE%20como%20candidato%20a%20la%20gubernatura%20de%20Puebla\" alt=\"\"><\/p>\n\n\n\n<h4 class=\"wp-block-heading\">Foto: Erik Guzm\u00e1n | El Sol de Puebla<\/h4>\n\n\n\n<p>Por su parte, el dirigente nacional del albiazul tambi\u00e9n fue<strong>&nbsp;cuestionado sobre las candidaturas de representaci\u00f3n ind\u00edgena<\/strong>&nbsp;que encabeza el candidato al Senado de la Rep\u00fablica,&nbsp;<strong>N\u00e9stor Camarillo,<\/strong>&nbsp;y la candidata a diputaci\u00f3n federal por la v\u00eda plurinominal<strong>&nbsp;Nadia Navarro<\/strong>, y asegur\u00f3 que los registros fueron avalados por el INE sin complicaciones.<\/p>\n\n\n\n<p><strong><em>\u201cEstamos buscando en todos los municipios a las y los mejores candidatos, con criterio de inclusi\u00f3n y suma para poder hacer un proyecto en donde todos se vean representados\u201d,<\/em><\/strong>&nbsp;dijo.<\/p>\n\n\n\n<p><a href=\"https:\/\/whatsapp.com\/channel\/0029VaB3w4UI7BeKmuTR0143\" target=\"_blank\" rel=\"noreferrer noopener\">&#x27a1;&#xfe0f;&nbsp;<strong>\u00danete al canal de El Sol de Puebla en WhatsApp y accede a la informaci\u00f3n m\u00e1s importante<\/strong><\/a><\/p>\n\n\n\n<p>Marko Cort\u00e9s tambi\u00e9n lanz\u00f3 un mensaje a aquellos expri\u00edstas y expanistas que se sumaron al proyecto de Morena para encabezar una candidatura:<em><strong>&nbsp;\u201cEste proyecto es el que va a ganar, si su decisi\u00f3n es por inter\u00e9s, se est\u00e1n equivocando porque aqu\u00ed vamos a ganar con el proyecto de Eduardo Rivera, quienes quieran sumarse, les damos la bienvenida y quienes se quieran ir, est\u00e1n en su derecho\u201d.<\/strong><\/em><\/p>\n\n\n\n<p>Finalmente,\u00a0<strong>rechaz\u00f3 que el partido le tenga miedo a Morena y sus aliados,\u00a0<\/strong>esto debido a que a\u00fan no han oficializado a su candidata a la Diputaci\u00f3n federal 09 con cabecera en Puebla capital, esto en referencia a que ser\u00e1 el hijo del ex gobernador panista, Antonio Galli, quien encabeza esta candidatura por parte de la alianza oficialista.<\/p>\n\n\n\n<p>Fuente: <a href=\"https:\/\/www.elsoldepuebla.com.mx\/elecciones-2024\/eduardo-rivera-se-registra-ante-el-iee-como-candidato-a-la-gubernatura-de-puebla-11556900.html\">https:\/\/www.elsoldepuebla.com.mx\/elecciones-2024\/eduardo-rivera-se-registra-ante-el-iee-como-candidato-a-la-gubernatura-de-puebla-11556900.html<\/a><\/p>\n","protected":false},"excerpt":{"rendered":"<p>Rivera P\u00e9rez se registr\u00f3 para la coalici\u00f3n electoral \u201cMejor Rumbo por Puebla\u201d, integrada por PAN, PRI, PRD y PSI Rivera [&hellip;]<\/p>\n","protected":false},"author":1,"featured_media":70043,"comment_status":"open","ping_status":"open","sticky":false,"template":"","format":"standard","meta":{"site-sidebar-layout":"default","site-content-layout":"","ast-site-content-layout":"default","site-content-style":"default","site-sidebar-style":"default","ast-global-header-display":"","ast-banner-title-visibility":"","ast-main-header-display":"","ast-hfb-above-header-display":"","ast-hfb-below-header-display":"","ast-hfb-mobile-header-display":"","site-post-title":"","ast-breadcrumbs-content":"","ast-featured-img":"","footer-sml-layout":"","theme-transparent-header-meta":"","adv-header-id-meta":"","stick-header-meta":"","header-above-stick-meta":"","header-main-stick-meta":"","header-below-stick-meta":"","astra-migrate-meta-layouts":"default","ast-page-background-enabled":"default","ast-page-background-meta":{"desktop":{"background-color":"var(--ast-global-color-4)","background-image":"","background-repeat":"repeat","background-position":"center center","background-size":"auto","background-attachment":"scroll","background-type":"","background-media":"","overlay-type":"","overlay-color":"","overlay-opacity":"","overlay-gradient":""},"tablet":{"background-color":"","background-image":"","background-repeat":"repeat","background-position":"center center","background-size":"auto","background-attachment":"scroll","background-type":"","background-media":"","overlay-type":"","overlay-color":"","overlay-opacity":"","overlay-gradient":""},"mobile":{"background-color":"","background-image":"","background-repeat":"repeat","background-position":"center center","background-size":"auto","background-attachment":"scroll","background-type":"","background-media":"","overlay-type":"","overlay-color":"","overlay-opacity":"","overlay-gradient":""}},"ast-content-background-meta":{"desktop":{"background-color":"var(--ast-global-color-5)","background-image":"","background-repeat":"repeat","background-position":"center center","background-size":"auto","background-attachment":"scroll","background-type":"","background-media":"","overlay-type":"","overlay-color":"","overlay-opacity":"","overlay-gradient":""},"tablet":{"background-color":"var(--ast-global-color-5)","background-image":"","background-repeat":"repeat","background-position":"center center","background-size":"auto","background-attachment":"scroll","background-type":"","background-media":"","overlay-type":"","overlay-color":"","overlay-opacity":"","overlay-gradient":""},"mobile":{"background-color":"var(--ast-global-color-5)","background-image":"","background-repeat":"repeat","background-position":"center center","background-size":"auto","background-attachment":"scroll","background-type":"","background-media":"","overlay-type":"","overlay-color":"","overlay-opacity":"","overlay-gradient":""}},"footnotes":""},"categories":[8],"tags":[22787,8711,13297,12115],"class_list":["post-70042","post","type-post","status-publish","format-standard","has-post-thumbnail","hentry","category-noticias","tag-mejorrumboporpuebla","tag-elecciones-puebla-2024","tag-iee","tag-lalo-rivera"],"_links":{"self":[{"href":"https:\/\/losperiodistas.com.mx\/portal\/wp-json\/wp\/v2\/posts\/70042","targetHints":{"allow":["GET"]}}],"collection":[{"href":"https:\/\/losperiodistas.com.mx\/portal\/wp-json\/wp\/v2\/posts"}],"about":[{"href":"https:\/\/losperiodistas.com.mx\/portal\/wp-json\/wp\/v2\/types\/post"}],"author":[{"embeddable":true,"href":"https:\/\/losperiodistas.com.mx\/portal\/wp-json\/wp\/v2\/users\/1"}],"replies":[{"embeddable":true,"href":"https:\/\/losperiodistas.com.mx\/portal\/wp-json\/wp\/v2\/comments?post=70042"}],"version-history":[{"count":1,"href":"https:\/\/losperiodistas.com.mx\/portal\/wp-json\/wp\/v2\/posts\/70042\/revisions"}],"predecessor-version":[{"id":70044,"href":"https:\/\/losperiodistas.com.mx\/portal\/wp-json\/wp\/v2\/posts\/70042\/revisions\/70044"}],"wp:featuredmedia":[{"embeddable":true,"href":"https:\/\/losperiodistas.com.mx\/portal\/wp-json\/wp\/v2\/media\/70043"}],"wp:attachment":[{"href":"https:\/\/losperiodistas.com.mx\/portal\/wp-json\/wp\/v2\/media?parent=70042"}],"wp:term":[{"taxonomy":"category","embeddable":true,"href":"https:\/\/losperiodistas.com.mx\/portal\/wp-json\/wp\/v2\/categories?post=70042"},{"taxonomy":"post_tag","embeddable":true,"href":"https:\/\/losperiodistas.com.mx\/portal\/wp-json\/wp\/v2\/tags?post=70042"}],"curies":[{"name":"wp","href":"https:\/\/api.w.org\/{rel}","templated":true}]}}