{"id":70039,"date":"2024-03-07T06:11:08","date_gmt":"2024-03-07T12:11:08","guid":{"rendered":"https:\/\/losperiodistas.com.mx\/portal\/?p=70039"},"modified":"2024-03-07T06:11:10","modified_gmt":"2024-03-07T12:11:10","slug":"abre-fgr-investigacion-por-ataques-y-danos-a-instalaciones-federales-la-jornada","status":"publish","type":"post","link":"https:\/\/losperiodistas.com.mx\/portal\/abre-fgr-investigacion-por-ataques-y-danos-a-instalaciones-federales-la-jornada\/","title":{"rendered":"Abre FGR investigaci\u00f3n por ataques y da\u00f1os a instalaciones federales | La Jornada"},"content":{"rendered":"\n<figure class=\"wp-block-image\"><img decoding=\"async\" src=\"https:\/\/www.jornada.com.mx\/ndjsimg\/images\/jornada\/jornadaimg\/abre-fgr-investigacion-por-danos-en-palacio-nacional-2745\/abre-fgr-investigacion-por-danos-en-palacio-nacional-2745html-jorge-pablo-portazo-1-6-mar-24jpg-6298html-fae9764a-93a5-43e7-ae57-ba8dc25214e4.jpg\" alt=\"Imagen\"\/><figcaption>J\u00f3venes encapuchados chocaron una camioneta de la CFE en la puerta de Palacio Nacional de la calle de Moneda. Foto: Jorge \u00c1ngel Pablo Garc\u00eda<\/figcaption><\/figure>\n\n\n\n<ul class=\"has-vivid-red-color has-text-color has-medium-font-size wp-block-list\"><li><a href=\"https:\/\/www.facebook.com\/sharer\/sharer.php?u=https:\/\/www.jornada.com.mx\/noticia\/2024\/03\/06\/politica\/abre-fgr-investigacion-por-danos-en-palacio-nacional-2745\"><\/a><strong><a style=\"font-family: -apple-system, BlinkMacSystemFont, &quot;Segoe UI&quot;, Roboto, Oxygen-Sans, Ubuntu, Cantarell, &quot;Helvetica Neue&quot;, sans-serif;\" href=\"https:\/\/www.jornada.com.mx\/autores\/Gustavo%20Castillo\">Gustavo Castillo<\/a> \/ LA JORNADA<\/strong><\/li><\/ul>\n\n\n\n<p><em>Ciudad de M\u00e9xico.<\/em>\u00a0La Fiscal\u00eda General de la Rep\u00fablica (FGR) inici\u00f3 una carpeta de investigaci\u00f3n en contra de quien resulte responsable de los ataques con petardos y veh\u00edculos, y haber causado da\u00f1os a instalaciones federales que incluyen lo sucedido con la puerta de acceso a Palacio Nacional, el Senado de la Rep\u00fablica, el edificio sede de la Canciller\u00eda y tambi\u00e9n lo ocurrido en el Centro Nacional de Arraigo.<\/p>\n\n\n\n<p>Fuentes federales informaron que la apertura de esta indagatoria se inici\u00f3 desde el pasado 28 de febrero y a ella se han ido acumulando cada uno de los eventos en los cuales, presuntos integrantes de la escuela Normal Rural, Ra\u00fal Isidro Burgos, conocida como Ayotzinapa, han lanzado petardos y causado da\u00f1os a las instalaciones y accesos al Senado y la sede de la Secretar\u00eda de Relaciones Exteriores.<\/p>\n\n\n\n<p>De acuerdo con las fuentes consultadas, la investigaci\u00f3n se integra como parte de las funciones que corresponden a la FGR, ya que se convierte en el abogado de la naci\u00f3n, y por tanto debe realizar acciones en contra de quienes causen da\u00f1o a las instalaciones gubernamentales de car\u00e1cter federal.<\/p>\n\n\n\n<p>Explicaron los funcionarios que la integraci\u00f3n de la carpeta de investigaci\u00f3n suma las evidencias y peritajes realizados en cada uno de los eventos donde se han cometido actos vand\u00e1licos.<\/p>\n\n\n\n<p>Grupos de encapuchados han lanzado los artefactos en contra de las instalaciones federales durante o al t\u00e9rmino de las movilizaciones realizadas por padres de familia de los 43 normalistas de Ayotzinapa que se encuentran desaparecidos desde septiembre de 2014, luego de haber sido privados de la libertad en acciones realizados por polic\u00eda locales del estado de Guerrero en coordinaci\u00f3n con miembros del grupo delictivo Guerreros Unidos, presuntamente con apoyo de miembros del Ej\u00e9rcito mexicano.<\/p>\n\n\n\n<p>Fuente: <a href=\"https:\/\/www.jornada.com.mx\/noticia\/2024\/03\/06\/politica\/abre-fgr-investigacion-por-danos-en-palacio-nacional-2745\">https:\/\/www.jornada.com.mx\/noticia\/2024\/03\/06\/politica\/abre-fgr-investigacion-por-danos-en-palacio-nacional-2745<\/a><\/p>\n","protected":false},"excerpt":{"rendered":"<p>Gustavo Castillo \/ LA JORNADA Ciudad de M\u00e9xico.\u00a0La Fiscal\u00eda General de la Rep\u00fablica (FGR) inici\u00f3 una carpeta de investigaci\u00f3n en [&hellip;]<\/p>\n","protected":false},"author":1,"featured_media":70040,"comment_status":"open","ping_status":"open","sticky":false,"template":"","format":"standard","meta":{"site-sidebar-layout":"default","site-content-layout":"","ast-site-content-layout":"default","site-content-style":"default","site-sidebar-style":"default","ast-global-header-display":"","ast-banner-title-visibility":"","ast-main-header-display":"","ast-hfb-above-header-display":"","ast-hfb-below-header-display":"","ast-hfb-mobile-header-display":"","site-post-title":"","ast-breadcrumbs-content":"","ast-featured-img":"","footer-sml-layout":"","theme-transparent-header-meta":"","adv-header-id-meta":"","stick-header-meta":"","header-above-stick-meta":"","header-main-stick-meta":"","header-below-stick-meta":"","astra-migrate-meta-layouts":"default","ast-page-background-enabled":"default","ast-page-background-meta":{"desktop":{"background-color":"var(--ast-global-color-4)","background-image":"","background-repeat":"repeat","background-position":"center center","background-size":"auto","background-attachment":"scroll","background-type":"","background-media":"","overlay-type":"","overlay-color":"","overlay-opacity":"","overlay-gradient":""},"tablet":{"background-color":"","background-image":"","background-repeat":"repeat","background-position":"center center","background-size":"auto","background-attachment":"scroll","background-type":"","background-media":"","overlay-type":"","overlay-color":"","overlay-opacity":"","overlay-gradient":""},"mobile":{"background-color":"","background-image":"","background-repeat":"repeat","background-position":"center center","background-size":"auto","background-attachment":"scroll","background-type":"","background-media":"","overlay-type":"","overlay-color":"","overlay-opacity":"","overlay-gradient":""}},"ast-content-background-meta":{"desktop":{"background-color":"var(--ast-global-color-5)","background-image":"","background-repeat":"repeat","background-position":"center center","background-size":"auto","background-attachment":"scroll","background-type":"","background-media":"","overlay-type":"","overlay-color":"","overlay-opacity":"","overlay-gradient":""},"tablet":{"background-color":"var(--ast-global-color-5)","background-image":"","background-repeat":"repeat","background-position":"center center","background-size":"auto","background-attachment":"scroll","background-type":"","background-media":"","overlay-type":"","overlay-color":"","overlay-opacity":"","overlay-gradient":""},"mobile":{"background-color":"var(--ast-global-color-5)","background-image":"","background-repeat":"repeat","background-position":"center center","background-size":"auto","background-attachment":"scroll","background-type":"","background-media":"","overlay-type":"","overlay-color":"","overlay-opacity":"","overlay-gradient":""}},"footnotes":""},"categories":[8],"tags":[3572,2068,8122],"class_list":["post-70039","post","type-post","status-publish","format-standard","has-post-thumbnail","hentry","category-noticias","tag-fgr","tag-normalistas-ayotzinapa","tag-palacio-nacional"],"_links":{"self":[{"href":"https:\/\/losperiodistas.com.mx\/portal\/wp-json\/wp\/v2\/posts\/70039","targetHints":{"allow":["GET"]}}],"collection":[{"href":"https:\/\/losperiodistas.com.mx\/portal\/wp-json\/wp\/v2\/posts"}],"about":[{"href":"https:\/\/losperiodistas.com.mx\/portal\/wp-json\/wp\/v2\/types\/post"}],"author":[{"embeddable":true,"href":"https:\/\/losperiodistas.com.mx\/portal\/wp-json\/wp\/v2\/users\/1"}],"replies":[{"embeddable":true,"href":"https:\/\/losperiodistas.com.mx\/portal\/wp-json\/wp\/v2\/comments?post=70039"}],"version-history":[{"count":1,"href":"https:\/\/losperiodistas.com.mx\/portal\/wp-json\/wp\/v2\/posts\/70039\/revisions"}],"predecessor-version":[{"id":70041,"href":"https:\/\/losperiodistas.com.mx\/portal\/wp-json\/wp\/v2\/posts\/70039\/revisions\/70041"}],"wp:featuredmedia":[{"embeddable":true,"href":"https:\/\/losperiodistas.com.mx\/portal\/wp-json\/wp\/v2\/media\/70040"}],"wp:attachment":[{"href":"https:\/\/losperiodistas.com.mx\/portal\/wp-json\/wp\/v2\/media?parent=70039"}],"wp:term":[{"taxonomy":"category","embeddable":true,"href":"https:\/\/losperiodistas.com.mx\/portal\/wp-json\/wp\/v2\/categories?post=70039"},{"taxonomy":"post_tag","embeddable":true,"href":"https:\/\/losperiodistas.com.mx\/portal\/wp-json\/wp\/v2\/tags?post=70039"}],"curies":[{"name":"wp","href":"https:\/\/api.w.org\/{rel}","templated":true}]}}