{"id":70023,"date":"2024-03-06T17:10:12","date_gmt":"2024-03-06T23:10:12","guid":{"rendered":"https:\/\/losperiodistas.com.mx\/portal\/?p=70023"},"modified":"2024-03-06T17:10:14","modified_gmt":"2024-03-06T23:10:14","slug":"la-curiosa-historia-del-hombre-que-ya-ha-recibido-217-vacunas-contra-el-covid-acyv","status":"publish","type":"post","link":"https:\/\/losperiodistas.com.mx\/portal\/la-curiosa-historia-del-hombre-que-ya-ha-recibido-217-vacunas-contra-el-covid-acyv\/","title":{"rendered":"La curiosa historia del hombre que ya ha recibido 217 vacunas contra el covid | ACyV"},"content":{"rendered":"\n<h2 class=\"has-medium-font-size wp-block-heading\">Una revista cient\u00edfica documenta el caso de este alem\u00e1n de 62 a\u00f1os que recibi\u00f3 tantas vacunas por \u00abrazones privadas\u00bb. No ha sufrido ning\u00fan efecto adverso<\/h2>\n\n\n\n<figure class=\"wp-block-image size-large\"><img fetchpriority=\"high\" decoding=\"async\" width=\"1024\" height=\"768\" src=\"https:\/\/losperiodistas.com.mx\/portal\/wp-content\/uploads\/2024\/03\/f.elconfidencial.com_original_186_491_fda_186491fda0d0e3539396a5fad3ad8474-1-1024x768.jpg\" alt=\"\" class=\"wp-image-70024\" srcset=\"https:\/\/losperiodistas.com.mx\/portal\/wp-content\/uploads\/2024\/03\/f.elconfidencial.com_original_186_491_fda_186491fda0d0e3539396a5fad3ad8474-1-1024x768.jpg 1024w, https:\/\/losperiodistas.com.mx\/portal\/wp-content\/uploads\/2024\/03\/f.elconfidencial.com_original_186_491_fda_186491fda0d0e3539396a5fad3ad8474-1-300x225.jpg 300w, https:\/\/losperiodistas.com.mx\/portal\/wp-content\/uploads\/2024\/03\/f.elconfidencial.com_original_186_491_fda_186491fda0d0e3539396a5fad3ad8474-1-768x576.jpg 768w, https:\/\/losperiodistas.com.mx\/portal\/wp-content\/uploads\/2024\/03\/f.elconfidencial.com_original_186_491_fda_186491fda0d0e3539396a5fad3ad8474-1.jpg 1200w\" sizes=\"(max-width: 1024px) 100vw, 1024px\" \/><figcaption>Foto: iStock.<\/figcaption><\/figure>\n\n\n\n<p class=\"has-vivid-red-color has-text-color has-medium-font-size\"><strong>REDACCI\u00d3N ACyV<\/strong><\/p>\n\n\n\n<p>En un caso m\u00e9dico sin precedentes,&nbsp;<strong>un hombre de Magdeburgo, Alemania,&nbsp;<\/strong>ha sido objeto de estudio tras recibir&nbsp;<strong>217 vacunas contra COVID-19 en el transcurso de 29 meses.<\/strong>&nbsp;Aunque la recomendaci\u00f3n m\u00e9dica general es mantenerse al d\u00eda con las vacunaciones conforme evoluciona el virus y disminuye la inmunidad,&nbsp;<strong>este caso extremo de hipervacunaci\u00f3n ha captado la atenci\u00f3n de la comunidad cient\u00edfica&nbsp;<\/strong>por las implicaciones que tiene sobre el sistema inmunol\u00f3gico humano.<\/p>\n\n\n\n<p>El individuo, cuyas motivaciones para someterse a tantas vacunaciones se describen como \u00ab<strong>razones privadas\u00bb<\/strong>, fue inicialmente objeto de una investigaci\u00f3n por parte de la fiscal\u00eda de Magdeburgo, que confirm\u00f3 que hab\u00eda recibido<strong>&nbsp;130 vacunas, pero decidi\u00f3 no presentar cargos por fraude.&nbsp;<\/strong>Este ins\u00f3lito comportamiento ofreci\u00f3 una oportunidad \u00fanica para que los inmun\u00f3logos estudiaran los efectos de la hipervacunaci\u00f3n en el sistema inmunitario.<\/p>\n\n\n\n<p><strong>Kilian Schober,<\/strong>&nbsp;uno de los autores del estudio que recoge su caso, expres\u00f3 su curiosidad inicial cuando se dio a conocer el caso en 2022: \u00abNos preguntamos qu\u00e9 consecuencias tendr\u00eda una hipervacunaci\u00f3n de este tipo en el sistema inmune\u00bb, afirma en declaraciones recogidas por la revista&nbsp;<em><a href=\"https:\/\/www.iflscience.com\/man-takes-217-covid-19-vaccines-in-29-months-for-private-reasons-is-fine-73253\" target=\"_blank\" rel=\"noreferrer noopener\">IFL Science<\/a><\/em>. El equipo de investigaci\u00f3n se puso en contacto con la fiscal\u00eda,&nbsp;<strong>que a su vez contact\u00f3 al hombre de 62 a\u00f1os<\/strong>, quien accedi\u00f3 a someterse a diversas pruebas m\u00e9dicas.<\/p>\n\n\n\n<figure class=\"wp-block-pullquote\"><blockquote><p>\u00abLas vacunas incrementaron la cantidad de anticuerpos espec\u00edficos sin tener un efecto positivo o negativo fuerte en las respuestas inmunitarias\u00bb<\/p><\/blockquote><\/figure>\n\n\n\n<p>Los resultados de estos ex\u00e1menes revelaron que el paciente pose\u00eda una cantidad significativa de&nbsp;<a href=\"https:\/\/www.cancer.gov\/espanol\/publicaciones\/diccionarios\/diccionario-cancer\/def\/celula-t\" target=\"_blank\" rel=\"noreferrer noopener\">c\u00e9lulas T&nbsp;<\/a>contra el SARS-CoV-2, incluso mayores que las de personas vacunadas tres veces,&nbsp;<strong>sin mostrar signos de fatiga en estas c\u00e9lulas<\/strong>. Asombrosamente, no sufri\u00f3 efectos secundarios de ninguna de las vacunas administradas. Schober a\u00f1adi\u00f3: \u00ab<strong>Nuestro sujeto de prueba fue vacunado con un total de ocho vacunas diferentes,<\/strong>&nbsp;incluidas varias vacunas de ARNm disponibles. La observaci\u00f3n de que no hubo efectos secundarios notables a pesar de esta hipervacunaci\u00f3n extraordinaria es consistente con la buena tolerabilidad general de las preparaciones\u00bb.<\/p>\n\n\n\n<h2 class=\"wp-block-heading\">Ning\u00fan efecto (de momento)<\/h2>\n\n\n\n<p>Aunque este caso es una curiosidad y la salud del paciente es una buena noticia, los investigadores advierten que los hallazgos de este \u00fanico informe de caso<strong>&nbsp;no pueden extrapolarse para establecer nuevas directrices de vacunaci\u00f3n.<\/strong>&nbsp;En palabras de los autores del estudio, publicado en<a href=\"https:\/\/www.thelancet.com\/journals\/laninf\/article\/PIIS1473-3099(24)00134-8\/fulltext#%20\" target=\"_blank\" rel=\"noreferrer noopener\"><em>&nbsp;The Lancet Infectious Diseases<\/em>:<\/a><strong>&nbsp;\u00abNuestro informe de caso muestra que la hipervacunaci\u00f3n de SARS-CoV-2 no condujo a eventos adversos<\/strong>&nbsp;e increment\u00f3 la cantidad de anticuerpos espec\u00edficos contra la espiga y las c\u00e9lulas T sin tener un efecto positivo o negativo fuerte en la calidad intr\u00ednseca de las respuestas inmunitarias adaptativas\u00bb.<\/p>\n\n\n\n<div class=\"wp-block-image\"><figure class=\"alignleft is-resized\"><img decoding=\"async\" src=\"https:\/\/images.ecestaticos.com\/OZ6XQibXPgWc9turSIK3NvVC-Wc=\/0x0:1000x750\/1200x900\/filters:fill(white):format(jpg)\/f.elconfidencial.com%2Foriginal%2Fac4%2F10c%2F905%2Fac410c905be50dee4c6baab4741546be.jpg\" alt=\"Foto: La 'tiktoker' que es al\u00e9rgica de la gravedad (TikTok\/@kimmirhoades)\" width=\"-471\" height=\"-353\"\/><\/figure><\/div>\n\n\n\n<p class=\"has-cyan-bluish-gray-background-color has-background\">TE PUEDE INTERESAR <a href=\"https:\/\/www.elconfidencial.com\/alma-corazon-vida\/2022-05-27\/gravedad-tiktok-alergia-salud_3431903\/\">El curioso caso de la &#8216;influencer&#8217; al\u00e9rgica a la gravedad<\/a>El Confidencial<\/p>\n\n\n\n<p><\/p>\n\n\n\n<p><\/p>\n\n\n\n<p><\/p>\n\n\n\n<p><\/p>\n\n\n\n<p>El equipo de investigaci\u00f3n enfatiza que, si bien no se han encontrado indicios de infecciones por SARS-CoV-2 en el paciente hasta la fecha, n<strong>o pueden afirmar con certeza que esto se deba directamente al r\u00e9gimen de hipervacunaci\u00f3n<\/strong>. Importante es se\u00f1alar que no respaldan para nada esta vacunaci\u00f3n intensiva como estrategia para mejorar la inmunidad adaptativa. Este caso excepcional abre nuevas preguntas sobre los l\u00edmites de la vacunaci\u00f3n y la respuesta inmunitaria humana, ofreciendo un singular punto de partida para futuras investigaciones en el campo de la inmunolog\u00eda y la respuesta a pandemias.<\/p>\n\n\n\n<p>Fuente: <a href=\"https:\/\/www.elconfidencial.com\/alma-corazon-vida\/2024-03-06\/217-vacunas-covid-pandemia-ciencia-1mpa_3843654\/\">https:\/\/www.elconfidencial.com\/alma-corazon-vida\/2024-03-06\/217-vacunas-covid-pandemia-ciencia-1mpa_3843654\/<\/a><\/p>\n","protected":false},"excerpt":{"rendered":"<p>Una revista cient\u00edfica documenta el caso de este alem\u00e1n de 62 a\u00f1os que recibi\u00f3 tantas vacunas por \u00abrazones privadas\u00bb. No [&hellip;]<\/p>\n","protected":false},"author":1,"featured_media":70024,"comment_status":"open","ping_status":"open","sticky":false,"template":"","format":"standard","meta":{"site-sidebar-layout":"default","site-content-layout":"","ast-site-content-layout":"default","site-content-style":"default","site-sidebar-style":"default","ast-global-header-display":"","ast-banner-title-visibility":"","ast-main-header-display":"","ast-hfb-above-header-display":"","ast-hfb-below-header-display":"","ast-hfb-mobile-header-display":"","site-post-title":"","ast-breadcrumbs-content":"","ast-featured-img":"","footer-sml-layout":"","theme-transparent-header-meta":"","adv-header-id-meta":"","stick-header-meta":"","header-above-stick-meta":"","header-main-stick-meta":"","header-below-stick-meta":"","astra-migrate-meta-layouts":"default","ast-page-background-enabled":"default","ast-page-background-meta":{"desktop":{"background-color":"var(--ast-global-color-4)","background-image":"","background-repeat":"repeat","background-position":"center center","background-size":"auto","background-attachment":"scroll","background-type":"","background-media":"","overlay-type":"","overlay-color":"","overlay-opacity":"","overlay-gradient":""},"tablet":{"background-color":"","background-image":"","background-repeat":"repeat","background-position":"center center","background-size":"auto","background-attachment":"scroll","background-type":"","background-media":"","overlay-type":"","overlay-color":"","overlay-opacity":"","overlay-gradient":""},"mobile":{"background-color":"","background-image":"","background-repeat":"repeat","background-position":"center center","background-size":"auto","background-attachment":"scroll","background-type":"","background-media":"","overlay-type":"","overlay-color":"","overlay-opacity":"","overlay-gradient":""}},"ast-content-background-meta":{"desktop":{"background-color":"var(--ast-global-color-5)","background-image":"","background-repeat":"repeat","background-position":"center center","background-size":"auto","background-attachment":"scroll","background-type":"","background-media":"","overlay-type":"","overlay-color":"","overlay-opacity":"","overlay-gradient":""},"tablet":{"background-color":"var(--ast-global-color-5)","background-image":"","background-repeat":"repeat","background-position":"center center","background-size":"auto","background-attachment":"scroll","background-type":"","background-media":"","overlay-type":"","overlay-color":"","overlay-opacity":"","overlay-gradient":""},"mobile":{"background-color":"var(--ast-global-color-5)","background-image":"","background-repeat":"repeat","background-position":"center center","background-size":"auto","background-attachment":"scroll","background-type":"","background-media":"","overlay-type":"","overlay-color":"","overlay-opacity":"","overlay-gradient":""}},"footnotes":""},"categories":[8],"tags":[23096,23094,23095],"class_list":["post-70023","post","type-post","status-publish","format-standard","has-post-thumbnail","hentry","category-noticias","tag-aleman-de-62-anos","tag-aleman-ecibe-217-vacunas-covid-19","tag-caso-medico-sin-precedentes"],"_links":{"self":[{"href":"https:\/\/losperiodistas.com.mx\/portal\/wp-json\/wp\/v2\/posts\/70023","targetHints":{"allow":["GET"]}}],"collection":[{"href":"https:\/\/losperiodistas.com.mx\/portal\/wp-json\/wp\/v2\/posts"}],"about":[{"href":"https:\/\/losperiodistas.com.mx\/portal\/wp-json\/wp\/v2\/types\/post"}],"author":[{"embeddable":true,"href":"https:\/\/losperiodistas.com.mx\/portal\/wp-json\/wp\/v2\/users\/1"}],"replies":[{"embeddable":true,"href":"https:\/\/losperiodistas.com.mx\/portal\/wp-json\/wp\/v2\/comments?post=70023"}],"version-history":[{"count":1,"href":"https:\/\/losperiodistas.com.mx\/portal\/wp-json\/wp\/v2\/posts\/70023\/revisions"}],"predecessor-version":[{"id":70025,"href":"https:\/\/losperiodistas.com.mx\/portal\/wp-json\/wp\/v2\/posts\/70023\/revisions\/70025"}],"wp:featuredmedia":[{"embeddable":true,"href":"https:\/\/losperiodistas.com.mx\/portal\/wp-json\/wp\/v2\/media\/70024"}],"wp:attachment":[{"href":"https:\/\/losperiodistas.com.mx\/portal\/wp-json\/wp\/v2\/media?parent=70023"}],"wp:term":[{"taxonomy":"category","embeddable":true,"href":"https:\/\/losperiodistas.com.mx\/portal\/wp-json\/wp\/v2\/categories?post=70023"},{"taxonomy":"post_tag","embeddable":true,"href":"https:\/\/losperiodistas.com.mx\/portal\/wp-json\/wp\/v2\/tags?post=70023"}],"curies":[{"name":"wp","href":"https:\/\/api.w.org\/{rel}","templated":true}]}}