{"id":70011,"date":"2024-03-06T11:39:27","date_gmt":"2024-03-06T17:39:27","guid":{"rendered":"https:\/\/losperiodistas.com.mx\/portal\/?p=70011"},"modified":"2024-03-06T11:39:29","modified_gmt":"2024-03-06T17:39:29","slug":"normalistas-de-ayotzinapa-rompen-puerta-de-palacio-nacional-en-plena-mananera-de-amlo-video-infobae","status":"publish","type":"post","link":"https:\/\/losperiodistas.com.mx\/portal\/normalistas-de-ayotzinapa-rompen-puerta-de-palacio-nacional-en-plena-mananera-de-amlo-video-infobae\/","title":{"rendered":"Normalistas de Ayotzinapa rompen puerta de Palacio Nacional en plena Ma\u00f1anera de AMLO | VIDEO | Infobae"},"content":{"rendered":"\n<h2 class=\"wp-block-heading\">Los hechos se dan en plena conferencia de AMLO<\/h2>\n\n\n\n<p><img fetchpriority=\"high\" decoding=\"async\" height=\"1080\" width=\"1920\" srcset=\"https:\/\/www.infobae.com\/new-resizer\/ldcEM9jJ_PRHeD6sowVRUiqOF6s=\/420x236\/filters:format(webp):quality(85)\/cloudfront-us-east-1.images.arcpublishing.com\/infobae\/QHBNGPX67NF5FCRHU3AGI6HOZ4.jpg 420w,https:\/\/www.infobae.com\/new-resizer\/te-8SJof175h_KuGP6PkcmRC8_U=\/768x432\/filters:format(webp):quality(85)\/cloudfront-us-east-1.images.arcpublishing.com\/infobae\/QHBNGPX67NF5FCRHU3AGI6HOZ4.jpg 768w,https:\/\/www.infobae.com\/new-resizer\/Rp5vReNOYUq6uYYL3gwEDTPyToI=\/992x558\/filters:format(webp):quality(85)\/cloudfront-us-east-1.images.arcpublishing.com\/infobae\/QHBNGPX67NF5FCRHU3AGI6HOZ4.jpg 992w,https:\/\/www.infobae.com\/new-resizer\/3uvn1pk0a8GvmenUliwrW2gklbU=\/1200x675\/filters:format(webp):quality(85)\/cloudfront-us-east-1.images.arcpublishing.com\/infobae\/QHBNGPX67NF5FCRHU3AGI6HOZ4.jpg 1200w,https:\/\/www.infobae.com\/new-resizer\/fRqPz2Ttxwmz6xSQDoxDIj8-90c=\/1440x810\/filters:format(webp):quality(85)\/cloudfront-us-east-1.images.arcpublishing.com\/infobae\/QHBNGPX67NF5FCRHU3AGI6HOZ4.jpg 1440w\" src=\"https:\/\/www.infobae.com\/new-resizer\/ldcEM9jJ_PRHeD6sowVRUiqOF6s=\/420x236\/filters:format(webp):quality(85)\/cloudfront-us-east-1.images.arcpublishing.com\/infobae\/QHBNGPX67NF5FCRHU3AGI6HOZ4.jpg%20420w\" alt=\"Normalistas irrumpen en Palacio Nacional\nCredito cuartoscuro,captura redes\">Normalistas irrumpen en Palacio Nacional Credito cuartoscuro,captura redes<\/p>\n\n\n\n<p><\/p>\n\n\n\n<p><\/p>\n\n\n\n<p class=\"has-vivid-red-color has-text-color has-medium-font-size\"><strong>MAYTE BAENA \/ INFOBAE<\/strong><\/p>\n\n\n\n<p>La ma\u00f1ana de este mi\u00e9rcoles 6 de marzo, un grupo de\u00a0<a href=\"https:\/\/www.infobae.com\/mexico\/2024\/03\/06\/por-que-los-normalistas-de-ayotzinapa-irrumpieron-en-palacio-nacional-cuando-amlo-daba-la-mananera\/\" target=\"_blank\" rel=\"noreferrer noopener\">normalistas\u00a0<\/a><strong>derrib\u00f3 la Puerta de Palacio Nacional<\/strong>\u00a0justo en el momento en que se lleva a cabo la conferencia de prensa del presidente Andr\u00e9s Manuel L\u00f3pez Obrador (<strong>AMLO<\/strong>). Los manifestantes ingresan a la fuerza a la sede presidencial, a d\u00edas de encabezar desmanes en diversas dependencias federales.<\/p>\n\n\n\n<p><a href=\"https:\/\/www.infobae.com\/mexico\/2024\/03\/06\/amlo-rechaza-recibir-a-padres-de-ayotzinapa-tras-protesta-de-normalistas-en-palacio-nacional-vamos-a-encontrar-a-los-jovenes\/\" target=\"_blank\" rel=\"noreferrer noopener\">Te puede interesar:<strong>AMLO rechaza recibir a padres de Ayotzinapa tras protesta de normalistas en Palacio Nacional: \u201cEn unos 15 o 20 d\u00edas m\u00e1s\u201d<\/strong><\/a><\/p>\n\n\n\n<p>De acuerdo con informaci\u00f3n preliminar, la seguridad de la sede presidencial se vio rebasada por la cantidad de manifestantes que buscaron irrumpir el mensaje del presidente; sin embargo, al interior del inmueble hay&nbsp;<strong>vallas met\u00e1licas&nbsp;<\/strong>que impidieron no solo el ingreso de los inconformes, sino que adem\u00e1s la conferencia&nbsp;<strong>no se vio afectada por este hecho.<\/strong><\/p>\n\n\n\n<p>Por ahora se conoce que con\u00a0<strong>tubos<\/strong>,\u00a0<strong>palos\u00a0<\/strong>y hasta una\u00a0<strong>camioneta\u00a0<\/strong>fue que se derrib\u00f3 la Puerta Mariana de Palacio Nacional, misma que hace algunos a\u00f1os los integrantes de la Coordinadora Nacional de Trabajadores de la Educaci\u00f3n (<strong>CNTE<\/strong>) intentaron quemar para con ello irrumpir en la sede.<\/p>\n\n\n\n<figure class=\"wp-block-image size-large\"><img decoding=\"async\" width=\"1024\" height=\"513\" src=\"https:\/\/losperiodistas.com.mx\/portal\/wp-content\/uploads\/2024\/03\/Captura-de-Pantalla-2024-03-06-a-las-11.30.59-1024x513.jpg\" alt=\"\" class=\"wp-image-70012\" srcset=\"https:\/\/losperiodistas.com.mx\/portal\/wp-content\/uploads\/2024\/03\/Captura-de-Pantalla-2024-03-06-a-las-11.30.59-1024x513.jpg 1024w, https:\/\/losperiodistas.com.mx\/portal\/wp-content\/uploads\/2024\/03\/Captura-de-Pantalla-2024-03-06-a-las-11.30.59-300x150.jpg 300w, https:\/\/losperiodistas.com.mx\/portal\/wp-content\/uploads\/2024\/03\/Captura-de-Pantalla-2024-03-06-a-las-11.30.59-768x384.jpg 768w, https:\/\/losperiodistas.com.mx\/portal\/wp-content\/uploads\/2024\/03\/Captura-de-Pantalla-2024-03-06-a-las-11.30.59-1536x769.jpg 1536w, https:\/\/losperiodistas.com.mx\/portal\/wp-content\/uploads\/2024\/03\/Captura-de-Pantalla-2024-03-06-a-las-11.30.59.jpg 1714w\" sizes=\"(max-width: 1024px) 100vw, 1024px\" \/><figcaption><a href=\"https:\/\/cdn.jwplayer.com\/previews\/7RsKbiMb\">VIDEO<\/a> | Durante la conferencia ma\u00f1anera del presidente AMLO, supuestos normalistas de Ayotzinapa derribaron unas de las puertas de Palacio Nacional para ingresar<\/figcaption><\/figure>\n\n\n\n<p>A trav\u00e9s de las redes sociales se han dado a conocer\u00a0<strong>videos\u00a0<\/strong>del momento en el cual se vivieron momentos de tensi\u00f3n en la Plancha del Z\u00f3calo de la Ciudad de M\u00e9xico. Los manifestantes, acompa\u00f1ados de\u00a0<strong>Vidulfo Rosales<\/strong>, quien funge como abogado de los padres de los normalistas desaparecidos el pasado 26 de septiembre del 2014, fueron los que se desplegaron en el inmueble para tener una audiencia privada con el mandatario.<\/p>\n\n\n\n<p><a href=\"https:\/\/www.infobae.com\/mexico\/2024\/03\/06\/asi-fue-como-los-normalistas-de-ayotzinapa-tiraron-la-puerta-de-palacio-nacional-mientras-amlo-daba-la-mananera-videos\/\" target=\"_blank\" rel=\"noreferrer noopener\">Te puede interesar:<strong>As\u00ed fue como los normalistas de Ayotzinapa tiraron la puerta de Palacio Nacional mientras AMLO daba La Ma\u00f1anera | VIDEOS<\/strong><\/a><\/p>\n\n\n\n<p>Cabe destacar que al momento\u00a0<strong>no se reportan lesionados<\/strong>, al tiempo que en punto de las 09:16 horas, tiempo del centro, se confirm\u00f3 que los manifestantes comenzaron a retirarse del lugar luego de que al interior de Palacio Nacional la seguridad disip\u00f3 a los encapuchados\u00a0<strong>usando extintores<\/strong>, lo que explica el humo que en redes sociales se denunci\u00f3 y el cual se dijo, pod\u00eda ser por parte de explosivos usados por manifestantes, acci\u00f3n que se descart\u00f3.<\/p>\n\n\n\n<figure class=\"wp-block-image size-large\"><img decoding=\"async\" width=\"1024\" height=\"573\" src=\"https:\/\/losperiodistas.com.mx\/portal\/wp-content\/uploads\/2024\/03\/Captura-de-Pantalla-2024-03-06-a-las-11.33.36-1024x573.jpg\" alt=\"\" class=\"wp-image-70013\" srcset=\"https:\/\/losperiodistas.com.mx\/portal\/wp-content\/uploads\/2024\/03\/Captura-de-Pantalla-2024-03-06-a-las-11.33.36-1024x573.jpg 1024w, https:\/\/losperiodistas.com.mx\/portal\/wp-content\/uploads\/2024\/03\/Captura-de-Pantalla-2024-03-06-a-las-11.33.36-300x168.jpg 300w, https:\/\/losperiodistas.com.mx\/portal\/wp-content\/uploads\/2024\/03\/Captura-de-Pantalla-2024-03-06-a-las-11.33.36-768x430.jpg 768w, https:\/\/losperiodistas.com.mx\/portal\/wp-content\/uploads\/2024\/03\/Captura-de-Pantalla-2024-03-06-a-las-11.33.36-1536x860.jpg 1536w, https:\/\/losperiodistas.com.mx\/portal\/wp-content\/uploads\/2024\/03\/Captura-de-Pantalla-2024-03-06-a-las-11.33.36.jpg 1712w\" sizes=\"(max-width: 1024px) 100vw, 1024px\" \/><figcaption><a href=\"https:\/\/cdn.jwplayer.com\/previews\/MjjcHZIZ\">VIDEO<\/a> | Normalistas irrumpen en Palacio Nacional Cr\u00e9dito: @brauliolunan.<\/figcaption><\/figure>\n\n\n\n<h2 class=\"wp-block-heading\">Manifestantes se retiran<\/h2>\n\n\n\n<p>Una vez que la puerta de Palacio Nacional se derrib\u00f3, los manifestantes -en su mayor\u00eda sujetos encapuchados- se retiraron de las inmediaciones de<strong>&nbsp;calle Moneda&nbsp;<\/strong>en el Centro Hist\u00f3rico de la Ciudad de M\u00e9xico. Se sabe que regresar\u00e1n a sus campamentos para despu\u00e9s retornar al Estado de&nbsp;<strong>Guerrero&nbsp;<\/strong>en espera de poder tener una audiencia con el presidente. El mandatario, a pesar de negarse a hablar con ellos, no detuvo su conferencia.<img loading=\"lazy\" decoding=\"async\" alt=\"As\u00ed fue la toma de Palacio Nacional por parte de Normalistas de Ayotzinapa \n\nFoto \nJiovany P\u00e9rez \/ Infobae M\u00e9xico\" height=\"4240\" width=\"1920\" src=\"https:\/\/www.infobae.com\/new-resizer\/bjX1MRpduGeJ8-HAsAv0tnIZANU=\/420x747\/filters:format(webp):quality(85)\/cloudfront-us-east-1.images.arcpublishing.com\/infobae\/CDECVF5VAFANBK6QCAXRNZZGE4.jpg%20420w\" srcset=\"https:\/\/www.infobae.com\/new-resizer\/bjX1MRpduGeJ8-HAsAv0tnIZANU=\/420x747\/filters:format(webp):quality(85)\/cloudfront-us-east-1.images.arcpublishing.com\/infobae\/CDECVF5VAFANBK6QCAXRNZZGE4.jpg 420w,https:\/\/www.infobae.com\/new-resizer\/7ehAe7FimxIili7NzvmLXexbiR4=\/768x1365\/filters:format(webp):quality(85)\/cloudfront-us-east-1.images.arcpublishing.com\/infobae\/CDECVF5VAFANBK6QCAXRNZZGE4.jpg 768w,https:\/\/www.infobae.com\/new-resizer\/hH7-Z7fa71SIxYz-ApU4RHzZIGk=\/992x1764\/filters:format(webp):quality(85)\/cloudfront-us-east-1.images.arcpublishing.com\/infobae\/CDECVF5VAFANBK6QCAXRNZZGE4.jpg 992w,https:\/\/www.infobae.com\/new-resizer\/vPOhNePf7BKHLV8MoYz4BDeXFuI=\/1200x2133\/filters:format(webp):quality(85)\/cloudfront-us-east-1.images.arcpublishing.com\/infobae\/CDECVF5VAFANBK6QCAXRNZZGE4.jpg 1200w\">As\u00ed fue la toma de Palacio Nacional por parte de Normalistas de Ayotzinapa Foto Jiovany P\u00e9rez \/ Infobae M\u00e9xico<\/p>\n\n\n\n<p>Ser\u00e1n integrantes de la\u00a0<a href=\"https:\/\/www.infobae.com\/mexico\/2024\/03\/06\/amlo-reacciona-a-portazo-de-normalistas-de-ayotzinapa-en-palacio-nacional-es-una-actitud-de-confrontacion\/\" target=\"_blank\" rel=\"noreferrer noopener\"><strong>Secretar\u00eda de Gobernaci\u00f3n<\/strong><\/a>\u00a0-en espec\u00edfico de la subsecretar\u00eda-, los que atiendan a los manifestantes, los cuales en d\u00edas pasados irrumpieron de manera violenta en el Senado de la Rep\u00fablica, as\u00ed como en la Secretar\u00eda de Relaciones Exteriores (<strong>SRE<\/strong>) donde usaron explosivos y causaron da\u00f1os como parte de sus protestas a modo de ubicar el paradero de los 43 estudiantes desaparecidos hace casi 10 a\u00f1os.<\/p>\n\n\n\n<p>Fuente: <a href=\"https:\/\/www.infobae.com\/mexico\/2024\/03\/06\/normalistas-de-ayotzinapa-rompen-puerta-de-palacio-nacional-en-plena-mananera-de-amlo-video\/\">https:\/\/www.infobae.com\/mexico\/2024\/03\/06\/normalistas-de-ayotzinapa-rompen-puerta-de-palacio-nacional-en-plena-mananera-de-amlo-video\/<\/a><\/p>\n","protected":false},"excerpt":{"rendered":"<p>Los hechos se dan en plena conferencia de AMLO Normalistas irrumpen en Palacio Nacional Credito cuartoscuro,captura redes MAYTE BAENA \/ [&hellip;]<\/p>\n","protected":false},"author":1,"featured_media":70014,"comment_status":"open","ping_status":"open","sticky":false,"template":"","format":"standard","meta":{"site-sidebar-layout":"default","site-content-layout":"","ast-site-content-layout":"default","site-content-style":"default","site-sidebar-style":"default","ast-global-header-display":"","ast-banner-title-visibility":"","ast-main-header-display":"","ast-hfb-above-header-display":"","ast-hfb-below-header-display":"","ast-hfb-mobile-header-display":"","site-post-title":"","ast-breadcrumbs-content":"","ast-featured-img":"","footer-sml-layout":"","theme-transparent-header-meta":"","adv-header-id-meta":"","stick-header-meta":"","header-above-stick-meta":"","header-main-stick-meta":"","header-below-stick-meta":"","astra-migrate-meta-layouts":"default","ast-page-background-enabled":"default","ast-page-background-meta":{"desktop":{"background-color":"var(--ast-global-color-4)","background-image":"","background-repeat":"repeat","background-position":"center center","background-size":"auto","background-attachment":"scroll","background-type":"","background-media":"","overlay-type":"","overlay-color":"","overlay-opacity":"","overlay-gradient":""},"tablet":{"background-color":"","background-image":"","background-repeat":"repeat","background-position":"center center","background-size":"auto","background-attachment":"scroll","background-type":"","background-media":"","overlay-type":"","overlay-color":"","overlay-opacity":"","overlay-gradient":""},"mobile":{"background-color":"","background-image":"","background-repeat":"repeat","background-position":"center center","background-size":"auto","background-attachment":"scroll","background-type":"","background-media":"","overlay-type":"","overlay-color":"","overlay-opacity":"","overlay-gradient":""}},"ast-content-background-meta":{"desktop":{"background-color":"var(--ast-global-color-5)","background-image":"","background-repeat":"repeat","background-position":"center center","background-size":"auto","background-attachment":"scroll","background-type":"","background-media":"","overlay-type":"","overlay-color":"","overlay-opacity":"","overlay-gradient":""},"tablet":{"background-color":"var(--ast-global-color-5)","background-image":"","background-repeat":"repeat","background-position":"center center","background-size":"auto","background-attachment":"scroll","background-type":"","background-media":"","overlay-type":"","overlay-color":"","overlay-opacity":"","overlay-gradient":""},"mobile":{"background-color":"var(--ast-global-color-5)","background-image":"","background-repeat":"repeat","background-position":"center center","background-size":"auto","background-attachment":"scroll","background-type":"","background-media":"","overlay-type":"","overlay-color":"","overlay-opacity":"","overlay-gradient":""}},"footnotes":""},"categories":[8],"tags":[22736,2068,8122],"class_list":["post-70011","post","type-post","status-publish","format-standard","has-post-thumbnail","hentry","category-noticias","tag-mananera-amlo","tag-normalistas-ayotzinapa","tag-palacio-nacional"],"_links":{"self":[{"href":"https:\/\/losperiodistas.com.mx\/portal\/wp-json\/wp\/v2\/posts\/70011","targetHints":{"allow":["GET"]}}],"collection":[{"href":"https:\/\/losperiodistas.com.mx\/portal\/wp-json\/wp\/v2\/posts"}],"about":[{"href":"https:\/\/losperiodistas.com.mx\/portal\/wp-json\/wp\/v2\/types\/post"}],"author":[{"embeddable":true,"href":"https:\/\/losperiodistas.com.mx\/portal\/wp-json\/wp\/v2\/users\/1"}],"replies":[{"embeddable":true,"href":"https:\/\/losperiodistas.com.mx\/portal\/wp-json\/wp\/v2\/comments?post=70011"}],"version-history":[{"count":1,"href":"https:\/\/losperiodistas.com.mx\/portal\/wp-json\/wp\/v2\/posts\/70011\/revisions"}],"predecessor-version":[{"id":70015,"href":"https:\/\/losperiodistas.com.mx\/portal\/wp-json\/wp\/v2\/posts\/70011\/revisions\/70015"}],"wp:featuredmedia":[{"embeddable":true,"href":"https:\/\/losperiodistas.com.mx\/portal\/wp-json\/wp\/v2\/media\/70014"}],"wp:attachment":[{"href":"https:\/\/losperiodistas.com.mx\/portal\/wp-json\/wp\/v2\/media?parent=70011"}],"wp:term":[{"taxonomy":"category","embeddable":true,"href":"https:\/\/losperiodistas.com.mx\/portal\/wp-json\/wp\/v2\/categories?post=70011"},{"taxonomy":"post_tag","embeddable":true,"href":"https:\/\/losperiodistas.com.mx\/portal\/wp-json\/wp\/v2\/tags?post=70011"}],"curies":[{"name":"wp","href":"https:\/\/api.w.org\/{rel}","templated":true}]}}