{"id":69852,"date":"2024-03-04T07:12:28","date_gmt":"2024-03-04T13:12:28","guid":{"rendered":"https:\/\/losperiodistas.com.mx\/portal\/?p=69852"},"modified":"2024-03-04T07:12:30","modified_gmt":"2024-03-04T13:12:30","slug":"podria-verstappen-ir-a-mercedes-f1-por-la-guerra-civil-en-red-bull-motorsport","status":"publish","type":"post","link":"https:\/\/losperiodistas.com.mx\/portal\/podria-verstappen-ir-a-mercedes-f1-por-la-guerra-civil-en-red-bull-motorsport\/","title":{"rendered":"\u00bfPODR\u00cdA VERSTAPPEN IR A MERCEDES F1 POR LA GUERRA CIVIL EN RED BULL? | Motorsport"},"content":{"rendered":"\n<h2 class=\"has-background has-medium-font-size wp-block-heading\" style=\"background-color:#ee9e66\">Mientras la situaci\u00f3n de Christian Horner en Red Bull parece lejos de terminarse, los recientes comentarios de Jos Verstappen hacen que ahora sea casi insostenible que Max Verstappen y el jefe del equipo puedan continuar sin que algo cambie. \u00bfPor qu\u00e9 Mercedes podr\u00eda meter la mano?<\/h2>\n\n\n\n<figure class=\"wp-block-image size-large\"><img fetchpriority=\"high\" decoding=\"async\" width=\"1024\" height=\"682\" src=\"https:\/\/losperiodistas.com.mx\/portal\/wp-content\/uploads\/2024\/03\/max-verstappen-red-bull-racing-1024x682.jpg\" alt=\"\" class=\"wp-image-69853\" srcset=\"https:\/\/losperiodistas.com.mx\/portal\/wp-content\/uploads\/2024\/03\/max-verstappen-red-bull-racing-1024x682.jpg 1024w, https:\/\/losperiodistas.com.mx\/portal\/wp-content\/uploads\/2024\/03\/max-verstappen-red-bull-racing-300x200.jpg 300w, https:\/\/losperiodistas.com.mx\/portal\/wp-content\/uploads\/2024\/03\/max-verstappen-red-bull-racing-768x511.jpg 768w, https:\/\/losperiodistas.com.mx\/portal\/wp-content\/uploads\/2024\/03\/max-verstappen-red-bull-racing.jpg 1200w\" sizes=\"(max-width: 1024px) 100vw, 1024px\" \/><figcaption>Max Verstappen y Christian Horner, Red Bull Racing<br>Mark Sutton \/ Motorsport Images<\/figcaption><\/figure>\n\n\n\n<p class=\"has-vivid-red-color has-text-color has-medium-font-size\"><strong>JONATHAN NOBLE \/ motorsport<\/strong><\/p>\n\n\n\n<p>A pesar de ser la historia m\u00e1s destacada en el mundo de la&nbsp;<strong>F\u00f3rmula 1<\/strong>&nbsp;en este momento, muy pocas personas saben lo que realmente est\u00e1 pasando puertas adentro con&nbsp;<strong>Christian Horner<\/strong>&nbsp;en&nbsp;<strong>Red Bull<\/strong>.<\/p>\n\n\n\n<p>Sin embargo, una cosa es segura: esta saga est\u00e1 lejos de terminar, y es posible que el final definitivo no se aclare hasta dentro de bastante tiempo.<\/p>\n\n\n\n<p>Desde que estall\u00f3 el tema el mes pasado, se especulaba con que se trataba de algo que iba mucho m\u00e1s all\u00e1 de un asunto interno entre Horner y una empleada.<\/p>\n\n\n\n<p>Desde el principio, se habl\u00f3 de un juego de poder m\u00e1s amplio que implicaba a algunos de los pilares clave de la gesti\u00f3n dentro de la organizaci\u00f3n de Red Bull.<\/p>\n\n\n\n<p>Al fin y al cabo, el asunto s\u00f3lo se hizo p\u00fablico despu\u00e9s de que la empresa austriaca de bebidas energ\u00e9ticas Red Bull emitiera un comunicado oficial.<\/p>\n\n\n\n<p>Para una marca conocida por su pol\u00edtica de no decir ni una palabra m\u00e1s de lo necesario cuando se trata de declaraciones a la prensa, el hecho de que el asunto saliera a la luz dio que pensar sobre la posibilidad de que hubiera algo m\u00e1s de lo que parece a simple vista.<canvas width=\"613\" height=\"345\"><\/p>\n\n\n\n<p>A medida que se desarrollaba el tema, se corri\u00f3 la voz de que el asunto se hab\u00eda transformado en algo mucho m\u00e1s amplio y que ahora era una batalla por el control y la influencia entre la parte austriaca de la empresa Red Bull y su propietario mayoritario tailand\u00e9s&nbsp;<strong>Chalerm Yoovidhya<\/strong>.<\/p>\n\n\n\n<p>En medio de todo esto estaban&nbsp;<strong>Helmut Marko<\/strong>, asesor deportivo de Red Bull, y Max y&nbsp;<a href=\"https:\/\/lat.motorsport.com\/driver\/jos-verstappen-2\/624917\/\" target=\"_blank\" rel=\"noreferrer noopener\">Jos Verstappen<\/a>, que ten\u00edan sus propias opiniones sobre lo que cre\u00edan que deb\u00eda ocurrir.<strong>Tambi\u00e9n lee:<\/strong><\/p>\n\n\n\n<ul class=\"wp-block-list\"><li><a href=\"https:\/\/lat.motorsport.com\/f1\/news\/f1-jos-verstappen-pide-horner-deje-red-bull-2024\/10582530\/\"><strong>F\u00d3RMULA 1<\/strong><strong>Jos Verstappen: Red Bull corre riesgo de ser \u00abdestrozado\u00bb si Horner se queda<\/strong><\/a><\/li><\/ul>\n\n\n\n<p><img decoding=\"async\" src=\"https:\/\/cdn.motorsport.com\/images\/mgl\/0a98lvp0\/s1000\/businessman-chalerm-yoovidhya-.jpg\" alt=\"El empresario Chalerm Yoovidhya; Christian Horner, Team Principal, Red Bull Racing, y Geri Horner celebran en el GP de Bahr\u00e9in de F1 2024.\" width=\"1200\" height=\"800\"><\/p>\n\n\n\n<p>El empresario Chalerm Yoovidhya; Christian Horner, Team Principal, Red Bull Racing, y Geri Horner celebran en el GP de Bahr\u00e9in de F1 2024.<\/p>\n\n\n\n<p>Photo by: Steven Tee \/&nbsp;<a href=\"https:\/\/www.motorsportimages.com\/\" target=\"_blank\" rel=\"noreferrer noopener\">Motorsport Images<\/a><\/p>\n\n\n\n<p>Adem\u00e1s, hab\u00eda que a\u00f1adir a la mezcla la influencia de los principales socios corporativos de Red Bull, como&nbsp;<strong>Ford<\/strong>&nbsp;y&nbsp;<strong>Oracle<\/strong>, aunque es dif\u00edcil saber de qu\u00e9 lado se encuentran.<\/p>\n\n\n\n<p>Por un lado, algunos han afirmado que hab\u00eda preocupaci\u00f3n en la sala de juntas por la posibilidad de que las empresas se vieran empa\u00f1adas por los v\u00ednculos con el l\u00edo de Red Bull. Sin embargo, otros han sugerido que su mayor preocupaci\u00f3n era en realidad la posibilidad de perder a Horner, cuya influencia y atractivo para el resto del mundo fueron factores clave que los llevaron a involucrarse en primer lugar.<\/p>\n\n\n\n<p><strong>Una campa\u00f1a de derribo<\/strong><\/p>\n\n\n\n<p>Pocas horas despu\u00e9s de que Red Bull anunciara el mi\u00e9rcoles que Horner hab\u00eda sido absuelto por una investigaci\u00f3n independiente, parec\u00eda que las cosas se calmar\u00edan y que la atenci\u00f3n volver\u00eda a centrarse r\u00e1pidamente en los resultados del equipo en la pista.<\/p>\n\n\n\n<p>Pero esta idea salt\u00f3 por los aires a mitad de la segunda sesi\u00f3n de entrenamientos del jueves en Bahr\u00e9in, cuando se enviaron dos correos electr\u00f3nicos an\u00f3nimos a altos cargos de la F1, entre ellos el presidente de la FIA,&nbsp;<strong>Mohammed Ben Sulayem<\/strong>; el director ejecutivo de la F1,&nbsp;<strong>Stefano Domenicali<\/strong>, directores de equipo y medios de comunicaci\u00f3n.<\/p>\n\n\n\n<p><a href=\"https:\/\/lat.motorsport.com\/all\/news\/f1-christian-horner-filtracion-acusacion-acoso-domenicali-2024\/10581386\/\">En los correos hab\u00eda una serie de mensajes de WhatsApp e im\u00e1genes<\/a>&nbsp;que supuestamente eran fundamentales para la investigaci\u00f3n.<\/p>\n\n\n\n<p>Aunque la veracidad del contenido enviado en esos mails no ha sido confirmada (y ha habido rumores de que un segundo documento est\u00e1 en camino), la verdadera importancia es que muestra que ahora hay personas maniobrando deliberadamente para derribar a Horner.<\/p>\n\n\n\n<p>La verdadera pregunta es, \u00bfqui\u00e9n y por qu\u00e9?<\/p>\n\n\n\n<p>Los implicados tienen que tener estrechos v\u00ednculos con la organizaci\u00f3n y el equipo Red Bull, ya sea profesional o personalmente, para haber tenido acceso a las pruebas que se entiende fueron entregadas a los investigadores para su an\u00e1lisis.<\/p>\n\n\n\n<p>Muchos de los rumores del paddock han rodeado a Jos Verstappen, que se sabe que no siempre ha estado de acuerdo con Horner en varias cosas que han sucedido desde que su hijo Max se uni\u00f3 a la organizaci\u00f3n de Red Bull.<\/p>\n\n\n\n<p><a href=\"https:\/\/lat.motorsport.com\/f1\/news\/f1-jos-verstappen-pide-horner-deje-red-bull-2024\/10582530\/\">Sus comentarios del s\u00e1bado hechos a&nbsp;<em>The Daily Mail<\/em><\/a>&nbsp;ciertamente no nos dejan ninguna duda de que cae en el bando que quiere a Horner fuera.<\/p>\n\n\n\n<p>\u00abHay tensi\u00f3n aqu\u00ed mientras \u00e9l siga en su puesto\u00bb, dijo el neerland\u00e9s. \u00abEl equipo corre el riesgo de desintegrarse. No puede seguir as\u00ed. Va a explotar. Se hace la v\u00edctima, cuando es \u00e9l quien causa los problemas\u00bb.<strong>Tambi\u00e9n lee:<\/strong><\/p>\n\n\n\n<ul class=\"wp-block-list\"><li><a href=\"https:\/\/lat.motorsport.com\/f1\/news\/f1-quien-es-christian-horner-patrimonio-jefe-red-bull\/10580838\/\"><strong>F\u00d3RMULA 1<\/strong><strong>Christian Horner: Qui\u00e9n es y cu\u00e1nto gana el director del equipo Red Bull<\/strong><\/a><\/li><\/ul>\n\n\n\n<p><img decoding=\"async\" src=\"https:\/\/cdn.motorsport.com\/images\/mgl\/0mb1Zjz2\/s1000\/jos-verstappen.jpg\" alt=\"Jos Verstappen\" width=\"1200\" height=\"800\"><\/p>\n\n\n\n<p>Jos Verstappen<\/p>\n\n\n\n<p>Photo by: Mark Sutton \/&nbsp;<a href=\"https:\/\/www.motorsportimages.com\/\" target=\"_blank\" rel=\"noreferrer noopener\">Motorsport Images<\/a><\/p>\n\n\n\n<p>Pero hay un mundo de diferencia entre querer que algo suceda, y ser un perpetrador para que suceda.<\/p>\n\n\n\n<p>Y Verstappen se ha esforzado en descartar la idea de que \u00e9l haya estado detr\u00e1s de una campa\u00f1a de desprestigio o de las filtraciones de correos electr\u00f3nicos.<\/p>\n\n\n\n<p>\u00abEso no tendr\u00eda sentido\u00bb, a\u00f1adi\u00f3. \u00ab\u00bfPor qu\u00e9 iba yo a hacer eso cuando Max lo est\u00e1 haciendo tan bien aqu\u00ed?\u00bb.<\/p>\n\n\n\n<p><strong>La oportunidad llama<\/strong><\/p>\n\n\n\n<p>Ahora mismo no se puede confirmar si es pasajero o piloto en todo lo que est\u00e1 ocurriendo. Sin embargo, los acontecimientos est\u00e1n poniendo a Verstappen Sr. en una posici\u00f3n para capitalizar la posibilidad de que haya un cambio en la c\u00fapula de Red Bull.<\/p>\n\n\n\n<p>Y, en medio de la crisis dentro de la escuder\u00eda campeona del mundo, tambi\u00e9n ha abierto -en el Club de Pira\u00f1as que es la F1- oportunidades para que otros tambi\u00e9n ganen.<\/p>\n\n\n\n<p>Tal vez una de las teor\u00edas m\u00e1s interesantes que se barajan es que lo que est\u00e1 pasando en Red Bull implica una verdadera jugada m\u00e1s grande en torno a los contratos del personal directivo y el propio futuro a largo plazo de Red Bull en la F1.<\/p>\n\n\n\n<p>Es un hecho ampliamente aceptado que la presencia de Horner en Red Bull ha sido un elemento fundamental para dar seguridad a muchos altos cargos de la escuder\u00eda.<\/p>\n\n\n\n<p>De hecho, se entiende que varios altos cargos -incluido el jefe t\u00e9cnico Adrian Newey- tienen cl\u00e1usulas en sus contratos que les permiten marcharse si Horner se va.<img loading=\"lazy\" decoding=\"async\" src=\"https:\/\/cdn.motorsport.com\/images\/mgl\/01Wl8GDY\/s1000\/george-russell-mercedes-amg-f1.jpg\" alt=\"George Russell, Mercedes-AMG F1 Team, y Max Verstappen, Red Bull Racing, conversan tras la clasificaci\u00f3n en Bahr\u00e9in.\" width=\"1200\" height=\"800\"><\/p>\n\n\n\n<p>George Russell, Mercedes-AMG F1 Team, y Max Verstappen, Red Bull Racing, conversan tras la clasificaci\u00f3n en Bahr\u00e9in.<\/p>\n\n\n\n<p>Photo by: Mark Sutton \/&nbsp;<a href=\"https:\/\/www.motorsportimages.com\/\" target=\"_blank\" rel=\"noreferrer noopener\">Motorsport Images<\/a><\/p>\n\n\n\n<p>No ser\u00eda una sorpresa que esa cl\u00e1usula existiera tambi\u00e9n en el contrato de&nbsp;<a href=\"https:\/\/lat.motorsport.com\/driver\/max-verstappen\/465982\/\" target=\"_blank\" rel=\"noreferrer noopener\">Max Verstappen<\/a>&nbsp;que lo vincula al equipo hasta 2028.<\/p>\n\n\n\n<p>As\u00ed que si de alguna manera hubiera un deseo individual de salirse del acuerdo actual -ya sea para renegociar los t\u00e9rminos o ir a otro lugar- entonces una salida de Horner podr\u00eda abrir la puerta a ello.<\/p>\n\n\n\n<p>Desde la perspectiva de Verstappen, ser un agente libre podr\u00eda permitirle acordar un nuevo contrato en condiciones m\u00e1s favorables, ya sea por m\u00e1s dinero (ya que es una superestrella mucho mayor que cuando firm\u00f3 ese contrato), mejores derechos de comercializaci\u00f3n o m\u00e1s flexibilidad.<\/p>\n\n\n\n<p>O incluso la posibilidad de trasladarse a otro lugar para forjar un nuevo camino en su carrera. Despu\u00e9s de todo, los comentarios de Jos Verstappen hacen que ahora sea casi insostenible que su hijo y Horner puedan continuar sin que algo cambie.<\/p>\n\n\n\n<p>En el fondo, sin duda podr\u00eda haber motivos para pensar que la hierba puede ser m\u00e1s verde en otro lugar a largo plazo.<\/p>\n\n\n\n<p>\u00bfY si, a medida que la F1 se encamina hacia nuevas reglas de motores en 2026, los rumores son ciertos y apuntan a un cambio en el orden competitivo, y potencialmente la propia unidad de potencia de Red Bull no ofrece el tipo de cifras de rendimiento que otros fabricantes est\u00e1n encaminados a alcanzar?<\/p>\n\n\n\n<p>Eso podr\u00eda dejar a Verstappen en conocimiento de que la actual racha de \u00e9xitos que est\u00e1 disfrutando podr\u00eda llegar a un abrupto final a partir de 2026 -a menos que, por supuesto, Horner se haya ido y \u00e9l pueda abandonar el barco.<\/p>\n\n\n\n<p>Si Verstappen se convirtiera en agente libre, no faltar\u00edan equipos rivales interesados en hacerse con \u00e9l, y los rumores ya apuntan en una direcci\u00f3n clara:&nbsp;<a href=\"https:\/\/lat.motorsport.com\/team\/mercedes-amg-f1\/25731\/\" target=\"_blank\" rel=\"noreferrer noopener\">Mercedes<\/a>.<\/p>\n\n\n\n<p>El fabricante alem\u00e1n hab\u00eda estado interesado en Verstappen cuando estaba en las categor\u00edas inferiores, pero perdi\u00f3 ante Red Bull porque no pod\u00eda ofrecerle un asiento en la F1 a corto plazo.<\/p>\n\n\n\n<p>Ver al neerland\u00e9s escaparse de las manos de Mercedes ha jugado durante mucho tiempo en la mente del jefe de Mercedes,&nbsp;<strong>Toto Wolff<\/strong>, y est\u00e1 influyendo en su deseo de no dejar marchar al junior Antonio Kimi Antonelli, una nueva gran promesa.<img loading=\"lazy\" decoding=\"async\" src=\"https:\/\/cdn.motorsport.com\/images\/mgl\/0L17lWP2\/s1000\/jos-verstappen-with-toto-wolff.jpg\" alt=\"Jos Verstappen conversa en Bahr\u00e9in con Toto Wolff, Team Principal y CEO, Mercedes-AMG F1 Team\" width=\"1200\" height=\"800\"><\/p>\n\n\n\n<p>Jos Verstappen conversa en Bahr\u00e9in con Toto Wolff, Team Principal y CEO, Mercedes-AMG F1 Team<\/p>\n\n\n\n<p>Photo by: Jon Noble<\/p>\n\n\n\n<p>Como dijo Wolff recientemente sobre el hecho de que Red Bull se hiciera con Verstappen: \u00abPerdimos al joven piloto, y ya ves el \u00e9xito que ha tenido\u00bb.<\/p>\n\n\n\n<p>Con Mercedes teniendo un coche disponible para 2025, y siendo quiz\u00e1s demasiado pronto para Antonelli, Mercedes claramente saltar\u00eda a la oportunidad de tomar a Verstappen.<\/p>\n\n\n\n<p>Ser\u00eda un sustituto superestrella para&nbsp;<a href=\"https:\/\/lat.motorsport.com\/driver\/lewis-hamilton\/464818\/\" target=\"_blank\" rel=\"noreferrer noopener\">Lewis Hamilton<\/a>; con su velocidad y popularidad global que actuar\u00edan como un tremendo impulso para la marca Mercedes.<\/p>\n\n\n\n<p>Adem\u00e1s, si Mercedes pudiera arrebatar uno de los mayores activos de Red Bull, ayudar\u00eda a hacerse m\u00e1s fuerte y a debilitar a su rival: un doble golpe.<\/p>\n\n\n\n<p>Probablemente no fue una coincidencia que en el paddock, poco despu\u00e9s de que Red Bull diera rienda suelta a su dominante actuaci\u00f3n en el Gran Premio de Bahr\u00e9in, Jos Verstappen fuera visto en plena conversaci\u00f3n con Wolff.<\/p>\n\n\n\n<p>Se entiende que no ha sido la primera charla que han tenido durante el fin de semana del GP de Bahr\u00e9in. Tambi\u00e9n hubo rumores de una cena el viernes por la noche, aunque Wolff insiste en que no est\u00e1 tramando un complot para atraer a Verstappen a bordo.<\/p>\n\n\n\n<p><strong>Querer un coche r\u00e1pido<\/strong><\/p>\n\n\n\n<p>Por ahora, la situaci\u00f3n de Horner es una inc\u00f3gnita y es dif\u00edcil predecir si seguir\u00e1 o no en su puesto, especialmente si la campa\u00f1a para desacreditarlo se vuelve m\u00e1s agresiva en los pr\u00f3ximos d\u00edas.<\/p>\n\n\n\n<p>Y no importa lo desafiante que sea Horner sobre su permanencia, su destino se decidir\u00e1 casi con toda seguridad en las salas de juntas de Red Bull y de sus patrocinadores corporativos, que estar\u00e1n atentos a todo lo que suceda.<img loading=\"lazy\" decoding=\"async\" src=\"https:\/\/cdn.motorsport.com\/images\/mgl\/63vn3ZJY\/s1000\/1020036541-lat-20240302-gp2401.jpg\" alt=\"Christian Horner, Team Principal, Red Bull Racing, y Max Verstappen, Red Bull Racing.\" width=\"1200\" height=\"800\"><\/p>\n\n\n\n<p>Christian Horner, Team Principal, Red Bull Racing, y Max Verstappen, Red Bull Racing.<\/p>\n\n\n\n<p>Photo by: Zak Mauger \/&nbsp;<a href=\"https:\/\/www.motorsportimages.com\/\" target=\"_blank\" rel=\"noreferrer noopener\">Motorsport Images<\/a><\/p>\n\n\n\n<p>Wolff tambi\u00e9n est\u00e1 observando desde un costado, y no ser\u00e1 ciego a la posibilidad de que las circunstancias puedan darle un regalo inesperado.<\/p>\n\n\n\n<p>Pero tambi\u00e9n sabe que tiene que poner orden en su propia casa, porque aunque Verstappen puede ser atractivo para Mercedes, el deseo de trasladarse all\u00ed no ser\u00e1 tan grande si el coche de F1 de la escuder\u00eda no muestra un mejor rendimiento.<\/p>\n\n\n\n<p>Al propio Wolff le preguntaron el s\u00e1bado por la noche en Bahr\u00e9in si hab\u00eda alguna posibilidad de que Verstappen pilotara en Mercedes en 2025, y dio una respuesta muy meditada.<\/p>\n\n\n\n<p>\u00abCreo que el piloto siempre elegir\u00e1 el coche m\u00e1s r\u00e1pido\u00bb, dijo. \u00abDe eso se trata fundamentalmente. En este momento el Red Bull es el coche m\u00e1s r\u00e1pido, as\u00ed que obviamente esa ser\u00e1 la prioridad\u00bb.<\/p>\n\n\n\n<p>Lean en esa respuesta lo que quieran. Pero no fue un \u00abno\u00bb.<\/p>\n\n\n\n<p>Fuente: <a href=\"https:\/\/lat.motorsport.com\/f1\/news\/verstappen-mercedes-f1-cambio-por-horner-red-bull\/10582746\/\">https:\/\/lat.motorsport.com\/f1\/news\/verstappen-mercedes-f1-cambio-por-horner-red-bull\/10582746\/<\/a><\/p>\n","protected":false},"excerpt":{"rendered":"<p>Mientras la situaci\u00f3n de Christian Horner en Red Bull parece lejos de terminarse, los recientes comentarios de Jos Verstappen hacen [&hellip;]<\/p>\n","protected":false},"author":1,"featured_media":69853,"comment_status":"open","ping_status":"open","sticky":false,"template":"","format":"standard","meta":{"site-sidebar-layout":"default","site-content-layout":"","ast-site-content-layout":"default","site-content-style":"default","site-sidebar-style":"default","ast-global-header-display":"","ast-banner-title-visibility":"","ast-main-header-display":"","ast-hfb-above-header-display":"","ast-hfb-below-header-display":"","ast-hfb-mobile-header-display":"","site-post-title":"","ast-breadcrumbs-content":"","ast-featured-img":"","footer-sml-layout":"","theme-transparent-header-meta":"","adv-header-id-meta":"","stick-header-meta":"","header-above-stick-meta":"","header-main-stick-meta":"","header-below-stick-meta":"","astra-migrate-meta-layouts":"default","ast-page-background-enabled":"default","ast-page-background-meta":{"desktop":{"background-color":"var(--ast-global-color-4)","background-image":"","background-repeat":"repeat","background-position":"center center","background-size":"auto","background-attachment":"scroll","background-type":"","background-media":"","overlay-type":"","overlay-color":"","overlay-opacity":"","overlay-gradient":""},"tablet":{"background-color":"","background-image":"","background-repeat":"repeat","background-position":"center center","background-size":"auto","background-attachment":"scroll","background-type":"","background-media":"","overlay-type":"","overlay-color":"","overlay-opacity":"","overlay-gradient":""},"mobile":{"background-color":"","background-image":"","background-repeat":"repeat","background-position":"center center","background-size":"auto","background-attachment":"scroll","background-type":"","background-media":"","overlay-type":"","overlay-color":"","overlay-opacity":"","overlay-gradient":""}},"ast-content-background-meta":{"desktop":{"background-color":"var(--ast-global-color-5)","background-image":"","background-repeat":"repeat","background-position":"center center","background-size":"auto","background-attachment":"scroll","background-type":"","background-media":"","overlay-type":"","overlay-color":"","overlay-opacity":"","overlay-gradient":""},"tablet":{"background-color":"var(--ast-global-color-5)","background-image":"","background-repeat":"repeat","background-position":"center center","background-size":"auto","background-attachment":"scroll","background-type":"","background-media":"","overlay-type":"","overlay-color":"","overlay-opacity":"","overlay-gradient":""},"mobile":{"background-color":"var(--ast-global-color-5)","background-image":"","background-repeat":"repeat","background-position":"center center","background-size":"auto","background-attachment":"scroll","background-type":"","background-media":"","overlay-type":"","overlay-color":"","overlay-opacity":"","overlay-gradient":""}},"footnotes":""},"categories":[8],"tags":[23011,1634,466],"class_list":["post-69852","post","type-post","status-publish","format-standard","has-post-thumbnail","hentry","category-noticias","tag-horner-denuncias","tag-max-verstappen","tag-red-bull"],"_links":{"self":[{"href":"https:\/\/losperiodistas.com.mx\/portal\/wp-json\/wp\/v2\/posts\/69852","targetHints":{"allow":["GET"]}}],"collection":[{"href":"https:\/\/losperiodistas.com.mx\/portal\/wp-json\/wp\/v2\/posts"}],"about":[{"href":"https:\/\/losperiodistas.com.mx\/portal\/wp-json\/wp\/v2\/types\/post"}],"author":[{"embeddable":true,"href":"https:\/\/losperiodistas.com.mx\/portal\/wp-json\/wp\/v2\/users\/1"}],"replies":[{"embeddable":true,"href":"https:\/\/losperiodistas.com.mx\/portal\/wp-json\/wp\/v2\/comments?post=69852"}],"version-history":[{"count":1,"href":"https:\/\/losperiodistas.com.mx\/portal\/wp-json\/wp\/v2\/posts\/69852\/revisions"}],"predecessor-version":[{"id":69854,"href":"https:\/\/losperiodistas.com.mx\/portal\/wp-json\/wp\/v2\/posts\/69852\/revisions\/69854"}],"wp:featuredmedia":[{"embeddable":true,"href":"https:\/\/losperiodistas.com.mx\/portal\/wp-json\/wp\/v2\/media\/69853"}],"wp:attachment":[{"href":"https:\/\/losperiodistas.com.mx\/portal\/wp-json\/wp\/v2\/media?parent=69852"}],"wp:term":[{"taxonomy":"category","embeddable":true,"href":"https:\/\/losperiodistas.com.mx\/portal\/wp-json\/wp\/v2\/categories?post=69852"},{"taxonomy":"post_tag","embeddable":true,"href":"https:\/\/losperiodistas.com.mx\/portal\/wp-json\/wp\/v2\/tags?post=69852"}],"curies":[{"name":"wp","href":"https:\/\/api.w.org\/{rel}","templated":true}]}}