{"id":69845,"date":"2024-03-04T06:16:57","date_gmt":"2024-03-04T12:16:57","guid":{"rendered":"https:\/\/losperiodistas.com.mx\/portal\/?p=69845"},"modified":"2024-03-04T06:17:00","modified_gmt":"2024-03-04T12:17:00","slug":"sep-puebla-escuelas-deben-seguir-estas-8-indicaciones-por-caida-de-ceniza-oem","status":"publish","type":"post","link":"https:\/\/losperiodistas.com.mx\/portal\/sep-puebla-escuelas-deben-seguir-estas-8-indicaciones-por-caida-de-ceniza-oem\/","title":{"rendered":"SEP Puebla: escuelas deben seguir estas 8 indicaciones por ca\u00edda de ceniza | OEM"},"content":{"rendered":"\n<h3 class=\"has-medium-font-size wp-block-heading\">La alerta del volc\u00e1n Popocat\u00e9petl se encuentra en amarillo fase dos y durante el fin de semana increment\u00f3 su actividad con la ca\u00edda de ceniza<\/h3>\n\n\n\n<figure class=\"wp-block-image size-large\"><img fetchpriority=\"high\" decoding=\"async\" width=\"1024\" height=\"718\" src=\"https:\/\/losperiodistas.com.mx\/portal\/wp-content\/uploads\/2024\/03\/Captura-de-Pantalla-2024-03-04-a-las-6.10.21-1024x718.jpg\" alt=\"\" class=\"wp-image-69846\" srcset=\"https:\/\/losperiodistas.com.mx\/portal\/wp-content\/uploads\/2024\/03\/Captura-de-Pantalla-2024-03-04-a-las-6.10.21-1024x718.jpg 1024w, https:\/\/losperiodistas.com.mx\/portal\/wp-content\/uploads\/2024\/03\/Captura-de-Pantalla-2024-03-04-a-las-6.10.21-300x210.jpg 300w, https:\/\/losperiodistas.com.mx\/portal\/wp-content\/uploads\/2024\/03\/Captura-de-Pantalla-2024-03-04-a-las-6.10.21-768x538.jpg 768w, https:\/\/losperiodistas.com.mx\/portal\/wp-content\/uploads\/2024\/03\/Captura-de-Pantalla-2024-03-04-a-las-6.10.21.jpg 1498w\" sizes=\"(max-width: 1024px) 100vw, 1024px\" \/><\/figure>\n\n\n\n<p><\/p>\n\n\n\n<p class=\"has-vivid-red-color has-text-color has-medium-font-size\"><strong>JULIO SANCHEZ \/ EL SOL DE PUEBLA<\/strong><\/p>\n\n\n\n<p>La&nbsp;<strong>Secretar\u00eda de Educaci\u00f3n de Puebla (SEP)<\/strong>&nbsp;emiti\u00f3 diversas recomendaciones para las&nbsp;<strong>escuelas p\u00fablicas y privadas de 18 municipios<\/strong>&nbsp;diferentes del estado a causa de la&nbsp;<strong>ca\u00edda de ceniza<\/strong>&nbsp;que se ha registrado durante este fin de semana por la&nbsp;<strong>actividad del<a href=\"https:\/\/www.elsoldepuebla.com.mx\/local\/popocatepetl-semaforo-de-alerta-volcanica-se-mantiene-en-amarillo-fase-2-11532519.html\" target=\"_blank\" rel=\"noreferrer noopener\">&nbsp;volc\u00e1n Popocat\u00e9petl<\/a><\/strong>.<\/p>\n\n\n\n<p>Por medio de un comunicado, la secretar\u00eda describi\u00f3\u00a0<strong>ocho recomendaciones<\/strong>\u00a0que deben tomar los\u00a0<strong>alumnos, docentes y administrativos<\/strong>, pero\u00a0<strong>no dio a conocer alguna suspensi\u00f3n de las actividades.<\/strong><\/p>\n\n\n\n<ul class=\"has-cyan-bluish-gray-background-color has-background wp-block-list\"><li><strong>Leer m\u00e1s:&nbsp;<a href=\"https:\/\/www.elsoldepuebla.com.mx\/local\/asi-amanecio-puebla-por-la-caida-de-ceniza-videos-y-fotografias-11536279.html\" target=\"_blank\" rel=\"noreferrer noopener\">As\u00ed amaneci\u00f3 Puebla por la ca\u00edda de ceniza [videos y fotograf\u00edas]<\/a><\/strong><\/li><\/ul>\n\n\n\n<p>En cuanto a los municipios que se nombra son:&nbsp;<strong>Amozoc, Cuautlancingo, Domingo Arenas, Huejotzingo, Juan C. Bonilla, Puebla, Nealtican, Nopalucan, San Andr\u00e9s y San Pedro Cholula, San Felipe Teotlalcingo, San Gregorio Atzompa, San Lorenzo Chiautzingo, San Mat\u00edas Tlalancaleca, San Mart\u00edn Texmelucan, San Salvador El Verde, Teotlancingo, Tepatlaxco y Tlahuapan.<\/strong><\/p>\n\n\n\n<p>Respecto a las indicaciones son las siguientes:<\/p>\n\n\n\n<p><strong>Puertas y ventanas deben permanecer cubiertas o cerradas<\/strong>&nbsp;de manera preferente.<\/p>\n\n\n\n<p>Directivos, profesores, personal de apoyo y asistencia a la educaci\u00f3n como los padres de familia tendr\u00e1n que\u00a0<strong>organizarse para realizar labores de limpieza<\/strong>\u00a0dentro de las escuelas.<\/p>\n\n\n\n<p>Si alguna persona presenta s\u00edntomas como&nbsp;<strong>irritaci\u00f3n de garganta y ojos<\/strong>, deben&nbsp;<strong>acudir al centro de salud m\u00e1s cercano.<\/strong><\/p>\n\n\n\n<p><strong>Evitar actividades fuera de los salones de clases<\/strong>.<\/p>\n\n\n\n<p><strong>Cubrir adecuadamente los recipientes de almacenamiento de agua<\/strong>&nbsp;para evitar la contaminaci\u00f3n.<\/p>\n\n\n\n<p><strong>Protegerse la cabeza con gorra o sombrero<\/strong>.<\/p>\n\n\n\n<p><a href=\"https:\/\/www.elsoldepuebla.com.mx\/local\/\">LOCAL<\/a><\/p>\n\n\n\n<div class=\"wp-block-image\"><figure class=\"alignleft\"><a href=\"https:\/\/www.elsoldepuebla.com.mx\/local\/suspenden-vuelos-desde-el-aeropuerto-internacional-hermanos-serdan-por-caida-de-ceniza-11536001.html\"><img decoding=\"async\" src=\"https:\/\/www.elsoldepuebla.com.mx\/local\/5apu5e-suspenden-vuelos-desde-el-aeropuerto-internacional-hermanos-serdan-por-caida-de-ceniza\/alternates\/LANDSCAPE_200\/Suspenden%20vuelos%20desde%20el%20Aeropuerto%20Internacional%20Hermanos%20Serd%C3%A1n%20por%20ca%C3%ADda%20de%20ceniza\" alt=\"\" title=\"Suspenden vuelos desde el Aeropuerto Internacional Hermanos Serd\u00e1n por ca\u00edda de ceniza\"\/><\/a><\/figure><\/div>\n\n\n\n<h4 class=\"wp-block-heading\"><a href=\"https:\/\/www.elsoldepuebla.com.mx\/local\/suspenden-vuelos-desde-el-aeropuerto-internacional-hermanos-serdan-por-caida-de-ceniza-11536001.html\">Suspenden vuelos desde el Aeropuerto Internacional Hermanos Serd\u00e1n por ca\u00edda de ceniza<\/a><\/h4>\n\n\n\n<p><\/p>\n\n\n\n<p><\/p>\n\n\n\n<p><strong>Utilizar cubrebocas<\/strong>.<\/p>\n\n\n\n<p><strong>Seguir las indicaciones de la Secretar\u00eda de Salud<\/strong>.<\/p>\n\n\n\n<p>De igual forma la SEP Puebla record\u00f3 a la poblaci\u00f3n escolar que se debe\u00a0<strong>mantener informada de manera oportuna mediante medios oficiales.<\/strong><\/p>\n\n\n\n<figure class=\"wp-block-embed is-type-rich is-provider-twitter wp-block-embed-twitter\"><div class=\"wp-block-embed__wrapper\">\n<blockquote class=\"twitter-tweet\" data-width=\"500\" data-dnt=\"true\"><p lang=\"es\" dir=\"ltr\">\ud83d\uddde\ufe0f| Ante la reciente actividad del volc\u00e1n Popocat\u00e9petl, informamos las siguientes recomendaciones. <a href=\"https:\/\/t.co\/X5iSomf3zO\">pic.twitter.com\/X5iSomf3zO<\/a><\/p>&mdash; Secretar\u00eda de Educaci\u00f3n P\u00fablica (@SEPGobPue) <a href=\"https:\/\/twitter.com\/SEPGobPue\/status\/1764470909883027851?ref_src=twsrc%5Etfw\">March 4, 2024<\/a><\/blockquote><script async src=\"https:\/\/platform.twitter.com\/widgets.js\" charset=\"utf-8\"><\/script>\n<\/div><\/figure>\n\n\n\n<h2 class=\"wp-block-heading\"><strong>El estado del volc\u00e1n Popocat\u00e9petl<\/strong><\/h2>\n\n\n\n<p><a href=\"https:\/\/www.elsoldepuebla.com.mx\/local\/estado\/\">ESTADO<\/a><\/p>\n\n\n\n<div class=\"wp-block-image\"><figure class=\"alignleft\"><a href=\"https:\/\/www.elsoldepuebla.com.mx\/local\/estado\/popocatepetl-continua-la-caida-de-ceniza-en-huejotzingo-y-otros-municipios-de-puebla-video-11529939.html\"><img decoding=\"async\" src=\"https:\/\/www.elsoldepuebla.com.mx\/incoming\/s7282p-cae-ceniza-en-huejotzingo-y-diferenes-municipios-de-puebla.jpg\/alternates\/LANDSCAPE_200\/Cae%20ceniza%20en%20Huejotzingo%20y%20diferenes%20municipios%20de%20Puebla.jpg\" alt=\"\" title=\"Cae ceniza en Huejotzingo y diferenes municipios de Puebla.jpg\"\/><\/a><\/figure><\/div>\n\n\n\n<h4 class=\"wp-block-heading\"><a href=\"https:\/\/www.elsoldepuebla.com.mx\/local\/estado\/popocatepetl-continua-la-caida-de-ceniza-en-huejotzingo-y-otros-municipios-de-puebla-video-11529939.html\">Popocat\u00e9petl: Contin\u00faa la ca\u00edda de ceniza en Huejotzingo y otros municipios de Puebla [Video]<\/a><\/h4>\n\n\n\n<p><\/p>\n\n\n\n<p><\/p>\n\n\n\n<p>De acuerdo con el\u00a0<strong>sem\u00e1foro de alerta volc\u00e1nica del Popocat\u00e9petl<\/strong>\u00a0su actividad se mantiene en\u00a0<strong>Amarillo Fase 2<\/strong>\u00a0y en su reporte el\u00a0<strong>Cenapred<\/strong>\u00a0inform\u00f3 que en las \u00faltimas 24 horas hab\u00eda emitido\u00a0<strong>48 exhalaciones y 1,315 minutos de tremor.<\/strong><\/p>\n\n\n\n<p>En este fin de semana las calles de los municipios cercanos al volc\u00e1n amanecieron con&nbsp;<strong>una presencia importante de la ceniza<\/strong>, por lo que muchos autom\u00f3viles y las calles se mostraban de color gris.<\/p>\n\n\n\n<p>Como parte de sus actividades, la&nbsp;<strong>Coordinaci\u00f3n General de Protecci\u00f3n Civil<\/strong>&nbsp;explic\u00f3 que&nbsp;<strong>mantiene el monitoreo las 24 horas de la actividad del volc\u00e1n<\/strong>. Adem\u00e1s, de que en coordinaci\u00f3n con las&nbsp;<strong>unidades municipales de Protecci\u00f3n Civil<\/strong>&nbsp;realizan re<strong>corridos de inspecci\u00f3n del estado de las rutas de evacuaci\u00f3n&nbsp;<\/strong>en caso de que tengan que ser utilizadas por la&nbsp;<strong>actividad volc\u00e1nica.<\/strong><\/p>\n\n\n\n<p>Respecto a la\u00a0<strong>ca\u00edda de ceniza<\/strong>,\u00a0<strong>Protecci\u00f3n Civil de Puebla recomend\u00f3 el cerrar puertas y ventanas<\/strong>,\u00a0<strong>cubrir las rendijas con trapos h\u00famedos<\/strong>\u00a0para evitar que ingrese a los hogares. Adem\u00e1s, se debe\u00a0<strong>cambiar la ropa en caso de salir a la calle y mantener limpia la casa.<\/strong><\/p>\n\n\n\n<figure class=\"wp-block-embed is-type-rich is-provider-twitter wp-block-embed-twitter\"><div class=\"wp-block-embed__wrapper\">\n<blockquote class=\"twitter-tweet\" data-width=\"500\" data-dnt=\"true\"><p lang=\"es\" dir=\"ltr\">Actividad del <a href=\"https:\/\/twitter.com\/hashtag\/volc%C3%A1n?src=hash&amp;ref_src=twsrc%5Etfw\">#volc\u00e1n<\/a> <a href=\"https:\/\/twitter.com\/hashtag\/Popocat%C3%A9petl?src=hash&amp;ref_src=twsrc%5Etfw\">#Popocat\u00e9petl<\/a> esta tarde.<br><br>Vista <a href=\"https:\/\/twitter.com\/hashtag\/Tlamacas?src=hash&amp;ref_src=twsrc%5Etfw\">#Tlamacas<\/a>. Gracias <a href=\"https:\/\/twitter.com\/hashtag\/CENAPRED?src=hash&amp;ref_src=twsrc%5Etfw\">#CENAPRED<\/a>                 <br><br>Para ver en tiempo real:<a href=\"https:\/\/t.co\/La8s19PNrp\">https:\/\/t.co\/La8s19PNrp<\/a><br><br>Video <a href=\"https:\/\/twitter.com\/hashtag\/timelapse?src=hash&amp;ref_src=twsrc%5Etfw\">#timelapse<\/a> <a href=\"https:\/\/t.co\/ij0UN4usc6\">pic.twitter.com\/ij0UN4usc6<\/a><\/p>&mdash; Webcams de M\u00e9xico (@webcamsdemexico) <a href=\"https:\/\/twitter.com\/webcamsdemexico\/status\/1764441143138562390?ref_src=twsrc%5Etfw\">March 4, 2024<\/a><\/blockquote><script async src=\"https:\/\/platform.twitter.com\/widgets.js\" charset=\"utf-8\"><\/script>\n<\/div><\/figure>\n\n\n\n<p>Fuente: <a href=\"https:\/\/www.elsoldepuebla.com.mx\/local\/sep-puebla-escuelas-deben-seguir-estas-8-indicaciones-por-caida-de-ceniza-11539330.html\">https:\/\/www.elsoldepuebla.com.mx\/local\/sep-puebla-escuelas-deben-seguir-estas-8-indicaciones-por-caida-de-ceniza-11539330.html<\/a><\/p>\n","protected":false},"excerpt":{"rendered":"<p>La alerta del volc\u00e1n Popocat\u00e9petl se encuentra en amarillo fase dos y durante el fin de semana increment\u00f3 su actividad [&hellip;]<\/p>\n","protected":false},"author":1,"featured_media":69846,"comment_status":"open","ping_status":"open","sticky":false,"template":"","format":"standard","meta":{"site-sidebar-layout":"default","site-content-layout":"","ast-site-content-layout":"default","site-content-style":"default","site-sidebar-style":"default","ast-global-header-display":"","ast-banner-title-visibility":"","ast-main-header-display":"","ast-hfb-above-header-display":"","ast-hfb-below-header-display":"","ast-hfb-mobile-header-display":"","site-post-title":"","ast-breadcrumbs-content":"","ast-featured-img":"","footer-sml-layout":"","theme-transparent-header-meta":"","adv-header-id-meta":"","stick-header-meta":"","header-above-stick-meta":"","header-main-stick-meta":"","header-below-stick-meta":"","astra-migrate-meta-layouts":"default","ast-page-background-enabled":"default","ast-page-background-meta":{"desktop":{"background-color":"var(--ast-global-color-4)","background-image":"","background-repeat":"repeat","background-position":"center center","background-size":"auto","background-attachment":"scroll","background-type":"","background-media":"","overlay-type":"","overlay-color":"","overlay-opacity":"","overlay-gradient":""},"tablet":{"background-color":"","background-image":"","background-repeat":"repeat","background-position":"center center","background-size":"auto","background-attachment":"scroll","background-type":"","background-media":"","overlay-type":"","overlay-color":"","overlay-opacity":"","overlay-gradient":""},"mobile":{"background-color":"","background-image":"","background-repeat":"repeat","background-position":"center center","background-size":"auto","background-attachment":"scroll","background-type":"","background-media":"","overlay-type":"","overlay-color":"","overlay-opacity":"","overlay-gradient":""}},"ast-content-background-meta":{"desktop":{"background-color":"var(--ast-global-color-5)","background-image":"","background-repeat":"repeat","background-position":"center center","background-size":"auto","background-attachment":"scroll","background-type":"","background-media":"","overlay-type":"","overlay-color":"","overlay-opacity":"","overlay-gradient":""},"tablet":{"background-color":"var(--ast-global-color-5)","background-image":"","background-repeat":"repeat","background-position":"center center","background-size":"auto","background-attachment":"scroll","background-type":"","background-media":"","overlay-type":"","overlay-color":"","overlay-opacity":"","overlay-gradient":""},"mobile":{"background-color":"var(--ast-global-color-5)","background-image":"","background-repeat":"repeat","background-position":"center center","background-size":"auto","background-attachment":"scroll","background-type":"","background-media":"","overlay-type":"","overlay-color":"","overlay-opacity":"","overlay-gradient":""}},"footnotes":""},"categories":[8],"tags":[16586,23009,13402],"class_list":["post-69845","post","type-post","status-publish","format-standard","has-post-thumbnail","hentry","category-noticias","tag-ceniza-volcanica","tag-escuelas-popocatepetl","tag-sep-puebla"],"_links":{"self":[{"href":"https:\/\/losperiodistas.com.mx\/portal\/wp-json\/wp\/v2\/posts\/69845","targetHints":{"allow":["GET"]}}],"collection":[{"href":"https:\/\/losperiodistas.com.mx\/portal\/wp-json\/wp\/v2\/posts"}],"about":[{"href":"https:\/\/losperiodistas.com.mx\/portal\/wp-json\/wp\/v2\/types\/post"}],"author":[{"embeddable":true,"href":"https:\/\/losperiodistas.com.mx\/portal\/wp-json\/wp\/v2\/users\/1"}],"replies":[{"embeddable":true,"href":"https:\/\/losperiodistas.com.mx\/portal\/wp-json\/wp\/v2\/comments?post=69845"}],"version-history":[{"count":1,"href":"https:\/\/losperiodistas.com.mx\/portal\/wp-json\/wp\/v2\/posts\/69845\/revisions"}],"predecessor-version":[{"id":69847,"href":"https:\/\/losperiodistas.com.mx\/portal\/wp-json\/wp\/v2\/posts\/69845\/revisions\/69847"}],"wp:featuredmedia":[{"embeddable":true,"href":"https:\/\/losperiodistas.com.mx\/portal\/wp-json\/wp\/v2\/media\/69846"}],"wp:attachment":[{"href":"https:\/\/losperiodistas.com.mx\/portal\/wp-json\/wp\/v2\/media?parent=69845"}],"wp:term":[{"taxonomy":"category","embeddable":true,"href":"https:\/\/losperiodistas.com.mx\/portal\/wp-json\/wp\/v2\/categories?post=69845"},{"taxonomy":"post_tag","embeddable":true,"href":"https:\/\/losperiodistas.com.mx\/portal\/wp-json\/wp\/v2\/tags?post=69845"}],"curies":[{"name":"wp","href":"https:\/\/api.w.org\/{rel}","templated":true}]}}