{"id":69839,"date":"2024-03-04T05:55:08","date_gmt":"2024-03-04T11:55:08","guid":{"rendered":"https:\/\/losperiodistas.com.mx\/portal\/?p=69839"},"modified":"2024-03-04T05:55:10","modified_gmt":"2024-03-04T11:55:10","slug":"borrador-automaticomarisol","status":"publish","type":"post","link":"https:\/\/losperiodistas.com.mx\/portal\/borrador-automaticomarisol\/","title":{"rendered":"&#8216;Marisol, ll\u00e1mame Pepa&#8217;, retrato de un viaje hacia la libertad personal"},"content":{"rendered":"\n<h2 class=\"has-background has-medium-font-size wp-block-heading\" style=\"background-color:#f495fa\">El Festival de M\u00e1laga estrena un documental dirigido por Blanca Torres sobre la artista malague\u00f1a en el que intervienen, entre otros, Aitana, C\u00e9sar Lucas o Vicky Flores, hermana de Pepa<\/h2>\n\n\n\n<h2 class=\"has-medium-font-size wp-block-heading\"><a href=\"https:\/\/www.abc.es\/gente\/marisol-media-vida-buscando-olvido-imposible-20230204180907-nt.html\">Marisol, media vida buscando un olvido imposible<\/a><\/h2>\n\n\n\n<figure class=\"wp-block-image size-large\"><img fetchpriority=\"high\" decoding=\"async\" width=\"1024\" height=\"717\" src=\"https:\/\/losperiodistas.com.mx\/portal\/wp-content\/uploads\/2024\/03\/Combinacion-RDn9iUXpYHM54wLQkT1cZXJ-1200x840@diario_abc-1024x717.jpg\" alt=\"\" class=\"wp-image-69840\" srcset=\"https:\/\/losperiodistas.com.mx\/portal\/wp-content\/uploads\/2024\/03\/Combinacion-RDn9iUXpYHM54wLQkT1cZXJ-1200x840@diario_abc-1024x717.jpg 1024w, https:\/\/losperiodistas.com.mx\/portal\/wp-content\/uploads\/2024\/03\/Combinacion-RDn9iUXpYHM54wLQkT1cZXJ-1200x840@diario_abc-300x210.jpg 300w, https:\/\/losperiodistas.com.mx\/portal\/wp-content\/uploads\/2024\/03\/Combinacion-RDn9iUXpYHM54wLQkT1cZXJ-1200x840@diario_abc-768x538.jpg 768w, https:\/\/losperiodistas.com.mx\/portal\/wp-content\/uploads\/2024\/03\/Combinacion-RDn9iUXpYHM54wLQkT1cZXJ-1200x840@diario_abc.jpg 1200w\" sizes=\"(max-width: 1024px) 100vw, 1024px\" \/><figcaption>Marisol y Pepa Flores<\/figcaption><\/figure>\n\n\n\n<p class=\"has-vivid-red-color has-text-color has-medium-font-size\"><strong>JULIO BRAVO \/ ABC<\/strong><\/p>\n\n\n\n<p>El 1 de mayo de 1959, m\u00e1s de diez mil artistas, profesionales y aficionado se reunieron en el estadio Santiago Bernab\u00e9u, de Madrid, para participar en la primera Demostraci\u00f3n Sindical de M\u00fasica y Danza. Entre ellos se encontraba una ni\u00f1a malague\u00f1a, rubia, de ojos azules, de apenas once a\u00f1os, llamada&nbsp;<strong>Josefa Flores Gonz\u00e1lez<\/strong>. Las c\u00e1maras de televisi\u00f3n, que retransmit\u00edan el acto -con Francisco Franco en el palco-, se detuvieron en ella y aquella imagen la vio un productor cinematogr\u00e1fico,&nbsp;<strong>Manuel Goyanes<\/strong>, que se qued\u00f3 prendado de la ni\u00f1a. Aquel d\u00eda naci\u00f3 uno de los grandes mitos de la cultura y el espect\u00e1culo espa\u00f1oles:&nbsp;<a href=\"https:\/\/www.abc.es\/estilo\/gente\/abci-marisol-musa-huyo-mar-202001250050_noticia.html\">Marisol<\/a>.<\/p>\n\n\n\n<p>Precisamente en su M\u00e1laga natal, y a en el teatro Echegaray, tan solo a unas pocas manzanas de la calle Refino, 10, donde naci\u00f3 aquella ni\u00f1a, se proyect\u00f3 ayer en el Festival de Cine Espa\u00f1ol &#8216;<strong>Marisol, ll\u00e1mame Pep<\/strong>a&#8217;, un documental dirigido por&nbsp;<strong>Blanca Torres<\/strong>, que trata de ser un retrato admirado pero desapasionado de aquella ni\u00f1a que fue, sin quererlo, primero s\u00edmbolo del franquismo; despu\u00e9s, ya convertida en mujer, s\u00edmbolo de la Transici\u00f3n y de los primeros a\u00f1os de nuestra democracia; y que un d\u00eda decidi\u00f3 abandonar la vida p\u00fablica y convertirse en una malague\u00f1a m\u00e1s llamada&nbsp;<strong>Pepa Flores<\/strong>. \u00abTiene algo de homenaje y de rescate de su figura, fascinante y, por ello, muy utilizada por todos\u00bb, dice la directora.<\/p>\n\n\n\n<p>Ni siquiera la concesi\u00f3n del&nbsp;<a href=\"https:\/\/www.abc.es\/play\/cine\/noticias\/abci-marisol-goya-honor-2020-201910231639_noticia.html\">Goya de Honor en 2020<\/a>&nbsp;sac\u00f3 a la artista de su voluntario y ya prolongado anonimato (se retir\u00f3 en 1985). En la gala de entrega de los premios -el suyo lo recogieron las hijas de Pepa Flores:&nbsp;<strong>Mar\u00eda, Tamara y Celia<\/strong>-,&nbsp;<strong>Amaia<\/strong>&nbsp;interpret\u00f3 una canci\u00f3n en que le rend\u00eda homenaje. La cantante es, precisamente, una de las personas que intervienen en el documental -\u00abYo empec\u00e9 a cantar por Marisol\u00bb, dice-, junto a&nbsp;<strong>Vicky Flores<\/strong>, hermana de Pepa;&nbsp;<strong>C\u00e9sar Lucas<\/strong>, autor de las fotograf\u00edas en las que apareci\u00f3 desnuda en la revista &#8216;<a href=\"https:\/\/www.abc.es\/sociedad\/abci-interviu-despide-lectores-mitica-portada-marisol-201801291141_noticia.html\">Interviu<\/a>&#8216;, y que se convirtieron, adem\u00e1s de en un esc\u00e1ndalo, en un s\u00edmbolo del nacimiento de la democracia; tambi\u00e9n aparecen Cristina Almeida, Luis Garc\u00eda Gil, Fernando M\u00e9ndez Leite. Esperanza Aguirre, Nines Gonz\u00e1lez, Nativel Preciado, Enrique Cerezo, Cristina Hoyos, Aintzane Rinc\u00f3n, Milena Cervantes, Elvira Lindo y Marta Sanz.<\/p>\n\n\n\n<h3 class=\"wp-block-heading\">Respeto<\/h3>\n\n\n\n<p>\u00abCreo que ahora, pasadas unas d\u00e9cadas desde su retirada, podemos revisitarla, hacer una lectura m\u00e1s cr\u00edtica y&nbsp;<strong>contextualizar mejor su figura<\/strong>&nbsp;-dice Blanca Torres-. Fue una mujer muy amada, pero tambi\u00e9n muy incomprendida en otros momentos de su vida\u00bb. La directora de &#8216;Marisol, ll\u00e1mame Pepa&#8217; cree que en estos momentos la actitud general hacia la que fue ni\u00f1a prodigio de nuestro cine es de respeto. \u00abAqu\u00ed en M\u00e1laga -desde donde la cineasta atiende telef\u00f3nicamente a ABC- toda la ciudad respeta la decisi\u00f3n que tom\u00f3 de desaparecer. Los periodistas se la encuentran por la calle pero no la abordan, ni la gente se quiere hacer selfies con ella. Pepa Flores ha conseguido&nbsp;<strong>con su coherencia y su decisi\u00f3n<\/strong>&nbsp;una dignidad que la hacen ser respetada y querida\u00bb.<\/p>\n\n\n\n<figure class=\"wp-block-image\"><img decoding=\"async\" src=\"https:\/\/s1.abcstatics.com\/abc\/www\/multimedia\/play\/2024\/03\/03\/PepaFlores7-U87051043171sUq-758x470@diario_abc.jpg\" alt=\"Imagen principal - Una escena de 'Un rayo de luz'; Pepa Flores, en su primera juventud; y levantando el pu\u00f1o en la Fiesta del PCE del a\u00f1o 1985\"\/><figcaption>Una escena de &#8216;Un rayo de luz&#8217;; Pepa Flores, en su primera juventud; y levantando el pu\u00f1o en la Fiesta del PCE del a\u00f1o 1985&nbsp;ABC<\/figcaption><\/figure>\n\n\n\n<p>El documental trata de explicar lo que signific\u00f3 Marisol, primero, y Pepa Flores, despu\u00e9s. Relata el fen\u00f3meno que fue aquella ni\u00f1a que protagoniz\u00f3 pel\u00edculas como &#8216;<strong><a href=\"https:\/\/www.abc.es\/play\/pelicula\/un-rayo-de-luz-3897\/\">Un rayo de sol<\/a><\/strong>&#8216;, &#8216;<strong><a href=\"https:\/\/www.abc.es\/play\/pelicula\/ha-llegado-un-angel-9549\/\">Ha llegado un \u00e1ngel<\/a><\/strong>&#8216; o&nbsp;<a href=\"https:\/\/www.abc.es\/play\/pelicula\/tombola-7458\/\">&#8216;<\/a><strong><a href=\"https:\/\/www.abc.es\/play\/pelicula\/tombola-7458\/\">T\u00f3mbola<\/a><\/strong><strong>&nbsp;<\/strong>&#8216; -\u00abhemos tenido acceso a su pasaporte original y es una locura: veintis\u00e9is pa\u00edses en pocos meses\u00bb, desvela Blanca Torres -, que recib\u00eda cientos de cartas de sus admiradores todos los d\u00edas. Cuenta despu\u00e9s su camino hacia la &#8216;independencia&#8217;, primero con su boda con&nbsp;<strong>Carlos Goyanes<\/strong>&nbsp;y despu\u00e9s con su uni\u00f3n con&nbsp;<strong>Antonio Gades<\/strong>, que le abri\u00f3 los ojos y le condujo a un compromiso pol\u00edtico y una militancia en el Partido Comunista, criticada por distintos sectores: \u00abla ni\u00f1a de Mosc\u00fa\u00bb, se lleg\u00f3 a bautizar a Pepa Flores. Estos distintos aspectos, dice la directora del documental, la convierten en \u00abuna especie de personaje tot\u00e9mico, mitad Marisol, mitad Pepa Flores, que hace que cualquier mujer de este pa\u00eds se pueda sentir representada por ella, o que en alg\u00fan momento de su vida la hizo feliz; gente de su generaci\u00f3n habla de que aquella ni\u00f1a le alegr\u00f3 la infancia\u00bb.<\/p>\n\n\n\n<h3 class=\"wp-block-heading\">Imagen completa<\/h3>\n\n\n\n<p>&#8216;Marisol, ll\u00e1mame Pepa&#8217; ha querido ofrecer, dice Blanca Torres, \u00abuna imagen m\u00e1s completa de ella. Cualquier mito, y Pepa lo es, tiene muchos aspectos diferentes, y cada uno elige la versi\u00f3n que quiere.&nbsp;<strong>Nosotros hemos tratado de presentar todas sus caras<\/strong>, y que cada espectador elija con que Marisol o con qu\u00e9 Pepa Flores se queda\u00bb. Las numerosas caras del prisma hubieran dado para una serie, reconoce la directora. \u00abSi hay una espinita que nos ha quedado es esta: que hubiera podido ser una serie fant\u00e1stica. El documental funciona muy bien, pero es un personaje con tantos giros narrativos, con un arco tan maravilloso, que empieza con el descubrimiento de la ni\u00f1a prodigio y acaba con la desaparici\u00f3n del mito, que hubiera dado para mucho m\u00e1s\u00bb.<\/p>\n\n\n\n<p>La\u00a0<strong>desaparici\u00f3n voluntaria<\/strong>\u00a0de Pepa Flores de la vida p\u00fablica es, considera Blanca Torres, la mayor expresi\u00f3n de su libertad. \u00abEn sus declaraciones tras su separaci\u00f3n de Carlos Goyanes, ya se empez\u00f3 a manifestar de forma muy libre. Esa defensa de su libertad por encima de todo creo que es lo que mayor cuestionamiento social le cost\u00f3, y su desaparici\u00f3n de la vida p\u00fablica fue su decisi\u00f3n final. \u00bfQu\u00e9 mayor libertad le puede dar a una persona que desaparecer.<\/p>\n\n\n\n<p class=\"has-cyan-bluish-gray-background-color has-background\">NOTICIAS RELACIONADAS<\/p>\n\n\n\n<ul class=\"wp-block-list\"><li><a href=\"https:\/\/www.abc.es\/cultura\/teatros\/flamenco-festival-mantiene-viva-llama-paco-lucia-20240228143723-nt.html#vca=modulo-rel-dos&amp;vso=abc&amp;vmc=noticias-rel&amp;vli=play\"><\/a><a href=\"https:\/\/www.abc.es\/cultura\/teatros\/flamenco-festival-mantiene-viva-llama-paco-lucia-20240228143723-nt.html#vca=modulo-rel-dos&amp;vso=abc&amp;vmc=noticias-rel&amp;vli=play\">EL FLAMENCO FESTIVAL MANTIENE VIVA LA LLAMA DE PACO DE LUC\u00cdA EN NUEVA YORK<\/a>JULIO BRAVO<\/li><li><a href=\"https:\/\/www.abc.es\/cultura\/teatros\/javier-camara-convierte-tio-vania-partida-doble-20240228183925-nt.html#vca=modulo-rel-dos&amp;vso=abc&amp;vmc=noticias-rel&amp;vli=play\"><\/a><a href=\"https:\/\/www.abc.es\/cultura\/teatros\/javier-camara-convierte-tio-vania-partida-doble-20240228183925-nt.html#vca=modulo-rel-dos&amp;vso=abc&amp;vmc=noticias-rel&amp;vli=play\">Javier C\u00e1mara se convierte en T\u00edo Vania por partida doble<\/a>JULIO BRAVO<\/li><\/ul>\n\n\n\n<p>Pepa Flores, coherentemente, no aparece en la pel\u00edcula; tampoco sus hijas, pero s\u00ed su hermana Vicky. \u00abDurante todo el proceso del documental hemos estado&nbsp;<strong>muy en comunicaci\u00f3n con ellos<\/strong>&nbsp;-asegura Blanca Torres-. Siempre han dicho que respetaban nuestro trabajo y que ten\u00edamos libertad absoluta, pero una vez terminado el documental quer\u00edamos tener su opini\u00f3n, y el &#8216;feedback&#8217; ha sido muy bueno\u00bb.<\/p>\n\n\n\n<p>La retirada de Pepa Flores tuvo un elemento negativo:\u00a0<strong><a href=\"https:\/\/www.abc.es\/play\/cine\/noticias\/abci-papeles-pepa-flores-goya-honor-quiso-huir-marisol-202001241348_noticia.html\">nos priv\u00f3 de una gran artista<\/a><\/strong>. \u00abS\u00ed, esa es la pena -dice Blanca Torres-. Cuando la oyes, con esa voz grave que ten\u00eda; cuando la ves en &#8216;Los d\u00edas del pasado&#8217; o en &#8216;Mariana Pineda&#8217;, ves lo grande que era, y justo cuando estaba encontrando la madurez art\u00edstica, se retira. S\u00ed, eso es una pena, claro\u00bb.<\/p>\n\n\n\n<p>Fuente: <a href=\"https:\/\/www.abc.es\/play\/cine\/marisol-llamame-pepa-retrato-viaje-libertad-personal-20240304043147-nt.html\">https:\/\/www.abc.es\/play\/cine\/marisol-llamame-pepa-retrato-viaje-libertad-personal-20240304043147-nt.html<\/a><\/p>\n","protected":false},"excerpt":{"rendered":"<p>El Festival de M\u00e1laga estrena un documental dirigido por Blanca Torres sobre la artista malague\u00f1a en el que intervienen, entre [&hellip;]<\/p>\n","protected":false},"author":1,"featured_media":69840,"comment_status":"open","ping_status":"open","sticky":false,"template":"","format":"standard","meta":{"site-sidebar-layout":"default","site-content-layout":"","ast-site-content-layout":"default","site-content-style":"default","site-sidebar-style":"default","ast-global-header-display":"","ast-banner-title-visibility":"","ast-main-header-display":"","ast-hfb-above-header-display":"","ast-hfb-below-header-display":"","ast-hfb-mobile-header-display":"","site-post-title":"","ast-breadcrumbs-content":"","ast-featured-img":"","footer-sml-layout":"","theme-transparent-header-meta":"","adv-header-id-meta":"","stick-header-meta":"","header-above-stick-meta":"","header-main-stick-meta":"","header-below-stick-meta":"","astra-migrate-meta-layouts":"default","ast-page-background-enabled":"default","ast-page-background-meta":{"desktop":{"background-color":"var(--ast-global-color-4)","background-image":"","background-repeat":"repeat","background-position":"center center","background-size":"auto","background-attachment":"scroll","background-type":"","background-media":"","overlay-type":"","overlay-color":"","overlay-opacity":"","overlay-gradient":""},"tablet":{"background-color":"","background-image":"","background-repeat":"repeat","background-position":"center center","background-size":"auto","background-attachment":"scroll","background-type":"","background-media":"","overlay-type":"","overlay-color":"","overlay-opacity":"","overlay-gradient":""},"mobile":{"background-color":"","background-image":"","background-repeat":"repeat","background-position":"center center","background-size":"auto","background-attachment":"scroll","background-type":"","background-media":"","overlay-type":"","overlay-color":"","overlay-opacity":"","overlay-gradient":""}},"ast-content-background-meta":{"desktop":{"background-color":"var(--ast-global-color-5)","background-image":"","background-repeat":"repeat","background-position":"center center","background-size":"auto","background-attachment":"scroll","background-type":"","background-media":"","overlay-type":"","overlay-color":"","overlay-opacity":"","overlay-gradient":""},"tablet":{"background-color":"var(--ast-global-color-5)","background-image":"","background-repeat":"repeat","background-position":"center center","background-size":"auto","background-attachment":"scroll","background-type":"","background-media":"","overlay-type":"","overlay-color":"","overlay-opacity":"","overlay-gradient":""},"mobile":{"background-color":"var(--ast-global-color-5)","background-image":"","background-repeat":"repeat","background-position":"center center","background-size":"auto","background-attachment":"scroll","background-type":"","background-media":"","overlay-type":"","overlay-color":"","overlay-opacity":"","overlay-gradient":""}},"footnotes":""},"categories":[8],"tags":[23004,23005,23002,23003],"class_list":["post-69839","post","type-post","status-publish","format-standard","has-post-thumbnail","hentry","category-noticias","tag-blanca-torres","tag-festival-de-cine-malaga","tag-marisol","tag-pepa-flores"],"_links":{"self":[{"href":"https:\/\/losperiodistas.com.mx\/portal\/wp-json\/wp\/v2\/posts\/69839","targetHints":{"allow":["GET"]}}],"collection":[{"href":"https:\/\/losperiodistas.com.mx\/portal\/wp-json\/wp\/v2\/posts"}],"about":[{"href":"https:\/\/losperiodistas.com.mx\/portal\/wp-json\/wp\/v2\/types\/post"}],"author":[{"embeddable":true,"href":"https:\/\/losperiodistas.com.mx\/portal\/wp-json\/wp\/v2\/users\/1"}],"replies":[{"embeddable":true,"href":"https:\/\/losperiodistas.com.mx\/portal\/wp-json\/wp\/v2\/comments?post=69839"}],"version-history":[{"count":1,"href":"https:\/\/losperiodistas.com.mx\/portal\/wp-json\/wp\/v2\/posts\/69839\/revisions"}],"predecessor-version":[{"id":69841,"href":"https:\/\/losperiodistas.com.mx\/portal\/wp-json\/wp\/v2\/posts\/69839\/revisions\/69841"}],"wp:featuredmedia":[{"embeddable":true,"href":"https:\/\/losperiodistas.com.mx\/portal\/wp-json\/wp\/v2\/media\/69840"}],"wp:attachment":[{"href":"https:\/\/losperiodistas.com.mx\/portal\/wp-json\/wp\/v2\/media?parent=69839"}],"wp:term":[{"taxonomy":"category","embeddable":true,"href":"https:\/\/losperiodistas.com.mx\/portal\/wp-json\/wp\/v2\/categories?post=69839"},{"taxonomy":"post_tag","embeddable":true,"href":"https:\/\/losperiodistas.com.mx\/portal\/wp-json\/wp\/v2\/tags?post=69839"}],"curies":[{"name":"wp","href":"https:\/\/api.w.org\/{rel}","templated":true}]}}