{"id":69836,"date":"2024-03-04T05:47:49","date_gmt":"2024-03-04T11:47:49","guid":{"rendered":"https:\/\/losperiodistas.com.mx\/portal\/?p=69836"},"modified":"2024-03-04T05:47:51","modified_gmt":"2024-03-04T11:47:51","slug":"las-razones-por-las-que-la-gente-de-la-edad-media-dormia-en-extranos-armarios-de-madera-bbc","status":"publish","type":"post","link":"https:\/\/losperiodistas.com.mx\/portal\/las-razones-por-las-que-la-gente-de-la-edad-media-dormia-en-extranos-armarios-de-madera-bbc\/","title":{"rendered":"Las razones por las que la gente de la Edad Media dorm\u00eda en extra\u00f1os armarios de madera\u00a0| BBC"},"content":{"rendered":"\n<p class=\"has-background has-medium-font-size\" style=\"background-color:#d3f485\"><strong>Se dice que estos acogedores muebles con aspecto de armario pod\u00edan dar cama hasta a cinco personas. \u00bfPor qu\u00e9 se pasaron de moda?<\/strong><\/p>\n\n\n\n<figure class=\"wp-block-image size-full\"><img fetchpriority=\"high\" decoding=\"async\" width=\"800\" height=\"450\" src=\"https:\/\/losperiodistas.com.mx\/portal\/wp-content\/uploads\/2024\/03\/e3b6be50-ca9b-11ee-896d-39d9bd3cadbb.jpeg\" alt=\"\" class=\"wp-image-69837\" srcset=\"https:\/\/losperiodistas.com.mx\/portal\/wp-content\/uploads\/2024\/03\/e3b6be50-ca9b-11ee-896d-39d9bd3cadbb.jpeg 800w, https:\/\/losperiodistas.com.mx\/portal\/wp-content\/uploads\/2024\/03\/e3b6be50-ca9b-11ee-896d-39d9bd3cadbb-300x169.jpeg 300w, https:\/\/losperiodistas.com.mx\/portal\/wp-content\/uploads\/2024\/03\/e3b6be50-ca9b-11ee-896d-39d9bd3cadbb-768x432.jpeg 768w\" sizes=\"(max-width: 800px) 100vw, 800px\" \/><figcaption>ALAMY | Una antigua cama de armario.<\/figcaption><\/figure>\n\n\n\n<p class=\"has-vivid-red-color has-text-color has-medium-font-size\"><strong>ZARIA GORVETT \/ BBC FUTURE<\/strong><\/p>\n\n\n\n<p>En un museo de Wick, en el extremo norte de Escocia, se encuentra lo que pareciera ser un gran armario de pino.<\/p>\n\n\n\n<p>Con sus dos puertas dobles de largo completo al frente y algunas maletas apiladas encima, no quedar\u00eda fuera de lugar en un dormitorio moderno. Incluso se ensambla como un mueble normal, encajando cada pieza entre s\u00ed, por lo que se puede mover y reconstruir f\u00e1cilmente.<\/p>\n\n\n\n<p>Pero este armario no es para guardar ni camisas ni chaquetas; no tienen ni perchas ni estantes en el interior. Esta es una cama armario y est\u00e1 dise\u00f1ada para que personas duerman en ella.<\/p>\n\n\n\n<p><strong>Tambi\u00e9n conocida como cama de armario o cama cerrada, estas camas fueron sorprendentemente populares en toda Europa desde la \u00e9poca medieval hasta principios del siglo XX.<\/strong><\/p>\n\n\n\n<p>Estos muebles pesados eran exactamente lo que se podr\u00eda esperar: una caja de madera que conten\u00eda una cama. Algunos eran sencillos y humildes, no m\u00e1s que simples contenedores de madera.<\/p>\n\n\n\n<p>Otros estaban elaboradamente decorados, con lados tallados, paneles o pintados. A menudo los armarios ten\u00edan puertas que se cerraban para encerrar al durmiente en la oscuridad de sus estrechos interiores, o una peque\u00f1a ventana con cortinas. Los m\u00e1s elegantes ten\u00edan una variedad de usos: con cajones adicionales y un asiento en la base.<\/p>\n\n\n\n<p>Durante siglos, los trabajadores agr\u00edcolas somnolientos, los pescadores e incluso los miembros de la nobleza se arrastraban cada noche a dentro de estas acogedoras guaridas de madera, presumiblemente teniendo cuidado de no golpearse los codos al hacerlo, y se encerraban.<\/p>\n\n\n\n<h2 class=\"wp-block-heading\" id=\"Ahorrando-espacio\">Ahorrando espacio<\/h2>\n\n\n\n<figure class=\"wp-block-image\"><img decoding=\"async\" src=\"https:\/\/ichef.bbci.co.uk\/ace\/ws\/640\/cpsprodpb\/6979\/live\/babe0bb0-ca9c-11ee-8685-316409d66f25.jpg\" alt=\"Camas de Armario en fila\"\/><figcaption>Las camas de armario se pueden organizar en filas o apiladas para acomodar a un gran n\u00famero de personas.<\/figcaption><\/figure>\n\n\n\n<p>Las camas de armario eran muebles vers\u00e1tiles. A menudo, se usaban casi como dormitorios en miniatura: lugares auxiliares para que la gente durmiera donde de otro modo no habr\u00eda suficiente espacio. En un caso de 1890 documentado por la Wick Society, una familia demasiado grande para su casa de una sola habitaci\u00f3n en las Tierras Altas de Escocia, tuvo a varios de sus miembros durmiendo en camas de armario en el granero, entre perros y caballos.<\/p>\n\n\n\n<p><strong>Compartir una cama tipo caja con familiares o compa\u00f1eros de trabajo no era inusual<\/strong>. En el melodrama de 1825&nbsp;<em>The Factory Lad<\/em>, los trabajadores dorm\u00edan en pilas de camas de armario, con dos o tres personas ocupando cada cama. Algunas ten\u00edan orificios para la ventilaci\u00f3n, pero api\u00f1ar a demasiada gente pod\u00eda haber conllevado un riesgo de asfixia: una historia de la Francia del siglo XIII trata sobre una mujer que escondi\u00f3 a tres invitados secretos dentro de una cama de armario que mueren asfixiados por mala ventilaci\u00f3n.<\/p>\n\n\n\n<p>Estas camas eran particularmente comunes en Reino Unido y en la Europa continental. Seg\u00fan un relato de 1840, la mayor\u00eda de las caba\u00f1as en Breta\u00f1a, Francia, inclu\u00edan estos muebles, generalmente hechos de roble. Pod\u00eda haber varios en una habitaci\u00f3n, y cada uno tendr\u00eda un largo cofre de madera situado en la base.<\/p>\n\n\n\n<h2 class=\"wp-block-heading\" id=\"Otras-ventajas\">Otras ventajas<\/h2>\n\n\n\n<figure class=\"wp-block-image\"><img decoding=\"async\" src=\"https:\/\/ichef.bbci.co.uk\/ace\/ws\/640\/cpsprodpb\/d703\/live\/fe960ea0-ca9c-11ee-ace0-c35c1b4f6d82.jpg\" alt=\"Una familia usando una cama de armario\"\/><figcaption>Las camas de armario fueron utilizadas por una amplia secci\u00f3n representativa de la sociedad, incluidos agricultores, pescadores y miembros de la nobleza.<\/figcaption><\/figure>\n\n\n\n<p>Pero estos ata\u00fades para dormir ten\u00edan otro beneficio: el calor. Sin calefacci\u00f3n ni aislamiento modernos, en invierno las habitaciones pod\u00edan alcanzar temperaturas heladas, tanto que era una pr\u00e1ctica habitual acostarse con sombrero, para que s\u00f3lo la cara quedara expuesta. Y en ese entonces, el fr\u00edo era considerablemente m\u00e1s intenso.<\/p>\n\n\n\n<p>Roger Ekirch, un reconocido profesor universitario de historia en la universidad Virginia Tech, en Estados Unidos, y autor de&nbsp;<em>At Day&#8217;s Close: A History of Nighttime<\/em>&nbsp;(Al final del d\u00eda: una historia de la noche), explica que entre los siglos XIV y XIX, Europa y partes de Am\u00e9rica del Norte experimentaron la Peque\u00f1a Edad del Hielo.<\/p>\n\n\n\n<p>En Londres, el T\u00e1mesis se congel\u00f3 en 18 ocasiones, un hecho que no ha ocurrido desde 1963. \u00abLos diarios hablaban de que la savia de los le\u00f1os quemados en las chimeneas se congelaban&#8230; los tinteros se congelaban durante la noche\u00bb, dice.<\/p>\n\n\n\n<figure class=\"wp-block-image\"><img decoding=\"async\" src=\"https:\/\/ichef.bbci.co.uk\/ace\/ws\/640\/cpsprodpb\/e691\/live\/72ca7090-ca9d-11ee-896d-39d9bd3cadbb.jpg\" alt=\"Una cama de armario\"\/><figcaption>Las camas de armario se encontraban a menudo en las casas de campo, donde la gente a veces las usaba para separarse del ganado.<\/figcaption><\/figure>\n\n\n\n<p>Esto hac\u00eda que tener compa\u00f1eros de cama fuera una perspectiva atractiva, ya que en el ambiente protegido de una cama de armario el aire caliente quedaba atrapado.<\/p>\n\n\n\n<p>La cama de armario acab\u00f3 asoci\u00e1ndose con la pobreza y la vida en el campo, y pas\u00f3 de moda. A mediados del siglo XX era raro ver una.<\/p>\n\n\n\n<p>Sin embargo, ahora parece que muebles similares est\u00e1n regresando silenciosamente.<\/p>\n\n\n\n<p>Hoy en d\u00eda es posible comprar tiendas de campa\u00f1a, que convierten las \u00e1reas para dormir en peque\u00f1as cuevas acogedoras con el beneficio adicional de mayor privacidad, mientras que se venden \u00abrincones\u00bb de madera para dormir, para casas aspiracionales de \u00abestilo caba\u00f1a\u00bb, que comparten sospechosas similitudes con las camas de armario.<\/p>\n\n\n\n<p><strong><em>Esta es una adaptaci\u00f3n de una historia original de BBC Future, la cual puedes encontrar en su versi\u00f3n completa (y en ingl\u00e9s)\u00a0<\/em><\/strong><a href=\"https:\/\/www.bbc.com\/future\/article\/20240122-the-strange-reasons-medieval-people-slept-in-cupboards\"><strong><em>aqu\u00ed<\/em><\/strong><\/a><\/p>\n\n\n\n<p>Fuente: <a href=\"https:\/\/www.bbc.com\/mundo\/articles\/clk83p388xeo\">https:\/\/www.bbc.com\/mundo\/articles\/clk83p388xeo<\/a><\/p>\n","protected":false},"excerpt":{"rendered":"<p>Se dice que estos acogedores muebles con aspecto de armario pod\u00edan dar cama hasta a cinco personas. \u00bfPor qu\u00e9 se [&hellip;]<\/p>\n","protected":false},"author":1,"featured_media":69837,"comment_status":"open","ping_status":"open","sticky":false,"template":"","format":"standard","meta":{"site-sidebar-layout":"default","site-content-layout":"","ast-site-content-layout":"default","site-content-style":"default","site-sidebar-style":"default","ast-global-header-display":"","ast-banner-title-visibility":"","ast-main-header-display":"","ast-hfb-above-header-display":"","ast-hfb-below-header-display":"","ast-hfb-mobile-header-display":"","site-post-title":"","ast-breadcrumbs-content":"","ast-featured-img":"","footer-sml-layout":"","theme-transparent-header-meta":"","adv-header-id-meta":"","stick-header-meta":"","header-above-stick-meta":"","header-main-stick-meta":"","header-below-stick-meta":"","astra-migrate-meta-layouts":"default","ast-page-background-enabled":"default","ast-page-background-meta":{"desktop":{"background-color":"var(--ast-global-color-4)","background-image":"","background-repeat":"repeat","background-position":"center center","background-size":"auto","background-attachment":"scroll","background-type":"","background-media":"","overlay-type":"","overlay-color":"","overlay-opacity":"","overlay-gradient":""},"tablet":{"background-color":"","background-image":"","background-repeat":"repeat","background-position":"center center","background-size":"auto","background-attachment":"scroll","background-type":"","background-media":"","overlay-type":"","overlay-color":"","overlay-opacity":"","overlay-gradient":""},"mobile":{"background-color":"","background-image":"","background-repeat":"repeat","background-position":"center center","background-size":"auto","background-attachment":"scroll","background-type":"","background-media":"","overlay-type":"","overlay-color":"","overlay-opacity":"","overlay-gradient":""}},"ast-content-background-meta":{"desktop":{"background-color":"var(--ast-global-color-5)","background-image":"","background-repeat":"repeat","background-position":"center center","background-size":"auto","background-attachment":"scroll","background-type":"","background-media":"","overlay-type":"","overlay-color":"","overlay-opacity":"","overlay-gradient":""},"tablet":{"background-color":"var(--ast-global-color-5)","background-image":"","background-repeat":"repeat","background-position":"center center","background-size":"auto","background-attachment":"scroll","background-type":"","background-media":"","overlay-type":"","overlay-color":"","overlay-opacity":"","overlay-gradient":""},"mobile":{"background-color":"var(--ast-global-color-5)","background-image":"","background-repeat":"repeat","background-position":"center center","background-size":"auto","background-attachment":"scroll","background-type":"","background-media":"","overlay-type":"","overlay-color":"","overlay-opacity":"","overlay-gradient":""}},"footnotes":""},"categories":[8],"tags":[22999,23000,23001,22998,22997],"class_list":["post-69836","post","type-post","status-publish","format-standard","has-post-thumbnail","hentry","category-noticias","tag-cama-armario","tag-cama-cerrada","tag-costumbres-edad-media","tag-escocia","tag-museo-de-wick"],"_links":{"self":[{"href":"https:\/\/losperiodistas.com.mx\/portal\/wp-json\/wp\/v2\/posts\/69836","targetHints":{"allow":["GET"]}}],"collection":[{"href":"https:\/\/losperiodistas.com.mx\/portal\/wp-json\/wp\/v2\/posts"}],"about":[{"href":"https:\/\/losperiodistas.com.mx\/portal\/wp-json\/wp\/v2\/types\/post"}],"author":[{"embeddable":true,"href":"https:\/\/losperiodistas.com.mx\/portal\/wp-json\/wp\/v2\/users\/1"}],"replies":[{"embeddable":true,"href":"https:\/\/losperiodistas.com.mx\/portal\/wp-json\/wp\/v2\/comments?post=69836"}],"version-history":[{"count":1,"href":"https:\/\/losperiodistas.com.mx\/portal\/wp-json\/wp\/v2\/posts\/69836\/revisions"}],"predecessor-version":[{"id":69838,"href":"https:\/\/losperiodistas.com.mx\/portal\/wp-json\/wp\/v2\/posts\/69836\/revisions\/69838"}],"wp:featuredmedia":[{"embeddable":true,"href":"https:\/\/losperiodistas.com.mx\/portal\/wp-json\/wp\/v2\/media\/69837"}],"wp:attachment":[{"href":"https:\/\/losperiodistas.com.mx\/portal\/wp-json\/wp\/v2\/media?parent=69836"}],"wp:term":[{"taxonomy":"category","embeddable":true,"href":"https:\/\/losperiodistas.com.mx\/portal\/wp-json\/wp\/v2\/categories?post=69836"},{"taxonomy":"post_tag","embeddable":true,"href":"https:\/\/losperiodistas.com.mx\/portal\/wp-json\/wp\/v2\/tags?post=69836"}],"curies":[{"name":"wp","href":"https:\/\/api.w.org\/{rel}","templated":true}]}}