{"id":69801,"date":"2024-03-03T07:08:54","date_gmt":"2024-03-03T13:08:54","guid":{"rendered":"https:\/\/losperiodistas.com.mx\/portal\/?p=69801"},"modified":"2024-03-03T07:08:56","modified_gmt":"2024-03-03T13:08:56","slug":"tabasco-la-tranquila-patria-chica-de-lopez-obrador-tomada-por-la-violencia-y-el-narco","status":"publish","type":"post","link":"https:\/\/losperiodistas.com.mx\/portal\/tabasco-la-tranquila-patria-chica-de-lopez-obrador-tomada-por-la-violencia-y-el-narco\/","title":{"rendered":"Tabasco, la tranquila patria chica de L\u00f3pez Obrador tomada por la violencia y el narco"},"content":{"rendered":"\n<h2 class=\"has-background has-medium-font-size wp-block-heading\" style=\"background-color:#7cf6af\">Trata, extorsiones, violencia y tr\u00e1fico de drogas. Un c\u00f3ctel explosivo que ha arrasado con la amena vida tabasque\u00f1a, que el presidente de M\u00e9xico conoce bien. El pa\u00eds enfila las presidenciales de junio acorralado por la sospecha de que el crimen organizado jugar\u00e1 un papel crucial en los comicios<\/h2>\n\n\n\n<h2 class=\"wp-block-heading\"><\/h2>\n\n\n\n<figure class=\"wp-block-image\"><img decoding=\"async\" src=\"https:\/\/s1.abcstatics.com\/abc\/www\/multimedia\/internacional\/2024\/02\/28\/policia-RHOsEIw8EZDXCjiAItwTxJO-1200x840@diario_abc.jpg\" alt=\"Un agente de la Polic\u00eda mexicana apatrullando una calle en el estado de Tabasco\"\/><figcaption>Un agente de la Polic\u00eda mexicana apatrullando una calle en el estado de Tabasco\u00a0ABC<\/figcaption><\/figure>\n\n\n\n<p><\/p>\n\n\n\n<p class=\"has-vivid-red-color has-text-color has-medium-font-size\"><strong><a href=\"https:\/\/www.abc.es\/autor\/milton-merlo-6609\/\">MILTON MERLO<\/a> \/ Corresponsal Ciudad de M\u00e9xico \/ ABC<\/strong><a href=\"javascript:void(0)\"><\/a><\/p>\n\n\n\n<p>Hasta hace seis meses el estado de Tabasco, en el sureste de M\u00e9xico y de donde es originario&nbsp;<a href=\"https:\/\/www.abc.es\/internacional\/lopez-obrador-amenaza-asistir-cumbre-eeuu-canada-20240228203847-nt.html\">Andr\u00e9s Manuel L\u00f3pez Obrador<\/a>&nbsp;(AMLO), no sal\u00eda en las noticias por motivos de inseguridad. El \u00fanico motivo por el que sol\u00eda aparecer en la prensa nacional era la construcci\u00f3n de la nueva<strong>&nbsp;refiner\u00eda de Dos Bocas<\/strong>, uno de los proyectos emblema del presidente.<\/p>\n\n\n\n<p>Desde diciembre hasta ahora el giro ha sido dr\u00e1stico y Tabasco, una de los estados menos poblados del pa\u00eds, comienza a ser un reflejo de la violencia que sacude a todo M\u00e9xico.<\/p>\n\n\n\n<p>Los hechos se precipitaron el pasado<strong>&nbsp;23 de diciembre<\/strong>&nbsp;cuando tuvieron lugar cuatro motines carcelarios en la capital estatal Villahermosa, hechos que incluyeron tiroteos y quemas de veh\u00edculos durante una madrugada de terror. Las c\u00e1rceles en M\u00e9xico suelen ser bases operativas para redes que practican la extorsi\u00f3n, as\u00ed como otros delitos. En los primeros d\u00edas de enero se report\u00f3 la desaparici\u00f3n de&nbsp;<strong>ocho mujeres colombianas<\/strong>&nbsp;que se desempe\u00f1aban como trabajadoras sexuales y cuyo rastro se perdi\u00f3 mientras iban a animar una fiesta. Fueron secuestradas y la autoridad finalmente logr\u00f3 rescatarlas, pero qued\u00f3 instalada en la opini\u00f3n p\u00fablica la sospecha de la existencia de redes de trata de personas que operan en Tabasco.<\/p>\n\n\n\n<p>El 4 de febrero, en un v\u00eddeo subido a YouTube, el C\u00e1rtel Jalisco Nueva Generaci\u00f3n (CJNG), el m\u00e1s poderoso del pa\u00eds, irrumpi\u00f3 en la escena y anunci\u00f3 \u00abuna limpia\u00bb en el estado del presidente con la finalidad de pacificar la entidad y abatir a diversos grupos criminales. Corolario: en lo que va de febrero se han cometido al menos&nbsp;<strong>28 homicidios doloso<\/strong>s, lo que significa que se ha superado con creces la cifra total de casos registrados en enero, cuando hubo 23 en todo el mes.<\/p>\n\n\n\n<figure class=\"wp-block-image\"><img decoding=\"async\" src=\"https:\/\/s1.abcstatics.com\/abc\/www\/multimedia\/internacional\/2024\/02\/28\/incendio-tabasco-U74625100708Xqc-760x427@diario_abc.jpg\" alt=\"Un coche en llamas en el \u00faltimo mes\"\/><figcaption>Un coche en llamas en el \u00faltimo mes&nbsp;ABC<\/figcaption><\/figure>\n\n\n\n<p>Trata, extorsiones, violencia y narco se combinan como un coctel explosivo que arras\u00f3 con la amena vida tabasque\u00f1a y exponen la realidad de un pa\u00eds que se encamina a las elecciones presidenciales de junio acorralado por la sospecha de que el crimen organizado jugar\u00e1 un papel crucial en los comicios.<\/p>\n\n\n\n<p>Hace dos semanas la candidata presidencial de la oposici\u00f3n&nbsp;<a href=\"https:\/\/www.abc.es\/internacional\/xochitl-galvez-candidata-oposicion-luchara-presidencia-mexico-20230831164053-nt.html\">X\u00f3chitl G\u00e1lvez<\/a>&nbsp;estuvo en Washington donde se reuni\u00f3 con Luis Almagro, titular de la Organizaci\u00f3n de Estados Americanos (OEA). En ese encuentro la aspirante pidi\u00f3 que el organismo multilateral env\u00ede observadores a M\u00e9xico para revisar que el crimen organizado no tenga incidencia electoral.<\/p>\n\n\n\n<p>Almagro fue receptivo con G\u00e1lvez pero de momento la OEA no confirma el env\u00edo de observadores electorales. Y es que, el Gobierno de Joe Biden pesa mucho en el organismo con sede en Washington y si ese movimiento tuviera lugar se agregar\u00eda otro foco de tensi\u00f3n con la Administraci\u00f3n de L\u00f3pez Obrador. Adem\u00e1s, Biden necesita que M\u00e9xico colabore con el drama de la migraci\u00f3n en la frontera sur para favorecer su reelecci\u00f3n en noviembre.<\/p>\n\n\n\n<p>El mundo de los negocios tampoco est\u00e1 ajeno a la escalada de la violencia. Un informe reciente de Citibanamex, filial en M\u00e9xico de Citigroup, anticip\u00f3 que el crimen organizado tendr\u00e1 injerencia en los pr\u00f3ximos comicios. El presidente rechaz\u00f3 el informe desde su conferencia matutina: \u00abEsos informes los escriben supuestos expertos, que ni siquiera son accionistas del banco, expertos que est\u00e1n completamente<strong>&nbsp;divorciados de la realidad<\/strong>\u00bb. Hasta la Iglesia cat\u00f3lica ha entrado en el debate. Hace unos d\u00edas, obispos del estado de Guerrero, uno de los m\u00e1s violentos del pa\u00eds, anunciaron que buscar\u00edan una tregua con los grupos del crimen organizado que all\u00ed operan. Lo comunic\u00f3 el obispo el Chilpancingo, Jos\u00e9 de Jes\u00fas Gonz\u00e1lez, que afirm\u00f3 tener el respaldo del Vaticano. En Guerrero es donde el mes pasado aparecieron las im\u00e1genes de los ni\u00f1os polic\u00edas, menores de edad empu\u00f1ando armas largas, que recorrieron la prensa internacional.<\/p>\n\n\n\n<h3 class=\"wp-block-heading\">Paro de transportistas<\/h3>\n\n\n\n<p>La inseguridad toca hasta los aspectos m\u00e1s elementales de las campa\u00f1as en un pa\u00eds donde este a\u00f1o se eligen m\u00e1s de 20.000 cargos p\u00fablicos. Recientemente, varios candidatos, de todas las fuerzas pol\u00edticas, suspendieron actividades y eventos por un paro de transportistas que bloque\u00f3 diversas carreteras en el centro del pa\u00eds. Protestaron por la inseguridad contra los ch\u00f3feres de camiones de carga. Seg\u00fan la entidad gremial que los agrupa, en 2023 este tipo de delitos tuvo un&nbsp;<strong>incremento del 13% alcanzando un total de 9.238 robos.<\/strong><\/p>\n\n\n\n<p>Y los cr\u00edmenes contra candidatos y pol\u00edticos tampoco dan respiro. Este mes, en cuatro d\u00edas fueron asesinados dos familiares directos del senador Ricardo Monreal, uno de los principales actores de la campa\u00f1a de la oficialista Claudia Sheinbaum. Hace unos d\u00edas fue secuestrado durante algunas horas el dirigente del partido Movimiento Ciudadano en Guerrero y a comienzos de febrero&nbsp;<strong>mataron al padre de una candidata a alcaldesa<\/strong>&nbsp;del municipio de Huamuxtitl\u00e1n, tambi\u00e9n en Guerrero.<\/p>\n\n\n\n<h3 class=\"wp-block-heading\">La ret\u00f3rica del presidente<\/h3>\n\n\n\n<p>Pero el Gobierno mexicano est\u00e1 alineado con la ret\u00f3rica del presidente, que rechaza cualquier injerencia del crimen en las elecciones. El Instituto Nacional Electoral (INE), organismo estatal a cargo de las elecciones y<strong>&nbsp;controlado por L\u00f3pez Obrador,<\/strong>&nbsp;descart\u00f3 elaborar un mapa de riesgos y le pidi\u00f3 a la oposici\u00f3n, como medida preventiva, no postular a candidatos asociados al crimen organizado. La oposici\u00f3n reclama que en aquellos estados donde se registre incidencia del narco en las elecciones, los resultados sean anulados.<\/p>\n\n\n\n<p>El INE prometi\u00f3 asignar, en casos de riesgo, custodia de la Guardia Nacional, la polic\u00eda militarizada creada por el Gobierno actual. Esta corporaci\u00f3n, seg\u00fan un reporte del Centro Pro Derechos Humanos, &#8216;think-tank&#8217; con sede en esta capital, registr\u00f3 en los \u00faltimos cuatro a\u00f1os m\u00e1s&nbsp;<strong>11.000 expedientes de asuntos internos<\/strong>&nbsp;por conductas sospechosas de sus efectivos. Existen 42 carpetas, sin derivaciones judiciales, sobre efectivos de la Guardia Nacional vinculados al crimen organizado.<\/p>\n\n\n\n<p>Sheinbaum, la candidata de L\u00f3pez Obrador a sucederlo, tampoco habla ni dice nada del caos y la violencia en p\u00fablico. Es un drama que no existe en su repertorio m\u00e1s all\u00e1 de<strong>\u00a0las frases esperables y los lugares comunes<\/strong>. Un mutismo absoluto que solo se rompe en aquellas reuniones privad\u00edsimas que sostiene con empresarios y diplom\u00e1ticos en un domicilio particular en Coyoac\u00e1n, al sur de la Ciudad de M\u00e9xico, donde el presidente no puede escucharla.<\/p>\n\n\n\n<p>Fuente: <a href=\"https:\/\/www.abc.es\/internacional\/tabasco-tranquila-patria-chica-lopez-obrador-tomada-20240303220535-nt.html\">https:\/\/www.abc.es\/internacional\/tabasco-tranquila-patria-chica-lopez-obrador-tomada-20240303220535-nt.html<\/a><\/p>\n","protected":false},"excerpt":{"rendered":"<p>Trata, extorsiones, violencia y tr\u00e1fico de drogas. Un c\u00f3ctel explosivo que ha arrasado con la amena vida tabasque\u00f1a, que el [&hellip;]<\/p>\n","protected":false},"author":1,"featured_media":69802,"comment_status":"open","ping_status":"open","sticky":false,"template":"","format":"standard","meta":{"site-sidebar-layout":"default","site-content-layout":"","ast-site-content-layout":"default","site-content-style":"default","site-sidebar-style":"default","ast-global-header-display":"","ast-banner-title-visibility":"","ast-main-header-display":"","ast-hfb-above-header-display":"","ast-hfb-below-header-display":"","ast-hfb-mobile-header-display":"","site-post-title":"","ast-breadcrumbs-content":"","ast-featured-img":"","footer-sml-layout":"","theme-transparent-header-meta":"","adv-header-id-meta":"","stick-header-meta":"","header-above-stick-meta":"","header-main-stick-meta":"","header-below-stick-meta":"","astra-migrate-meta-layouts":"default","ast-page-background-enabled":"default","ast-page-background-meta":{"desktop":{"background-color":"var(--ast-global-color-4)","background-image":"","background-repeat":"repeat","background-position":"center center","background-size":"auto","background-attachment":"scroll","background-type":"","background-media":"","overlay-type":"","overlay-color":"","overlay-opacity":"","overlay-gradient":""},"tablet":{"background-color":"","background-image":"","background-repeat":"repeat","background-position":"center center","background-size":"auto","background-attachment":"scroll","background-type":"","background-media":"","overlay-type":"","overlay-color":"","overlay-opacity":"","overlay-gradient":""},"mobile":{"background-color":"","background-image":"","background-repeat":"repeat","background-position":"center center","background-size":"auto","background-attachment":"scroll","background-type":"","background-media":"","overlay-type":"","overlay-color":"","overlay-opacity":"","overlay-gradient":""}},"ast-content-background-meta":{"desktop":{"background-color":"var(--ast-global-color-5)","background-image":"","background-repeat":"repeat","background-position":"center center","background-size":"auto","background-attachment":"scroll","background-type":"","background-media":"","overlay-type":"","overlay-color":"","overlay-opacity":"","overlay-gradient":""},"tablet":{"background-color":"var(--ast-global-color-5)","background-image":"","background-repeat":"repeat","background-position":"center center","background-size":"auto","background-attachment":"scroll","background-type":"","background-media":"","overlay-type":"","overlay-color":"","overlay-opacity":"","overlay-gradient":""},"mobile":{"background-color":"var(--ast-global-color-5)","background-image":"","background-repeat":"repeat","background-position":"center center","background-size":"auto","background-attachment":"scroll","background-type":"","background-media":"","overlay-type":"","overlay-color":"","overlay-opacity":"","overlay-gradient":""}},"footnotes":""},"categories":[8],"tags":[3625,12142,4989,17466],"class_list":["post-69801","post","type-post","status-publish","format-standard","has-post-thumbnail","hentry","category-noticias","tag-crimen-organizado","tag-mexico-elecciones","tag-tabasco","tag-violencia-electoral"],"_links":{"self":[{"href":"https:\/\/losperiodistas.com.mx\/portal\/wp-json\/wp\/v2\/posts\/69801","targetHints":{"allow":["GET"]}}],"collection":[{"href":"https:\/\/losperiodistas.com.mx\/portal\/wp-json\/wp\/v2\/posts"}],"about":[{"href":"https:\/\/losperiodistas.com.mx\/portal\/wp-json\/wp\/v2\/types\/post"}],"author":[{"embeddable":true,"href":"https:\/\/losperiodistas.com.mx\/portal\/wp-json\/wp\/v2\/users\/1"}],"replies":[{"embeddable":true,"href":"https:\/\/losperiodistas.com.mx\/portal\/wp-json\/wp\/v2\/comments?post=69801"}],"version-history":[{"count":1,"href":"https:\/\/losperiodistas.com.mx\/portal\/wp-json\/wp\/v2\/posts\/69801\/revisions"}],"predecessor-version":[{"id":69803,"href":"https:\/\/losperiodistas.com.mx\/portal\/wp-json\/wp\/v2\/posts\/69801\/revisions\/69803"}],"wp:featuredmedia":[{"embeddable":true,"href":"https:\/\/losperiodistas.com.mx\/portal\/wp-json\/wp\/v2\/media\/69802"}],"wp:attachment":[{"href":"https:\/\/losperiodistas.com.mx\/portal\/wp-json\/wp\/v2\/media?parent=69801"}],"wp:term":[{"taxonomy":"category","embeddable":true,"href":"https:\/\/losperiodistas.com.mx\/portal\/wp-json\/wp\/v2\/categories?post=69801"},{"taxonomy":"post_tag","embeddable":true,"href":"https:\/\/losperiodistas.com.mx\/portal\/wp-json\/wp\/v2\/tags?post=69801"}],"curies":[{"name":"wp","href":"https:\/\/api.w.org\/{rel}","templated":true}]}}