{"id":698,"date":"2020-10-30T06:50:31","date_gmt":"2020-10-30T12:50:31","guid":{"rendered":"http:\/\/losperiodistas.com.mx\/portal\/?p=698"},"modified":"2020-10-30T06:50:31","modified_gmt":"2020-10-30T12:50:31","slug":"llama-alfonso-esparza-a-universitarios-a-mantener-la-calma-antes-de-actuar-violentamente","status":"publish","type":"post","link":"https:\/\/losperiodistas.com.mx\/portal\/llama-alfonso-esparza-a-universitarios-a-mantener-la-calma-antes-de-actuar-violentamente\/","title":{"rendered":"Llama Alfonso Esparza a universitarios a mantener la calma antes de actuar violentamente"},"content":{"rendered":"\n<p style=\"font-size:22px\">Advierte que si es necesario rebasar las fronteras de la instituci\u00f3n para la defensa universitaria, lo har\u00e1<\/p>\n\n\n\n<p><\/p>\n\n\n\n<p class=\"has-vivid-cyan-blue-color has-text-color has-medium-font-size\">ERIKA L\u00d3PEZ\/ EL SOL DE PUEBLA<\/p>\n\n\n\n<p>Si es necesario vamos a rebasar las fronteras de la universidad para defender el estado de Derecho, advierte el rector de la Benem\u00e9rita Universidad Aut\u00f3noma de Puebla, Alfonso Esparza Ortiz, al llamar a los universitarios a mantener la calma antes de tomar acciones que puedan volverse violentas para defender la instituci\u00f3n ante el golpeteo pol\u00edtico del que son objeto.<\/p>\n\n\n\n<p>En su discurso, reiter\u00f3 que la universidad enfrenta una de las mayores persecuciones pol\u00edticas que atentan contra la autonom\u00eda, libertad de catedral y libertad de quienes forman parte de ella.<\/p>\n\n\n\n<p>Ante el Consejo Universitario, dijo que ha sido objeto de amenazas y varias denuncias sin fundamento por no querer renunciar de su cargo y de evitar que el gobierno tome el control de la m\u00e1xima casa de estudios.<\/p>\n\n\n\n<p><a href=\"https:\/\/www.elsoldepuebla.com.mx\/policiaca\/\">POLICIACA<\/a><\/p>\n\n\n\n<figure class=\"wp-block-image\"><a href=\"https:\/\/www.elsoldepuebla.com.mx\/policiaca\/fueron-detenidos-en-tlachichuca-veracruzanos-linchados-en-san-nicolas-buenos-aires-puebla-veracruz-ciudad-serdan-leon-guanajuato-5949440.html\"><img decoding=\"async\" src=\"https:\/\/www.elsoldepuebla.com.mx\/policiaca\/5kt0wm-pareja-de-veracruzanos-linchados.jpg\/alternates\/LANDSCAPE_200\/Pareja%20de%20veracruzanos%20linchados.jpg\" alt=\"\" title=\"Pareja de veracruzanos linchados.jpg\"\/><\/a><\/figure>\n\n\n\n<h4 class=\"wp-block-heading\"><a href=\"https:\/\/www.elsoldepuebla.com.mx\/policiaca\/fueron-detenidos-en-tlachichuca-veracruzanos-linchados-en-san-nicolas-buenos-aires-puebla-veracruz-ciudad-serdan-leon-guanajuato-5949440.html\">Fueron detenidos en Tlachichuca, veracruzanos linchados en San Nicol\u00e1s Buenos Aires<\/a><\/h4>\n\n\n\n<p>Se\u00f1al\u00f3 que no es f\u00e1cil la decisi\u00f3n de mantenerse cuando atentan contra la familia, sin embargo, m\u00e1s de 100 mil j\u00f3venes ven en la casa de estudios una oportunidad, lo que lo alienta a trabajar por la universidad.<\/p>\n\n\n\n<p>\u201cNo nos vamos a amedrentar porque no tenemos nada que esconder y porque estamos seguros de que la justicia va a triunfar a un cuando existe un estado totalitarista y del r\u00e9gimen dictatorial\u201d, resalt\u00f3 Alfonso Esparza al hacer un exhort\u00f3 para realizar un trabajo coordinado con cero confrontaci\u00f3n.<\/p>\n\n\n\n<p>El rector de la BUAP hizo un llamado a los universitarios para mantener la calma antes de tomar acciones que puedan volverse violentas para defender la instituci\u00f3n y pidi\u00f3 que los dejen trabajar en paz.<\/p>\n\n\n\n<p>Finalmente, envi\u00f3 un mensaje de que si existen las pruebas de su supuesta deshonestidad que las presentes, de lo contrario pidi\u00f3 que dejen de presionarlo a que renuncie al cargo.<\/p>\n\n\n\n<p>Fuente: https:\/\/www.elsoldepuebla.com.mx\/local\/llama-alfonso-esparza-a-universitarios-a-mantener-la-calma-antes-de-actuar-violentamente-buap-5951823.html<\/p>\n","protected":false},"excerpt":{"rendered":"<p>Advierte que si es necesario rebasar las fronteras de la instituci\u00f3n para la defensa universitaria, lo har\u00e1 ERIKA L\u00d3PEZ\/ EL [&hellip;]<\/p>\n","protected":false},"author":1,"featured_media":699,"comment_status":"open","ping_status":"open","sticky":false,"template":"","format":"standard","meta":{"site-sidebar-layout":"default","site-content-layout":"","ast-site-content-layout":"default","site-content-style":"default","site-sidebar-style":"default","ast-global-header-display":"","ast-banner-title-visibility":"","ast-main-header-display":"","ast-hfb-above-header-display":"","ast-hfb-below-header-display":"","ast-hfb-mobile-header-display":"","site-post-title":"","ast-breadcrumbs-content":"","ast-featured-img":"","footer-sml-layout":"","theme-transparent-header-meta":"","adv-header-id-meta":"","stick-header-meta":"","header-above-stick-meta":"","header-main-stick-meta":"","header-below-stick-meta":"","astra-migrate-meta-layouts":"default","ast-page-background-enabled":"default","ast-page-background-meta":{"desktop":{"background-color":"var(--ast-global-color-4)","background-image":"","background-repeat":"repeat","background-position":"center center","background-size":"auto","background-attachment":"scroll","background-type":"","background-media":"","overlay-type":"","overlay-color":"","overlay-opacity":"","overlay-gradient":""},"tablet":{"background-color":"","background-image":"","background-repeat":"repeat","background-position":"center center","background-size":"auto","background-attachment":"scroll","background-type":"","background-media":"","overlay-type":"","overlay-color":"","overlay-opacity":"","overlay-gradient":""},"mobile":{"background-color":"","background-image":"","background-repeat":"repeat","background-position":"center center","background-size":"auto","background-attachment":"scroll","background-type":"","background-media":"","overlay-type":"","overlay-color":"","overlay-opacity":"","overlay-gradient":""}},"ast-content-background-meta":{"desktop":{"background-color":"var(--ast-global-color-5)","background-image":"","background-repeat":"repeat","background-position":"center center","background-size":"auto","background-attachment":"scroll","background-type":"","background-media":"","overlay-type":"","overlay-color":"","overlay-opacity":"","overlay-gradient":""},"tablet":{"background-color":"var(--ast-global-color-5)","background-image":"","background-repeat":"repeat","background-position":"center center","background-size":"auto","background-attachment":"scroll","background-type":"","background-media":"","overlay-type":"","overlay-color":"","overlay-opacity":"","overlay-gradient":""},"mobile":{"background-color":"var(--ast-global-color-5)","background-image":"","background-repeat":"repeat","background-position":"center center","background-size":"auto","background-attachment":"scroll","background-type":"","background-media":"","overlay-type":"","overlay-color":"","overlay-opacity":"","overlay-gradient":""}},"footnotes":""},"categories":[8],"tags":[],"class_list":["post-698","post","type-post","status-publish","format-standard","has-post-thumbnail","hentry","category-noticias"],"_links":{"self":[{"href":"https:\/\/losperiodistas.com.mx\/portal\/wp-json\/wp\/v2\/posts\/698","targetHints":{"allow":["GET"]}}],"collection":[{"href":"https:\/\/losperiodistas.com.mx\/portal\/wp-json\/wp\/v2\/posts"}],"about":[{"href":"https:\/\/losperiodistas.com.mx\/portal\/wp-json\/wp\/v2\/types\/post"}],"author":[{"embeddable":true,"href":"https:\/\/losperiodistas.com.mx\/portal\/wp-json\/wp\/v2\/users\/1"}],"replies":[{"embeddable":true,"href":"https:\/\/losperiodistas.com.mx\/portal\/wp-json\/wp\/v2\/comments?post=698"}],"version-history":[{"count":1,"href":"https:\/\/losperiodistas.com.mx\/portal\/wp-json\/wp\/v2\/posts\/698\/revisions"}],"predecessor-version":[{"id":700,"href":"https:\/\/losperiodistas.com.mx\/portal\/wp-json\/wp\/v2\/posts\/698\/revisions\/700"}],"wp:featuredmedia":[{"embeddable":true,"href":"https:\/\/losperiodistas.com.mx\/portal\/wp-json\/wp\/v2\/media\/699"}],"wp:attachment":[{"href":"https:\/\/losperiodistas.com.mx\/portal\/wp-json\/wp\/v2\/media?parent=698"}],"wp:term":[{"taxonomy":"category","embeddable":true,"href":"https:\/\/losperiodistas.com.mx\/portal\/wp-json\/wp\/v2\/categories?post=698"},{"taxonomy":"post_tag","embeddable":true,"href":"https:\/\/losperiodistas.com.mx\/portal\/wp-json\/wp\/v2\/tags?post=698"}],"curies":[{"name":"wp","href":"https:\/\/api.w.org\/{rel}","templated":true}]}}