{"id":6977,"date":"2021-04-16T08:34:09","date_gmt":"2021-04-16T13:34:09","guid":{"rendered":"http:\/\/losperiodistas.com.mx\/portal\/?p=6977"},"modified":"2021-04-16T08:34:10","modified_gmt":"2021-04-16T13:34:10","slug":"gustavo-dudamel-nuevo-director-musical-de-la-opera-de-paris-la-vanguardia","status":"publish","type":"post","link":"https:\/\/losperiodistas.com.mx\/portal\/gustavo-dudamel-nuevo-director-musical-de-la-opera-de-paris-la-vanguardia\/","title":{"rendered":"Gustavo Dudamel, nuevo director musical de la \u00d3pera de Par\u00eds | La Vanguardia"},"content":{"rendered":"\n<p style=\"font-size:18px\"><em>El m\u00fasico no abandonar\u00e1\u00a0la Orquesta Filarm\u00f3nica de Los \u00c1ngeles ni \u00abEl Sistema\u00bb de orquestas juveniles de Venezuela<\/em><\/p>\n\n\n\n<figure class=\"wp-block-image size-large\"><img fetchpriority=\"high\" decoding=\"async\" width=\"1024\" height=\"537\" src=\"https:\/\/losperiodistas.com.mx\/portal\/wp-content\/uploads\/2021\/04\/Captura-de-Pantalla-2021-04-16-a-las-8.31.05-1024x537.jpg\" alt=\"\" class=\"wp-image-6978\" srcset=\"https:\/\/losperiodistas.com.mx\/portal\/wp-content\/uploads\/2021\/04\/Captura-de-Pantalla-2021-04-16-a-las-8.31.05-1024x537.jpg 1024w, https:\/\/losperiodistas.com.mx\/portal\/wp-content\/uploads\/2021\/04\/Captura-de-Pantalla-2021-04-16-a-las-8.31.05-300x157.jpg 300w, https:\/\/losperiodistas.com.mx\/portal\/wp-content\/uploads\/2021\/04\/Captura-de-Pantalla-2021-04-16-a-las-8.31.05-768x403.jpg 768w, https:\/\/losperiodistas.com.mx\/portal\/wp-content\/uploads\/2021\/04\/Captura-de-Pantalla-2021-04-16-a-las-8.31.05-1536x805.jpg 1536w, https:\/\/losperiodistas.com.mx\/portal\/wp-content\/uploads\/2021\/04\/Captura-de-Pantalla-2021-04-16-a-las-8.31.05.jpg 1892w\" sizes=\"(max-width: 1024px) 100vw, 1024px\" \/><\/figure>\n\n\n\n<p><\/p>\n\n\n\n<p class=\"has-vivid-cyan-blue-color has-text-color has-medium-font-size\">AGENCIAS\/ LA VANGUARDIA<\/p>\n\n\n\n<p>El venezolano Gustavo Dudamel ser\u00e1 el nuevo director musical de la \u00d3pera de Par\u00eds para las pr\u00f3ximas seis temporadas tal como avanz\u00f3 en exclusiva&nbsp;<em>La Vanguardia.<\/em>&nbsp;As\u00ed lo anunci\u00f3 este viernes la instituci\u00f3n, una de las m\u00e1s prestigiosas del mundo en su g\u00e9nero.<\/p>\n\n\n\n<p>Dudamel \u00abes uno de los directores m\u00e1s talentosos y prestigiosos del mundo\u00bb, afirm\u00f3 en la presentaci\u00f3n el director general de la instituci\u00f3n, Alexander Neef. <\/p>\n\n\n\n<figure class=\"wp-block-embed is-type-rich is-provider-twitter wp-block-embed-twitter\"><div class=\"wp-block-embed__wrapper\">\n<blockquote class=\"twitter-tweet\" data-width=\"500\" data-dnt=\"true\"><p lang=\"fr\" dir=\"ltr\">L\u2019Op\u00e9ra national de Paris et son Directeur g\u00e9n\u00e9ral @aneef_opera sont heureux d\u2019annoncer l\u2019arriv\u00e9e de <a href=\"https:\/\/twitter.com\/GustavoDudamel?ref_src=twsrc%5Etfw\">@GustavoDudamel<\/a> au poste de Directeur musical \u00e0 partir du 1er ao\u00fbt 2021, pour six saisons.<a href=\"https:\/\/t.co\/0pynnbZfAo\">https:\/\/t.co\/0pynnbZfAo<\/a> <a href=\"https:\/\/t.co\/o8IZkca6xh\">pic.twitter.com\/o8IZkca6xh<\/a><\/p>&mdash; Op\u00e9ra de Paris (@operadeparis) <a href=\"https:\/\/twitter.com\/operadeparis\/status\/1382990913505492992?ref_src=twsrc%5Etfw\">April 16, 2021<\/a><\/blockquote><script async src=\"https:\/\/platform.twitter.com\/widgets.js\" charset=\"utf-8\"><\/script>\n<\/div><\/figure>\n\n\n\n<p>El m\u00fasico, compositor y director de orquesta venezolano, de 40 a\u00f1os, se\u00f1al\u00f3 por su parte que en su decisi\u00f3n influy\u00f3 su primera experiencia con los artistas de la \u00d3pera de Par\u00eds, en 2017, que \u00abfue simplemente magn\u00edfica\u00bb.<ins><\/ins><\/p>\n\n\n\n<p>En una conferencia de prensa, Dudamel explic\u00f3 que tiene la intenci\u00f3n de aumentar el repertorio y abrir la instituci\u00f3n a nuevos aires.<\/p>\n\n\n\n<h3 class=\"wp-block-heading\">Dudamel tiene la intenci\u00f3n de aumentar el repertorio y abrir la instituci\u00f3n a nuevos aires<\/h3>\n\n\n\n<p>\u00abDebemos explorarlo todo en una casa de una gran tradici\u00f3n como la \u00d3pera. Creo que hay espacio, intenci\u00f3n de poder explorarlo todo, desde el principio del repertorio hasta lo m\u00e1s moderno\u00bb, dijo.<\/p>\n\n\n\n<p>Tambi\u00e9n record\u00f3 su concepci\u00f3n del arte \u00abcomo poderos\u00edsima herramienta de transformaci\u00f3n social\u00bb, para lo que ya hay proyectos en la \u00d3pera de Par\u00eds, como la academia de ballet, \u00abque incrementaremos\u00bb. Adem\u00e1s, subray\u00f3&nbsp;\u00abEs un reto fascinante todo esto y lo asumo con optimismo y felicidad. Estoy ansioso de asumir el puesto\u00bb.<\/p>\n\n\n\n<h2 class=\"wp-block-heading\">Es un reto fascinante todo esto y lo asumo con optimismo y felicidad. Estoy ansioso de asumir el puesto<\/h2>\n\n\n\n<figure class=\"wp-block-image\"><img decoding=\"async\" src=\"https:\/\/www.lavanguardia.com\/files\/image_40_40\/uploads\/2021\/03\/02\/603d756ba90b1.jpeg\" alt=\"foto XAVIER CERVERA 10\/03\/2017 Gustavo Adolfo Dudamel Ram\u00edrez (Barquisimeto, Venezuela, 26 de enero de 1981) es un m\u00fasico, compositor y director de orquesta venezolano. Es director de la Orquesta Filarm\u00f3nica de Los \u00c1ngeles, de la Sinf\u00f3nica de Gotemburgo y de la Sinf\u00f3nica Sim\u00f3n Bol\u00edvar. En el art\u00edculo \u00abGustavo Dudamel: El hombre que rejuvenece la m\u00fasica cl\u00e1sica\u00bb de la revista National Geographic de octubre de 2010, fue calificado como un genio musical. En 2012 gan\u00f3 el Premio Grammy por la direcci\u00f3n de la Sinfon\u00eda n.\u00ba 4, de Johannes Brahms, interpretada por la Filarm\u00f3nica de Los \u00c1ngeles. retratado en el Palau de la M\u00fasica, Barcelona\"\/><\/figure>\n\n\n\n<p><strong>Gustavo DudamelDirector musical de la \u00d3pera de Par\u00eds para las pr\u00f3ximas seis temporadas<\/strong><\/p>\n\n\n\n<p>Dudamel dej\u00f3 claro que va a continuar con su proyecto \u00abEl Sistema\u00bb de orquestas juveniles de Venezuela, porque \u00abes mi familia\u00bb.&nbsp;Tambi\u00e9n continuar\u00e1 al frente de la Orquesta Filarm\u00f3nica de Los \u00c1ngeles, puesto al que lleg\u00f3 en 2009 y para el que tiene contrato hasta 2026.<\/p>\n\n\n\n<p>Neef explic\u00f3 que el nombramiento se inscribe \u00aben una voluntad de apertura y de compromiso\u00bb de la instituci\u00f3n, con un \u00abproyecto ambicioso\u00bb para ampliar el repertorio de lo cl\u00e1sico a lo contempor\u00e1neo, y destac\u00f3 especialmente \u00abla convicci\u00f3n\u00bb de Dudamel de que \u00abhay que hacer la cultura accesible a todos\u00bb.&nbsp;Lee tambi\u00e9n<\/p>\n\n\n\n<h2 class=\"wp-block-heading\"><a href=\"https:\/\/www.lavanguardia.com\/cultura\/20210315\/6375671\/gustavo-dudamel-grammy-liceu-premios-otello.html\">Gustavo Dudamel recibe el Grammy en plenos ensayos de &#8216;Otello&#8217; en el Liceu<\/a><\/h2>\n\n\n\n<p>MARICEL CHAVARR\u00cdA<\/p>\n\n\n\n<figure class=\"wp-block-image\"><img decoding=\"async\" src=\"https:\/\/www.lavanguardia.com\/files\/image_334_164\/files\/fp\/uploads\/2021\/03\/15\/604f851028742.r_d.2496-1310.jpeg\" alt=\"Gustavo Dudamel en su visita a Barcelona, en septiembre del 2020, cuando present\u00f3 Symphony en el CosmoCaixa.\"\/><\/figure>\n\n\n\n<p>Fuente: https:\/\/www.lavanguardia.com\/cultura\/20210416\/6916142\/gustavo-dudamel-nuevo-director-musical-opera-paris.html<\/p>\n","protected":false},"excerpt":{"rendered":"<p>El m\u00fasico no abandonar\u00e1\u00a0la Orquesta Filarm\u00f3nica de Los \u00c1ngeles ni \u00abEl Sistema\u00bb de orquestas juveniles de Venezuela AGENCIAS\/ LA VANGUARDIA [&hellip;]<\/p>\n","protected":false},"author":1,"featured_media":6978,"comment_status":"open","ping_status":"open","sticky":false,"template":"","format":"standard","meta":{"site-sidebar-layout":"default","site-content-layout":"","ast-site-content-layout":"default","site-content-style":"default","site-sidebar-style":"default","ast-global-header-display":"","ast-banner-title-visibility":"","ast-main-header-display":"","ast-hfb-above-header-display":"","ast-hfb-below-header-display":"","ast-hfb-mobile-header-display":"","site-post-title":"","ast-breadcrumbs-content":"","ast-featured-img":"","footer-sml-layout":"","theme-transparent-header-meta":"","adv-header-id-meta":"","stick-header-meta":"","header-above-stick-meta":"","header-main-stick-meta":"","header-below-stick-meta":"","astra-migrate-meta-layouts":"default","ast-page-background-enabled":"default","ast-page-background-meta":{"desktop":{"background-color":"var(--ast-global-color-4)","background-image":"","background-repeat":"repeat","background-position":"center center","background-size":"auto","background-attachment":"scroll","background-type":"","background-media":"","overlay-type":"","overlay-color":"","overlay-opacity":"","overlay-gradient":""},"tablet":{"background-color":"","background-image":"","background-repeat":"repeat","background-position":"center center","background-size":"auto","background-attachment":"scroll","background-type":"","background-media":"","overlay-type":"","overlay-color":"","overlay-opacity":"","overlay-gradient":""},"mobile":{"background-color":"","background-image":"","background-repeat":"repeat","background-position":"center center","background-size":"auto","background-attachment":"scroll","background-type":"","background-media":"","overlay-type":"","overlay-color":"","overlay-opacity":"","overlay-gradient":""}},"ast-content-background-meta":{"desktop":{"background-color":"var(--ast-global-color-5)","background-image":"","background-repeat":"repeat","background-position":"center center","background-size":"auto","background-attachment":"scroll","background-type":"","background-media":"","overlay-type":"","overlay-color":"","overlay-opacity":"","overlay-gradient":""},"tablet":{"background-color":"var(--ast-global-color-5)","background-image":"","background-repeat":"repeat","background-position":"center center","background-size":"auto","background-attachment":"scroll","background-type":"","background-media":"","overlay-type":"","overlay-color":"","overlay-opacity":"","overlay-gradient":""},"mobile":{"background-color":"var(--ast-global-color-5)","background-image":"","background-repeat":"repeat","background-position":"center center","background-size":"auto","background-attachment":"scroll","background-type":"","background-media":"","overlay-type":"","overlay-color":"","overlay-opacity":"","overlay-gradient":""}},"footnotes":""},"categories":[8],"tags":[1055,1031,1053,1054],"class_list":["post-6977","post","type-post","status-publish","format-standard","has-post-thumbnail","hentry","category-noticias","tag-el-sistema-venezuela","tag-gustavo-dudamel","tag-opera-de-paris","tag-orquesta-filarmonica-de-los-angeles"],"_links":{"self":[{"href":"https:\/\/losperiodistas.com.mx\/portal\/wp-json\/wp\/v2\/posts\/6977","targetHints":{"allow":["GET"]}}],"collection":[{"href":"https:\/\/losperiodistas.com.mx\/portal\/wp-json\/wp\/v2\/posts"}],"about":[{"href":"https:\/\/losperiodistas.com.mx\/portal\/wp-json\/wp\/v2\/types\/post"}],"author":[{"embeddable":true,"href":"https:\/\/losperiodistas.com.mx\/portal\/wp-json\/wp\/v2\/users\/1"}],"replies":[{"embeddable":true,"href":"https:\/\/losperiodistas.com.mx\/portal\/wp-json\/wp\/v2\/comments?post=6977"}],"version-history":[{"count":1,"href":"https:\/\/losperiodistas.com.mx\/portal\/wp-json\/wp\/v2\/posts\/6977\/revisions"}],"predecessor-version":[{"id":6979,"href":"https:\/\/losperiodistas.com.mx\/portal\/wp-json\/wp\/v2\/posts\/6977\/revisions\/6979"}],"wp:featuredmedia":[{"embeddable":true,"href":"https:\/\/losperiodistas.com.mx\/portal\/wp-json\/wp\/v2\/media\/6978"}],"wp:attachment":[{"href":"https:\/\/losperiodistas.com.mx\/portal\/wp-json\/wp\/v2\/media?parent=6977"}],"wp:term":[{"taxonomy":"category","embeddable":true,"href":"https:\/\/losperiodistas.com.mx\/portal\/wp-json\/wp\/v2\/categories?post=6977"},{"taxonomy":"post_tag","embeddable":true,"href":"https:\/\/losperiodistas.com.mx\/portal\/wp-json\/wp\/v2\/tags?post=6977"}],"curies":[{"name":"wp","href":"https:\/\/api.w.org\/{rel}","templated":true}]}}