{"id":69749,"date":"2024-03-02T09:32:13","date_gmt":"2024-03-02T15:32:13","guid":{"rendered":"https:\/\/losperiodistas.com.mx\/portal\/?p=69749"},"modified":"2024-03-02T09:32:15","modified_gmt":"2024-03-02T15:32:15","slug":"se-necesita-coraje-sin-protagonismo-para-ejercer-la-justicia-vatican-news","status":"publish","type":"post","link":"https:\/\/losperiodistas.com.mx\/portal\/se-necesita-coraje-sin-protagonismo-para-ejercer-la-justicia-vatican-news\/","title":{"rendered":"Se necesita coraje sin protagonismo para ejercer la justicia | Vatican News"},"content":{"rendered":"\n<p class=\"has-luminous-vivid-amber-background-color has-background has-medium-font-size\">Durante la audiencia de inauguraci\u00f3n del 95\u00ba a\u00f1o judicial del Tribunal del Estado de la Ciudad del Vaticano, Francisco subray\u00f3 que ante la injusticia y las duras pruebas, como las guerras y las violaciones de los derechos humanos, no hay que resignarse, sino mostrar indignaci\u00f3n y tener la fuerza para intentar cambiar \u00ablas realidades inaceptables\u00bb<\/p>\n\n\n\n<p><\/p>\n\n\n\n<figure class=\"wp-block-image size-large\"><img fetchpriority=\"high\" decoding=\"async\" width=\"1024\" height=\"502\" src=\"https:\/\/losperiodistas.com.mx\/portal\/wp-content\/uploads\/2024\/03\/Captura-de-Pantalla-2024-03-02-a-las-9.28.18-1024x502.jpg\" alt=\"\" class=\"wp-image-69752\" srcset=\"https:\/\/losperiodistas.com.mx\/portal\/wp-content\/uploads\/2024\/03\/Captura-de-Pantalla-2024-03-02-a-las-9.28.18-1024x502.jpg 1024w, https:\/\/losperiodistas.com.mx\/portal\/wp-content\/uploads\/2024\/03\/Captura-de-Pantalla-2024-03-02-a-las-9.28.18-300x147.jpg 300w, https:\/\/losperiodistas.com.mx\/portal\/wp-content\/uploads\/2024\/03\/Captura-de-Pantalla-2024-03-02-a-las-9.28.18-768x377.jpg 768w, https:\/\/losperiodistas.com.mx\/portal\/wp-content\/uploads\/2024\/03\/Captura-de-Pantalla-2024-03-02-a-las-9.28.18.jpg 1500w\" sizes=\"(max-width: 1024px) 100vw, 1024px\" \/><figcaption>El Papa en la inauguraci\u00f3n del A\u00f1o Judicial del Tribunal del Estado de la Ciudad del Vaticano\u00a0 (VATICAN MEDIA Divisione Foto)<\/figcaption><\/figure>\n\n\n\n<p class=\"has-vivid-red-color has-text-color has-medium-font-size\"><strong>Amedeo Lomonaco \/ VATICAN NEWS<\/strong><\/p>\n\n\n\n<p>La valent\u00eda, unida a la fortaleza, asegura \u00abla constancia en la b\u00fasqueda del bien y hace capaz de afrontar la prueba\u00bb. El Papa, en la audiencia con motivo de la inauguraci\u00f3n del 95 \u00ba a\u00f1o judicial del Tribunal Vaticano, reflexiona sobre esta virtud que no representa \u00abuna cualidad particular del alma caracter\u00edstica de algunas personas heroicas\u00bb.<\/p>\n\n\n\n<p>Como ha ocurrido en los \u00faltimos d\u00edas Francisco, que padece de bronquitis, dej\u00f3 la lectura del discurso a monse\u00f1or Filippo Ciampanelli, de la Secretar\u00eda de Estado.<\/p>\n\n\n\n<h2 class=\"wp-block-heading\"><strong>La valent\u00eda es la fuerza para no resignarse ante las injusticias<\/strong><\/h2>\n\n\n\n<p>En su reflexi\u00f3n, el Papa subraya que la valent\u00eda es algo en lo que piensa \u00abvarias veces al seguir los acontecimientos que afectan a la administraci\u00f3n de justicia, tambi\u00e9n en el Estado de la Ciudad del Vaticano\u00bb. Esta virtud, a\u00f1ade el Pont\u00edfice, es \u00abun rasgo que se otorga y fortalece en el encuentro con Cristo, como fruto de la acci\u00f3n del Esp\u00edritu Santo que cualquiera puede recibir, si lo invoca\u00bb. La valent\u00eda, explica el Papa, desorienta a los corruptos y \u00ablos arrincona, por as\u00ed decirlo, con el coraz\u00f3n cerrado y endurecido\u00bb.<\/p>\n\n\n\n<p><em>Incluso en las sociedades bien organizadas, bien reguladas y apoyadas por las instituciones, sigue siendo necesario el valor personal para afrontar las distintas situaciones. Sin esta sana audacia, se corre el riesgo de ceder a la resignaci\u00f3n y se acaban pasando por alto muchos peque\u00f1os y grandes abusos.<\/em><\/p>\n\n\n\n<blockquote class=\"wp-block-quote is-layout-flow wp-block-quote-is-layout-flow\"><p>\u201cQuien es valiente no busca su propio protagonismo, sino la solidaridad con sus hermanos que soportan el peso de sus miedos y debilidades\u201d<\/p><\/blockquote>\n\n\n\n<p><em>Vemos con admiraci\u00f3n esta valent\u00eda en tantos hombres y mujeres que viven pruebas muy duras: pensemos en las v\u00edctimas de las guerras, o en quienes sufren continuas violaciones de los derechos humanos, entre ellos los numerosos cristianos perseguidos.<\/em><\/p>\n\n\n\n<blockquote class=\"wp-block-quote is-layout-flow wp-block-quote-is-layout-flow\"><p>\u201cAnte estas injusticias, el Esp\u00edritu nos da la fuerza para no resignarnos, suscita en nosotros indignaci\u00f3n y valent\u00eda: indignaci\u00f3n ante estas realidades inaceptables, y valent\u00eda para intentar cambiarlas\u201d<\/p><\/blockquote>\n\n\n\n<h2 class=\"wp-block-heading\"><strong>Se necesita valor para determinar la verdad<\/strong><\/h2>\n\n\n\n<p>Con valent\u00eda, dice Francisco, estamos llamados \u00aba afrontar incluso las dificultades de la vida cotidiana, en la familia y en la sociedad, a comprometernos por el futuro de nuestros hijos, a cuidar la casa com\u00fan, y a asumir nuestras responsabilidades profesionales\u00bb.<\/p>\n\n\n\n<p>Dirigi\u00e9ndose a los magistrados del Tribunal Vaticano, el Pont\u00edfice subraya que, junto a la prudencia y la justicia, \u00abla tarea de juzgar requiere las virtudes de la fortaleza y el coraje, sin las cuales la sabidur\u00eda corre el riesgo de permanecer est\u00e9ril\u00bb. \u00abSe necesita valor \u2013 recuerda el Papa \u2013 para llegar hasta el final en la rigurosa averiguaci\u00f3n de la verdad\u00bb.<\/p>\n\n\n\n<blockquote class=\"wp-block-quote is-layout-flow wp-block-quote-is-layout-flow\"><p>\u201cEsto tambi\u00e9n se aplica cuando surgen conductas especialmente graves y escandalosas que deben ser sancionadas, tanto m\u00e1s cuando se producen en el seno de la comunidad cristiana. Se necesita valent\u00eda mientras uno se dedica a garantizar el debido proceso y es objeto de cr\u00edticas\u201d<\/p><\/blockquote>\n\n\n\n<p><em>La solidez de las instituciones y la firmeza de la administraci\u00f3n de la justicia quedan demostradas por la serenidad de juicio, la independencia y la imparcialidad de quienes est\u00e1n llamados, en las distintas fases del proceso, a juzgar. La mejor respuesta es el silencio laborioso y la seriedad en el trabajo, que permiten a nuestros Tribunales administrar justicia con autoridad e imparcialidad, garantizando un juicio justo, respetando las peculiaridades del sistema vaticano.<\/em><\/p>\n\n\n\n<h2 class=\"wp-block-heading\"><strong>Que el valor sea sostenido por la oraci\u00f3n<\/strong><\/h2>\n\n\n\n<p>Se necesita valor para \u00abimplorar en la oraci\u00f3n que la luz del Esp\u00edritu Santo ilumine siempre el discernimiento necesario para llegar a un juicio justo\u00bb.<\/p>\n\n\n\n<p><em>Tambi\u00e9n en este contexto, quisiera recordar que el discernimiento se hace \u00abde rodillas\u00bb, implorando el don del Esp\u00edritu Santo, para poder llegar a decisiones que vayan en la direcci\u00f3n del bien de las personas y de toda la comunidad eclesial. De hecho, como afirma la Ley del CCCLI sobre el orden del Estado, \u00abadministrar justicia no es s\u00f3lo una necesidad temporal.<\/em><\/p>\n\n\n\n<p><em>La virtud cardinal de la justicia, en efecto, ilumina y sintetiza la finalidad misma del poder judicial propio de todo Estado, para cuyo cultivo es esencial, ante todo, el compromiso personal, generoso y responsable de quienes est\u00e1n investidos de la funci\u00f3n judicial.<\/em><\/p>\n\n\n\n<blockquote class=\"wp-block-quote is-layout-flow wp-block-quote-is-layout-flow\"><p>\u201cEste compromiso pide ser sostenido por la oraci\u00f3n. No hay que tener miedo a perder el tiempo dedic\u00e1ndole abundantemente. Y esto requiere tambi\u00e9n valor y fortaleza\u201d<\/p><\/blockquote>\n\n\n\n<p>A los magistrados del Tribunal y de la Oficina del Promotor, Francisco desea finalmente que en el servicio de la justicia \u00abmantengan siempre, junto a la prudencia, el valor cristiano\u00bb.<\/p>\n\n\n\n<h2 class=\"wp-block-heading\"><strong>Un a\u00f1o marcado por importantes juicios<\/strong><\/h2>\n\n\n\n<p>En su discurso de saludo al Santo Padre, el promotor de justicia, el profesor Alessandro Diddi, record\u00f3 que \u00abel a\u00f1o que acaba de concluir ha estado marcado por la celebraci\u00f3n de importantes procesos, tanto en el \u00e1mbito civil como en el penal, que han sido seguidos con gran atenci\u00f3n por la prensa, incluida la extranjera\u00bb.<\/p>\n\n\n\n<p>Y que, \u00abgracias al esfuerzo y empe\u00f1o de los magistrados del Tribunal y de las Cortes, as\u00ed como del personal administrativo, pudo concluirse en un tiempo muy breve y sin que en ning\u00fan momento, como tributo a la eficiencia, se renunciara a las garant\u00edas del debido proceso\u00bb.<\/p>\n","protected":false},"excerpt":{"rendered":"<p>Durante la audiencia de inauguraci\u00f3n del 95\u00ba a\u00f1o judicial del Tribunal del Estado de la Ciudad del Vaticano, Francisco subray\u00f3 [&hellip;]<\/p>\n","protected":false},"author":1,"featured_media":69752,"comment_status":"open","ping_status":"open","sticky":false,"template":"","format":"standard","meta":{"site-sidebar-layout":"default","site-content-layout":"","ast-site-content-layout":"default","site-content-style":"default","site-sidebar-style":"default","ast-global-header-display":"","ast-banner-title-visibility":"","ast-main-header-display":"","ast-hfb-above-header-display":"","ast-hfb-below-header-display":"","ast-hfb-mobile-header-display":"","site-post-title":"","ast-breadcrumbs-content":"","ast-featured-img":"","footer-sml-layout":"","theme-transparent-header-meta":"","adv-header-id-meta":"","stick-header-meta":"","header-above-stick-meta":"","header-main-stick-meta":"","header-below-stick-meta":"","astra-migrate-meta-layouts":"default","ast-page-background-enabled":"default","ast-page-background-meta":{"desktop":{"background-color":"var(--ast-global-color-4)","background-image":"","background-repeat":"repeat","background-position":"center center","background-size":"auto","background-attachment":"scroll","background-type":"","background-media":"","overlay-type":"","overlay-color":"","overlay-opacity":"","overlay-gradient":""},"tablet":{"background-color":"","background-image":"","background-repeat":"repeat","background-position":"center center","background-size":"auto","background-attachment":"scroll","background-type":"","background-media":"","overlay-type":"","overlay-color":"","overlay-opacity":"","overlay-gradient":""},"mobile":{"background-color":"","background-image":"","background-repeat":"repeat","background-position":"center center","background-size":"auto","background-attachment":"scroll","background-type":"","background-media":"","overlay-type":"","overlay-color":"","overlay-opacity":"","overlay-gradient":""}},"ast-content-background-meta":{"desktop":{"background-color":"var(--ast-global-color-5)","background-image":"","background-repeat":"repeat","background-position":"center center","background-size":"auto","background-attachment":"scroll","background-type":"","background-media":"","overlay-type":"","overlay-color":"","overlay-opacity":"","overlay-gradient":""},"tablet":{"background-color":"var(--ast-global-color-5)","background-image":"","background-repeat":"repeat","background-position":"center center","background-size":"auto","background-attachment":"scroll","background-type":"","background-media":"","overlay-type":"","overlay-color":"","overlay-opacity":"","overlay-gradient":""},"mobile":{"background-color":"var(--ast-global-color-5)","background-image":"","background-repeat":"repeat","background-position":"center center","background-size":"auto","background-attachment":"scroll","background-type":"","background-media":"","overlay-type":"","overlay-color":"","overlay-opacity":"","overlay-gradient":""}},"footnotes":""},"categories":[8],"tags":[22952,22954,196,15312],"class_list":["post-69749","post","type-post","status-publish","format-standard","has-post-thumbnail","hentry","category-noticias","tag-coraje-sin-protagonismo","tag-ejercer-la-justicia","tag-papa-francisco","tag-tribunal-vaticano"],"_links":{"self":[{"href":"https:\/\/losperiodistas.com.mx\/portal\/wp-json\/wp\/v2\/posts\/69749","targetHints":{"allow":["GET"]}}],"collection":[{"href":"https:\/\/losperiodistas.com.mx\/portal\/wp-json\/wp\/v2\/posts"}],"about":[{"href":"https:\/\/losperiodistas.com.mx\/portal\/wp-json\/wp\/v2\/types\/post"}],"author":[{"embeddable":true,"href":"https:\/\/losperiodistas.com.mx\/portal\/wp-json\/wp\/v2\/users\/1"}],"replies":[{"embeddable":true,"href":"https:\/\/losperiodistas.com.mx\/portal\/wp-json\/wp\/v2\/comments?post=69749"}],"version-history":[{"count":1,"href":"https:\/\/losperiodistas.com.mx\/portal\/wp-json\/wp\/v2\/posts\/69749\/revisions"}],"predecessor-version":[{"id":69753,"href":"https:\/\/losperiodistas.com.mx\/portal\/wp-json\/wp\/v2\/posts\/69749\/revisions\/69753"}],"wp:featuredmedia":[{"embeddable":true,"href":"https:\/\/losperiodistas.com.mx\/portal\/wp-json\/wp\/v2\/media\/69752"}],"wp:attachment":[{"href":"https:\/\/losperiodistas.com.mx\/portal\/wp-json\/wp\/v2\/media?parent=69749"}],"wp:term":[{"taxonomy":"category","embeddable":true,"href":"https:\/\/losperiodistas.com.mx\/portal\/wp-json\/wp\/v2\/categories?post=69749"},{"taxonomy":"post_tag","embeddable":true,"href":"https:\/\/losperiodistas.com.mx\/portal\/wp-json\/wp\/v2\/tags?post=69749"}],"curies":[{"name":"wp","href":"https:\/\/api.w.org\/{rel}","templated":true}]}}