{"id":69746,"date":"2024-03-02T08:53:34","date_gmt":"2024-03-02T14:53:34","guid":{"rendered":"https:\/\/losperiodistas.com.mx\/portal\/?p=69746"},"modified":"2024-03-02T08:53:36","modified_gmt":"2024-03-02T14:53:36","slug":"preparate-para-el-4to-festival-del-pulque-gastronomia-tipica-y-mezcal-la-campina","status":"publish","type":"post","link":"https:\/\/losperiodistas.com.mx\/portal\/preparate-para-el-4to-festival-del-pulque-gastronomia-tipica-y-mezcal-la-campina\/","title":{"rendered":"Prep\u00e1rate para el 4to. Festival del Pulque, Gastronom\u00eda T\u00edpica y Mezcal | La Campi\u00f1a"},"content":{"rendered":"\n<h2 class=\"has-light-green-cyan-background-color has-background has-medium-font-size wp-block-heading\">El festival es impulsado por las Adelitas Empresarias, un grupo de mujeres quienes desde Tlaxcala impulsan el amor por M\u00e9xico a trav\u00e9s de sus tradiciones y costumbres.<\/h2>\n\n\n\n<figure class=\"wp-block-image size-full\"><img fetchpriority=\"high\" decoding=\"async\" width=\"650\" height=\"433\" src=\"https:\/\/losperiodistas.com.mx\/portal\/wp-content\/uploads\/2024\/03\/adelitas.jpeg\" alt=\"\" class=\"wp-image-69747\" srcset=\"https:\/\/losperiodistas.com.mx\/portal\/wp-content\/uploads\/2024\/03\/adelitas.jpeg 650w, https:\/\/losperiodistas.com.mx\/portal\/wp-content\/uploads\/2024\/03\/adelitas-300x200.jpeg 300w\" sizes=\"(max-width: 650px) 100vw, 650px\" \/><figcaption>Fotograf\u00eda: Adelitas Empresarias<\/figcaption><\/figure>\n\n\n\n<p class=\"has-vivid-red-color has-text-color has-medium-font-size\"><strong>REDACCI\u00d3N LA CAMPI\u00d1A<\/strong><\/p>\n\n\n\n<p><strong>M\u00c9XICO.-<\/strong>&nbsp;Con el arribo de la primavera llegar\u00e1 los d\u00edas 16 y 17 de Marzo el Festival del Pulque, Gastronom\u00eda t\u00edpica y Mezcal en su 4ta edici\u00f3n, impulsado por las Adelitas Empresarias, un grupo de mujeres quienes desde Tlaxcala impulsan el amor por M\u00e9xico a trav\u00e9s de sus tradiciones y costumbres.<\/p>\n\n\n\n<p>El evento reunir\u00e1 en Dom\u00e9stico Condesa, en la Ciudad de M\u00e9xico, los mejores mezcales, pulques y gastronom\u00eda de M\u00e9xico junto con m\u00fasica en vivo: salsa, bandas sinaloenses, norte\u00f1os, concursos, un tributo a Caifanes y hasta un tributo a Metallica.<\/p>\n\n\n\n<figure class=\"wp-block-embed is-type-wp-embed is-provider-revista-la-campina wp-block-embed-revista-la-campina\"><div class=\"wp-block-embed__wrapper\">\n<blockquote class=\"wp-embedded-content\" data-secret=\"0rEOd8NRTZ\"><a href=\"https:\/\/revistalacampina.mx\/2023\/03\/08\/mujeres-y-pulque-una-relacion-historica-cobijada-por-mayahuel\/\">Mujeres y pulque, una relaci\u00f3n hist\u00f3rica cobijada por Mayahuel<\/a><\/blockquote><iframe class=\"wp-embedded-content\" sandbox=\"allow-scripts\" security=\"restricted\" style=\"position: absolute; visibility: hidden;\" title=\"&#8220;Mujeres y pulque, una relaci\u00f3n hist\u00f3rica cobijada por Mayahuel&#8221; &#8212; Revista la Campi\u00f1a\" src=\"https:\/\/revistalacampina.mx\/2023\/03\/08\/mujeres-y-pulque-una-relacion-historica-cobijada-por-mayahuel\/embed\/#?secret=obVsb2Co2m#?secret=0rEOd8NRTZ\" data-secret=\"0rEOd8NRTZ\" width=\"500\" height=\"282\" frameborder=\"0\" marginwidth=\"0\" marginheight=\"0\" scrolling=\"no\"><\/iframe>\n<\/div><\/figure>\n\n\n\n<p>El Festival del Pulque, Gastronom\u00eda t\u00edpica y Mezcal se ha convertido en un punto de encuentro entre maestros mezcaleros y pulqueros de diferentes regiones del pa\u00eds. Entre los estados que resaltan por su aportaci\u00f3n cultural est\u00e1n Oaxaca, Hidalgo, Tlaxcala, Michoac\u00e1n, Sonora, Estado de M\u00e9xico, Puebla, Guerrero, entre otros.<\/p>\n\n\n\n<p>Tambi\u00e9n participar\u00e1n emprendedores y artesanos que lideran alguna iniciativa relacionada con textiles, artesan\u00edas, joyer\u00eda, cuidado personal, reposter\u00eda, botanas, velas y muchos m\u00e1s.<\/p>\n\n\n\n<p><strong>\u00bfQuieres reservar tus entradas?<\/strong><\/p>\n\n\n\n<p>Ingresa a www.adelitasempresarias.com, con base en las bandas de tu inter\u00e9s reserva el d\u00eda de tu elecci\u00f3n junto con el n\u00famero de entradas que desees.<\/p>\n\n\n\n<p><strong>Costo de entrada<\/strong><\/p>\n\n\n\n<ul class=\"wp-block-list\"><li>Costo de ingreso con previo registro: $30.<\/li><li>Costo de ingreso sin previo registro: $50<\/li><\/ul>\n\n\n\n<p><strong>Incluye:<\/strong><\/p>\n\n\n\n<ul class=\"wp-block-list\"><li>Una jicarita artesanal para pruebas de pulque y mezcal. Por sus propiedades es perfecta para degustar estas deliciosas bebidas prehisp\u00e1nicas.<\/li><li>Un boleto para la rifa de una canasta de mezcales y otros productos la cual se llevar\u00e1 a cabo el d\u00eda domingo a las 20:00 horas.<\/li><li>Acceso a todos los espect\u00e1culos de tu elecci\u00f3n impulsando as\u00ed el talento mexicano.<\/li><\/ul>\n\n\n\n<p>Fuente: <a href=\"https:\/\/revistalacampina.mx\/2024\/02\/29\/preparate-para-el-4to-festival-del-pulque-gastronomia-tipica-y-mezcal\/\">https:\/\/revistalacampina.mx\/2024\/02\/29\/preparate-para-el-4to-festival-del-pulque-gastronomia-tipica-y-mezcal\/<\/a><\/p>\n","protected":false},"excerpt":{"rendered":"<p>El festival es impulsado por las Adelitas Empresarias, un grupo de mujeres quienes desde Tlaxcala impulsan el amor por M\u00e9xico [&hellip;]<\/p>\n","protected":false},"author":1,"featured_media":69747,"comment_status":"open","ping_status":"open","sticky":false,"template":"","format":"standard","meta":{"site-sidebar-layout":"default","site-content-layout":"","ast-site-content-layout":"default","site-content-style":"default","site-sidebar-style":"default","ast-global-header-display":"","ast-banner-title-visibility":"","ast-main-header-display":"","ast-hfb-above-header-display":"","ast-hfb-below-header-display":"","ast-hfb-mobile-header-display":"","site-post-title":"","ast-breadcrumbs-content":"","ast-featured-img":"","footer-sml-layout":"","theme-transparent-header-meta":"","adv-header-id-meta":"","stick-header-meta":"","header-above-stick-meta":"","header-main-stick-meta":"","header-below-stick-meta":"","astra-migrate-meta-layouts":"default","ast-page-background-enabled":"default","ast-page-background-meta":{"desktop":{"background-color":"var(--ast-global-color-4)","background-image":"","background-repeat":"repeat","background-position":"center center","background-size":"auto","background-attachment":"scroll","background-type":"","background-media":"","overlay-type":"","overlay-color":"","overlay-opacity":"","overlay-gradient":""},"tablet":{"background-color":"","background-image":"","background-repeat":"repeat","background-position":"center center","background-size":"auto","background-attachment":"scroll","background-type":"","background-media":"","overlay-type":"","overlay-color":"","overlay-opacity":"","overlay-gradient":""},"mobile":{"background-color":"","background-image":"","background-repeat":"repeat","background-position":"center center","background-size":"auto","background-attachment":"scroll","background-type":"","background-media":"","overlay-type":"","overlay-color":"","overlay-opacity":"","overlay-gradient":""}},"ast-content-background-meta":{"desktop":{"background-color":"var(--ast-global-color-5)","background-image":"","background-repeat":"repeat","background-position":"center center","background-size":"auto","background-attachment":"scroll","background-type":"","background-media":"","overlay-type":"","overlay-color":"","overlay-opacity":"","overlay-gradient":""},"tablet":{"background-color":"var(--ast-global-color-5)","background-image":"","background-repeat":"repeat","background-position":"center center","background-size":"auto","background-attachment":"scroll","background-type":"","background-media":"","overlay-type":"","overlay-color":"","overlay-opacity":"","overlay-gradient":""},"mobile":{"background-color":"var(--ast-global-color-5)","background-image":"","background-repeat":"repeat","background-position":"center center","background-size":"auto","background-attachment":"scroll","background-type":"","background-media":"","overlay-type":"","overlay-color":"","overlay-opacity":"","overlay-gradient":""}},"footnotes":""},"categories":[8],"tags":[6813,22951,22950,6836,7437,7133],"class_list":["post-69746","post","type-post","status-publish","format-standard","has-post-thumbnail","hentry","category-noticias","tag-adelitas-empresarias","tag-domestico-condesa","tag-gastronomia-tipica","tag-mezcal","tag-pulque","tag-tlaxcala"],"_links":{"self":[{"href":"https:\/\/losperiodistas.com.mx\/portal\/wp-json\/wp\/v2\/posts\/69746","targetHints":{"allow":["GET"]}}],"collection":[{"href":"https:\/\/losperiodistas.com.mx\/portal\/wp-json\/wp\/v2\/posts"}],"about":[{"href":"https:\/\/losperiodistas.com.mx\/portal\/wp-json\/wp\/v2\/types\/post"}],"author":[{"embeddable":true,"href":"https:\/\/losperiodistas.com.mx\/portal\/wp-json\/wp\/v2\/users\/1"}],"replies":[{"embeddable":true,"href":"https:\/\/losperiodistas.com.mx\/portal\/wp-json\/wp\/v2\/comments?post=69746"}],"version-history":[{"count":1,"href":"https:\/\/losperiodistas.com.mx\/portal\/wp-json\/wp\/v2\/posts\/69746\/revisions"}],"predecessor-version":[{"id":69748,"href":"https:\/\/losperiodistas.com.mx\/portal\/wp-json\/wp\/v2\/posts\/69746\/revisions\/69748"}],"wp:featuredmedia":[{"embeddable":true,"href":"https:\/\/losperiodistas.com.mx\/portal\/wp-json\/wp\/v2\/media\/69747"}],"wp:attachment":[{"href":"https:\/\/losperiodistas.com.mx\/portal\/wp-json\/wp\/v2\/media?parent=69746"}],"wp:term":[{"taxonomy":"category","embeddable":true,"href":"https:\/\/losperiodistas.com.mx\/portal\/wp-json\/wp\/v2\/categories?post=69746"},{"taxonomy":"post_tag","embeddable":true,"href":"https:\/\/losperiodistas.com.mx\/portal\/wp-json\/wp\/v2\/tags?post=69746"}],"curies":[{"name":"wp","href":"https:\/\/api.w.org\/{rel}","templated":true}]}}