{"id":69743,"date":"2024-03-02T08:40:09","date_gmt":"2024-03-02T14:40:09","guid":{"rendered":"https:\/\/losperiodistas.com.mx\/portal\/?p=69743"},"modified":"2024-03-02T08:40:11","modified_gmt":"2024-03-02T14:40:11","slug":"leyes-acida-y-monzon-en-puebla-entre-la-celebracion-y-varios-retos-pendientes-oem","status":"publish","type":"post","link":"https:\/\/losperiodistas.com.mx\/portal\/leyes-acida-y-monzon-en-puebla-entre-la-celebracion-y-varios-retos-pendientes-oem\/","title":{"rendered":"Leyes \u00c1cida y Monz\u00f3n en Puebla, entre la celebraci\u00f3n y varios retos pendientes | OEM"},"content":{"rendered":"\n<h3 class=\"has-medium-font-size wp-block-heading\">Capacitaci\u00f3n de los servidores y ausencia de un padr\u00f3n oficial de ni\u00f1os hu\u00e9rfanos por feminicidio, algunos de los se\u00f1alamientos<\/h3>\n\n\n\n<figure class=\"wp-block-image size-large\"><img fetchpriority=\"high\" decoding=\"async\" width=\"1024\" height=\"729\" src=\"https:\/\/losperiodistas.com.mx\/portal\/wp-content\/uploads\/2024\/03\/Captura-de-Pantalla-2024-03-02-a-las-8.33.30-1024x729.jpg\" alt=\"\" class=\"wp-image-69744\" srcset=\"https:\/\/losperiodistas.com.mx\/portal\/wp-content\/uploads\/2024\/03\/Captura-de-Pantalla-2024-03-02-a-las-8.33.30-1024x729.jpg 1024w, https:\/\/losperiodistas.com.mx\/portal\/wp-content\/uploads\/2024\/03\/Captura-de-Pantalla-2024-03-02-a-las-8.33.30-300x214.jpg 300w, https:\/\/losperiodistas.com.mx\/portal\/wp-content\/uploads\/2024\/03\/Captura-de-Pantalla-2024-03-02-a-las-8.33.30-768x547.jpg 768w, https:\/\/losperiodistas.com.mx\/portal\/wp-content\/uploads\/2024\/03\/Captura-de-Pantalla-2024-03-02-a-las-8.33.30.jpg 1500w\" sizes=\"(max-width: 1024px) 100vw, 1024px\" \/><\/figure>\n\n\n\n<p><\/p>\n\n\n\n<p class=\"has-vivid-red-color has-text-color has-medium-font-size\"><strong>ALBA ESPEJEL \/ EL SOL DE PUEBLA<\/strong><\/p>\n\n\n\n<p>El&nbsp;<strong>2 de marzo del 2023<\/strong>&nbsp;en el&nbsp;<strong>Congreso del estado de Puebla retumbaron las porras feministas<\/strong>, se vieron l\u00e1grimas y los anhelos de alcanzar justicia. \u00bfLa raz\u00f3n?,&nbsp;<strong>se aprobaron la Ley \u00c1cida y la Ley Monz\u00f3n<\/strong>. La primera tuvo el objetivo de tipificar de manera inmediata&nbsp;<strong>como tentativa de feminicidio los ataques con \u00e1cido<\/strong>, y la segunda,&nbsp;<strong>arrebatar la custodia de menores a hombres se\u00f1alados por feminicidio.<\/strong><\/p>\n\n\n\n<p>Ha pasado&nbsp;<strong>un a\u00f1o desde que ambas leyes entraron en vigor en el territorio poblano<\/strong>, sin embargo, las personas por las que fueron impulsadas, como&nbsp;<strong>Esmeralda Mill\u00e1n<\/strong>&nbsp;(v\u00edctima de ataque con \u00e1cido) y&nbsp;<strong>la familia de Cecilia Monz\u00f3n<\/strong>&nbsp;(v\u00edctima de feminicidio) no fueron beneficiadas, debido a que ninguna ley tiene efecto retroactivo.<\/p>\n\n\n\n<p>Pese a ello, la familia Monz\u00f3n y la propia Esmeralda&nbsp;<strong>siguen celebrando la aprobaci\u00f3n<\/strong>, pues est\u00e1n seguras de que&nbsp;<strong>ayudar\u00e1n a prevenir delitos y el dolor que experimentaron en carne viva<\/strong>. Del otro lado tambi\u00e9n existen&nbsp;<strong>sugerencias para mejorarlas, pues ni una ley es perfecta y los diputados tienen el poder de reforzarlas.<\/strong><\/p>\n\n\n\n<p><a href=\"https:\/\/www.elsoldepuebla.com.mx\/local\/\">LOCAL<\/a><\/p>\n\n\n\n<div class=\"wp-block-image\"><figure class=\"alignleft\"><a href=\"https:\/\/www.elsoldepuebla.com.mx\/local\/recibe-amenazas-de-ataque-con-acido-al-intentar-recuperar-terreno-en-oaxaca-9700495.html\"><img decoding=\"async\" src=\"https:\/\/www.elsoldepuebla.com.mx\/local\/910mu7-hereda-un-predio-en-oaxaca-y-al-querer-tomar-posesion-recibe-amenazas-de-ataque-con-acido.jpg\/alternates\/LANDSCAPE_200\/Hereda%20un%20predio%20en%20Oaxaca%20y%20al%20querer%20tomar%20posesi%C3%B3n%20recibe%20amenazas%20de%20ataque%20con%20%C3%A1cido.jpg\" alt=\"\" title=\"Hereda un predio en Oaxaca y al querer tomar posesi\u00f3n recibe amenazas de ataque con \u00e1cido.jpg\"\/><\/a><\/figure><\/div>\n\n\n\n<h4 class=\"wp-block-heading\"><a href=\"https:\/\/www.elsoldepuebla.com.mx\/local\/recibe-amenazas-de-ataque-con-acido-al-intentar-recuperar-terreno-en-oaxaca-9700495.html\">Recibe amenazas de ataque con \u00e1cido al intentar recuperar terreno en Oaxaca<\/a><\/h4>\n\n\n\n<p><\/p>\n\n\n\n<p><\/p>\n\n\n\n<p>En el caso de la\u00a0<strong>Ley Monz\u00f3n<\/strong>, hasta el d\u00eda de hoy\u00a0<strong>no existe un padr\u00f3n oficial de ni\u00f1os hu\u00e9rfanos por feminicidio<\/strong>\u00a0y el n\u00famero var\u00eda constantemente sin que las autoridades den alg\u00fan argumento. Mientras que, en la\u00a0<strong>Ley \u00c1cida<\/strong>, Esmeralda Mill\u00e1n considera que\u00a0<strong>hace falta incluir un seguro de gastos m\u00e9dicos mayores y apoyo psicol\u00f3gico.<\/strong>\u00a0En ninguno de los casos se ha capacitado a los servidores p\u00fablicos para poder aplicarlas.<\/p>\n\n\n\n<p>Tanto la Ley Monz\u00f3n como la Ley \u00c1cida fueron bautizadas as\u00ed medi\u00e1ticamente, pero&nbsp;<strong>en realidad no son leyes, sino adiciones y adecuaciones que se integraron a la ya existente Ley para el Acceso de las Mujeres a una Vida Libre de Violencia del Estado y del C\u00f3digo Penal del Estado<\/strong>.<\/p>\n\n\n\n<p>En ninguna de las dos, ni la Fiscal\u00eda General del Estado de Puebla (FGE), ni el Poder Judicial del Estado de Puebla,<strong>&nbsp;confirmaron a este medio si hay carpetas de investigaci\u00f3n abiertas o sentencias emitidas.<\/strong><\/p>\n\n\n\n<p>-\u201c<strong><em>No me benefici\u00f3, pero estoy segura que los hombres ahora tendr\u00e1n miedo de ir a la c\u00e1rcel: Esmeralda<\/em><\/strong>\u201d-<\/p>\n\n\n\n<p><a href=\"https:\/\/www.elsoldepuebla.com.mx\/local\/\">LOCAL<\/a><\/p>\n\n\n\n<div class=\"wp-block-image\"><figure class=\"alignleft\"><a href=\"https:\/\/www.elsoldepuebla.com.mx\/local\/aprueban-ley-acida-y-ley-monzon-en-puebla-9701600.html\"><img decoding=\"async\" src=\"https:\/\/www.elsoldepuebla.com.mx\/local\/lo59fi-ley-monzon-y-ley-malena-son-aprobadas-en-puebla\/alternates\/LANDSCAPE_200\/Ley%20Monz%C3%B3n%20y%20Ley%20Malena%20son%20aprobadas%20en%20Puebla\" alt=\"\" title=\"Ley Monz\u00f3n y Ley Malena son aprobadas en Puebla\"\/><\/a><\/figure><\/div>\n\n\n\n<h4 class=\"wp-block-heading\"><a href=\"https:\/\/www.elsoldepuebla.com.mx\/local\/aprueban-ley-acida-y-ley-monzon-en-puebla-9701600.html\">Aprueban Ley \u00c1cida y Ley Monz\u00f3n en Puebla<\/a><\/h4>\n\n\n\n<p><\/p>\n\n\n\n<p><\/p>\n\n\n\n<p>Esmeralda Mill\u00e1n se separ\u00f3 de su ex pareja,\u00a0<strong>Fidel N.,<\/strong>\u00a0porque su relaci\u00f3n se torn\u00f3 muy violenta. Este hombre\u00a0<strong>la agredi\u00f3 de manera psicol\u00f3gica, verbal y hasta f\u00edsica<\/strong>, pero cuando tom\u00f3 la decisi\u00f3n de dejarlo \u201c<strong>fue muy tarde<\/strong>\u201d. \u201c<strong><em>Yo me qued\u00e9 porque quer\u00eda una familia para mis hijos, pero como fueron creciendo, mi hijo el mayor ve\u00eda las agresiones y le gritaba a su pap\u00e1 que me dejara de pegar. Me di cuenta que yo no quer\u00eda esa vida para ellos<\/em><\/strong>\u201d, record\u00f3.<\/p>\n\n\n\n<p><strong>Esmeralda se fue a vivir con su madre<\/strong>, pero este hombre hall\u00f3 la manera de encontrarla.&nbsp;<strong>La persegu\u00eda y acosaba constantemente.<\/strong>&nbsp;Una vez le pregunt\u00f3 que si estaba segura de su decisi\u00f3n y que si ya no volver\u00eda con \u00e9l, ella respondi\u00f3 que s\u00ed y Fidel dijo lo siguiente:&nbsp;<strong><em>\u201c\u00bfSabes qu\u00e9 Esme?, en su momento, te arrepentir\u00e1s, si no eres m\u00eda, no ser\u00e1s de nadie<\/em><\/strong>\u201d.<\/p>\n\n\n\n<h2 class=\"wp-block-heading\"><strong>Una semana despu\u00e9s fue su ataque con \u00e1cido<\/strong><\/h2>\n\n\n\n<p><strong>Fidel en compa\u00f1\u00eda de tres personas sigui\u00f3 a Esmeralda&nbsp;<\/strong>a un ba\u00f1o de vapor al que sol\u00eda ir.&nbsp;<strong>Esper\u00f3 a que saliera, la acorral\u00f3 y le avent\u00f3 el \u00e1cido en la cara&nbsp;<\/strong>y en su cuerpo y una gran parte del l\u00edquido tambi\u00e9n se lo trag\u00f3. \u201c<strong><em>El es\u00f3fago se me cerr\u00f3, ya no pod\u00eda respirar. De mi ojo derecho perd\u00ed de inmediato la vista. El \u00e1cido me carcomi\u00f3 por dentro, me llevaron al hospital, reaccion\u00e9, pero yo mor\u00ed ese d\u00eda, estoy muerta en vida<\/em><\/strong>\u201d, lament\u00f3.<\/p>\n\n\n\n<p>El ataque ocurri\u00f3 en el a\u00f1o&nbsp;<strong>2018<\/strong>&nbsp;y el camino que Esmeralda ha tenido que transitar no ha sido nada f\u00e1cil, primero tuvo que pasar el dolor de que&nbsp;<strong>sus hijos la vieran as\u00ed<\/strong>, decirles que&nbsp;<strong>su propio padre fue el atacante<\/strong>, comenzaron las burlas de las personas que la ve\u00edan en la calle y tambi\u00e9n el dolor f\u00edsico, pues ya&nbsp;<strong>lleva 30 cirug\u00edas de reconstrucci\u00f3n.<\/strong><\/p>\n\n\n\n<p><a href=\"https:\/\/www.elsoldepuebla.com.mx\/local\/\">LOCAL<\/a><\/p>\n\n\n\n<div class=\"wp-block-image\"><figure class=\"alignleft\"><a href=\"https:\/\/www.elsoldepuebla.com.mx\/local\/helena-aplaude-aprobacion-de-la-ley-monzon-es-oficial-y-esto-es-solo-el-comienzo-9703735.html\"><img decoding=\"async\" src=\"https:\/\/www.elsoldepuebla.com.mx\/local\/p7aoku-es-oficial-y-esto-es-solo-el-comienzo-helena-monzon-aplaude-aprobacion-de-la-ley-monzon\/alternates\/LANDSCAPE_200\/%E2%80%9CEs%20oficial%20y%20esto%20es%20s%C3%B3lo%20el%20comienzo%E2%80%9D;%20Helena%20Monz%C3%B3n%20aplaude%20aprobaci%C3%B3n%20de%20la%20Ley%20Monz%C3%B3n\" alt=\"\" title=\"\u201cEs oficial y esto es s\u00f3lo el comienzo\u201d; Helena Monz\u00f3n aplaude aprobaci\u00f3n de la Ley Monz\u00f3n\"\/><\/a><\/figure><\/div>\n\n\n\n<h4 class=\"wp-block-heading\"><a href=\"https:\/\/www.elsoldepuebla.com.mx\/local\/helena-aplaude-aprobacion-de-la-ley-monzon-es-oficial-y-esto-es-solo-el-comienzo-9703735.html\">Helena aplaude aprobaci\u00f3n de la Ley Monz\u00f3n: &#8216;Es oficial y esto es s\u00f3lo el comienzo&#8217;<\/a><\/h4>\n\n\n\n<p><\/p>\n\n\n\n<p><\/p>\n\n\n\n<p>\u201c<strong><em>En el hospital estuve mal, pero salir a la sociedad fue peor. Cuando mis hijos me vieron por primera vez se espantaron, el ver que ni tus hijos se quieren acercar a ti es muy doloroso. A mi mam\u00e1 le he dicho muchas veces que me quiero morir, pero si sigo aqu\u00ed es por mis hijos, por justicia, porque Fidel sigue sin condena y porque no quiero que ni una mujer pase por lo que yo pas\u00e9<\/em><\/strong>\u201d, coment\u00f3.<\/p>\n\n\n\n<p>Todo cambi\u00f3 cuando&nbsp;<strong>tuvo un acercamiento con la Fundaci\u00f3n Carmen S\u00e1nchez<\/strong>, la primera asociaci\u00f3n civil en el pa\u00eds creada para prevenir, atender, erradicar, investigar y sancionar los ataques con sustancias corrosivas. Luego de esto&nbsp;<strong>se sum\u00f3 a las exigencias para que en Puebla existiera una ley para tipificar los ataques con \u00e1cido como tentativa de feminicidio<\/strong>. En su caso, ya no aplicar\u00e1n todos los beneficios, debido a que la ley no es retroactiva, pero tambi\u00e9n porque su agresi\u00f3n, por ser muy letal, fue considerada como tentativa desde el primer momento.<\/p>\n\n\n\n<p><strong>La abogada<\/strong>&nbsp;que lleva el caso,&nbsp;<strong>Yareri Ruiz<\/strong>, explic\u00f3&nbsp;<strong>que Fidel N. ser\u00e1 juzgado con las normativas previas a la Ley \u00c1cida, pero \u201cafortunadamente\u201d, esto no la perjudica<\/strong>. Sin embargo,&nbsp;<strong>la Ley no contiene<\/strong>&nbsp;(ni Esmeralda ha recibido)&nbsp;<strong>una reparaci\u00f3n integral del da\u00f1o para las v\u00edctimas<\/strong>.<\/p>\n\n\n\n<p>Si bien aplauden la iniciativa, ya&nbsp;<strong>que los hombres \u201cla pensar\u00e1n dos veces\u201d<\/strong>&nbsp;antes de encabezar ataques de este tipo y que ni una mujer tendr\u00e1 que luchar para que sea considerado un il\u00edcito grave, opinaron que&nbsp;<strong>a\u00fan faltan muchos elementos para mejorarla<\/strong>, entre ellos apoyos m\u00e9dicos para las cirug\u00edas, seguimiento y acompa\u00f1amiento psicol\u00f3gico.<\/p>\n\n\n\n<p>\u201c<strong><em>A m\u00ed me ayudaron con los injertos, hasta ah\u00ed se qued\u00f3, yo despu\u00e9s de eso no pude comer, no pude ver y nadie le dio seguimiento. Si los tuvi\u00e9ramos ser\u00eda de mucha ayuda<\/em><\/strong>\u201d, dijo Esmeralda. Por su parte, la abogada indic\u00f3 que las autoridades han argumentado que no hay fondos para beneficiarla, entonces ser\u00eda fundamental agregarlo en la Ley para que sea una obligaci\u00f3n y no caridad.<\/p>\n\n\n\n<p><a href=\"https:\/\/www.elsoldepuebla.com.mx\/local\/\">LOCAL<\/a><\/p>\n\n\n\n<div class=\"wp-block-image\"><figure class=\"alignleft\"><a href=\"https:\/\/www.elsoldepuebla.com.mx\/local\/alcalde-aplaude-aprobacion-de-ley-monzon-y-ley-acida-9707109.html\"><img decoding=\"async\" src=\"https:\/\/www.elsoldepuebla.com.mx\/local\/3mr66s-alcalde-aplaude-aprobacion-de-ley-monzon-y-ley-acida\/alternates\/LANDSCAPE_200\/Alcalde%20aplaude%20aprobaci%C3%B3n%20de%20Ley%20Monz%C3%B3n%20y%20Ley%20%C3%81cida\" alt=\"\" title=\"Alcalde aplaude aprobaci\u00f3n de Ley Monz\u00f3n y Ley \u00c1cida\"\/><\/a><\/figure><\/div>\n\n\n\n<h4 class=\"wp-block-heading\"><a href=\"https:\/\/www.elsoldepuebla.com.mx\/local\/alcalde-aplaude-aprobacion-de-ley-monzon-y-ley-acida-9707109.html\">Alcalde aplaude aprobaci\u00f3n de Ley Monz\u00f3n y Ley \u00c1cida<\/a><\/h4>\n\n\n\n<p><\/p>\n\n\n\n<p><\/p>\n\n\n\n<p>Ante este contexto,\u00a0<strong>Esmeralda pidi\u00f3 apoyo de la ciudadan\u00eda<\/strong>, ya que\u00a0<strong>necesita m\u00e1s intervenciones<\/strong>, pero por\u00a0<strong>falta de dinero<\/strong>, no ha podido concretarlas. Su cuenta de\u00a0<strong>Banco Azteca<\/strong>\u00a0es la siguiente:\u00a0<strong>4027665807254934.<\/strong><\/p>\n\n\n\n<h2 class=\"wp-block-heading\"><strong>Capacitaci\u00f3n de los servidores, uno de los retos<\/strong><\/h2>\n\n\n\n<p>El diputado con licencia,&nbsp;<strong>N\u00e9stor Camarillo<\/strong>, comparti\u00f3 a El Sol de Puebla un documento con&nbsp;<strong>los antecedentes de la Ley \u00c1cida y record\u00f3 que esta iniciativa reform\u00f3 diversas disposiciones de la Ley para el Acceso de las Mujeres a una Vida Libre de Violencia del Estado y del C\u00f3digo Penal del Estado<\/strong>. Quien resulte&nbsp;<strong>responsable<\/strong>&nbsp;ser\u00e1 juzgado como&nbsp;<strong>tentativa de feminicidio<\/strong>&nbsp;con una&nbsp;<strong>sentencia de 20 a los 40 a\u00f1os de prisi\u00f3n<\/strong>, adem\u00e1s de&nbsp;<strong>pagar multas que van desde los 333 a los 666 Unidades de Medida y Actualizaci\u00f3n (UMA)<\/strong>, cerca de&nbsp;<strong>34 mil 545 pesos a 69 mil 091 pesos mexicanos<\/strong>.<\/p>\n\n\n\n<p>Comparti\u00f3 que&nbsp;<strong>la primera iniciativa de la LXI Legislatura fue presentada por \u00e9l<\/strong>, el 9 de junio de 2022 y&nbsp;<strong>la Ley \u00c1cida que conocemos hoy en d\u00eda fue aprobada el 2 de marzo del a\u00f1o pasado<\/strong>&nbsp;y fue avalada por unanimidad. Se sumaron las diputadas&nbsp;<strong>Aurora Sierra, Tonantzin Fern\u00e1ndez, M\u00f3nica Rodr\u00edguez y Azucena Rosas.<\/strong><\/p>\n\n\n\n<p>Previo a la aprobaci\u00f3n de esta legislaci\u00f3n \u201c<strong><em>que fue pionera en M\u00e9xico<\/em><\/strong>\u201d, se realizaron dos foros de violencia \u00e1cida, en el que se visibilizaron los de ataques con las v\u00edctimas , tambi\u00e9n se recopilaron las propuestas para contar con una Ley \u201c<strong><em>robusta e integral<\/em><\/strong>\u201d. Para el 13 de marzo de ese mismo a\u00f1o, tambi\u00e9n se inaugur\u00f3 un mural sobre la Ley \u00c1cida que se ubica sobre el bulevar 5 de Mayo.<\/p>\n\n\n\n<p><a href=\"https:\/\/www.elsoldepuebla.com.mx\/local\/\">LOCAL<\/a><\/p>\n\n\n\n<div class=\"wp-block-image\"><figure class=\"alignleft\"><a href=\"https:\/\/www.elsoldepuebla.com.mx\/local\/ley-monzon-en-que-consisten-las-reformas-para-proteger-a-infantes-en-puebla-9707706.html\"><img decoding=\"async\" src=\"https:\/\/www.elsoldepuebla.com.mx\/local\/e824zd-estas-son-las-reformas-de-la-ley-monzon-para-proteger-a-infantes-en-puebla.jpg\/alternates\/LANDSCAPE_200\/Estas%20son%20las%20reformas%20de%20la%20Ley%20Monz%C3%B3n%20para%20proteger%20a%20infantes%20en%20Puebla.JPG\" alt=\"\" title=\"Estas son las reformas de la Ley Monz\u00f3n para proteger a infantes en Puebla.JPG\"\/><\/a><\/figure><\/div>\n\n\n\n<h4 class=\"wp-block-heading\"><a href=\"https:\/\/www.elsoldepuebla.com.mx\/local\/ley-monzon-en-que-consisten-las-reformas-para-proteger-a-infantes-en-puebla-9707706.html\">Ley Monz\u00f3n: en qu\u00e9 consisten las reformas para proteger a infantes en Puebla<\/a><\/h4>\n\n\n\n<p><\/p>\n\n\n\n<p><\/p>\n\n\n\n<p>Para Camarillo, entre\u00a0<strong>los desaf\u00edos\u00a0<\/strong>se encuentran\u00a0<strong>la capacitaci\u00f3n de los servidores para una atenci\u00f3n adecuada a las v\u00edctimas en hospitales p\u00fablicos<\/strong>, as\u00ed como\u00a0<strong>el acceso a la atenci\u00f3n m\u00e9dica especializada<\/strong>, debido a que muchas v\u00edctimas requieren cirug\u00edas costosas. De igual modo, acept\u00f3 que se deben establecer mecanismos para que se garantice la reparaci\u00f3n del da\u00f1o a las personas agredidas, y el adecuado seguimiento de cada uno de los casos para que las v\u00edctimas obtengan justicia.<\/p>\n\n\n\n<p>\u201c<strong><em>Me un\u00ed a la lucha de Ley Monz\u00f3n por el compromiso de mi hermana, no porque a mi sobrino le aplique: Helena Monz\u00f3n<\/em><\/strong>\u201d-<\/p>\n\n\n\n<p>El&nbsp;<strong>mismo d\u00eda<\/strong>&nbsp;que&nbsp;<strong>se aprob\u00f3 la Ley \u00c1cida en Puebla se aval\u00f3 la Ley Monz\u00f3n<\/strong>, que&nbsp;<strong>suspende la patria potestad de los hijos cuando el padre fue se\u00f1alado por el presunto delito de tentativa de feminicidio o feminicidio en contra de la madre<\/strong>. Fue inspirada en la abogada feminista Cecilia Monz\u00f3n, quien fue v\u00edctima de feminicidio y la familia de su ex pareja y autor intelectual del hecho, Javier L\u00f3pez Zavala, reclam\u00f3 la custodia del ni\u00f1o que tuvieron juntos.<\/p>\n\n\n\n<p>Ante este hecho, la hermana de Cecilia, la tambi\u00e9n abogada&nbsp;<strong>Helena Monz\u00f3n<\/strong>, activistas y la diputada con licencia,&nbsp;<strong>M\u00f3nica Silva<\/strong>&nbsp;(que fue la impulsora),&nbsp;<strong>propusieron quitar la patria potestad cuando el padre incurra en estos delitos.<\/strong>&nbsp;El camino no fue f\u00e1cil y al igual que a Esmeralda, la ley no es retroactiva y no se ha capacitado a los servidores para ejecutar esta disposici\u00f3n.<\/p>\n\n\n\n<p><a href=\"https:\/\/www.elsoldepuebla.com.mx\/local\/\">LOCAL<\/a><\/p>\n\n\n\n<div class=\"wp-block-image\"><figure class=\"alignleft\"><a href=\"https:\/\/www.elsoldepuebla.com.mx\/local\/nestor-camarillo-justifico-su-actuacion-en-contra-de-elena-rios-9713951.html\"><img decoding=\"async\" src=\"https:\/\/www.elsoldepuebla.com.mx\/local\/zek0z1-nestor-camarillo-justifico-su-actuacion-en-contra-de-elena-rios\/alternates\/LANDSCAPE_200\/N%C3%A9stor%20Camarillo%20justific%C3%B3%20su%20actuaci%C3%B3n%20en%20contra%20de%20Elena%20R%C3%ADos\" alt=\"\" title=\"N\u00e9stor Camarillo justific\u00f3 su actuaci\u00f3n en contra de Elena R\u00edos\"\/><\/a><\/figure><\/div>\n\n\n\n<h4 class=\"wp-block-heading\"><a href=\"https:\/\/www.elsoldepuebla.com.mx\/local\/nestor-camarillo-justifico-su-actuacion-en-contra-de-elena-rios-9713951.html\">N\u00e9stor Camarillo justific\u00f3 su actuaci\u00f3n en contra de Elena R\u00edos<\/a><\/h4>\n\n\n\n<p><\/p>\n\n\n\n<p><\/p>\n\n\n\n<p>En entrevista, Helena Monz\u00f3n dej\u00f3 en claro que\u00a0<strong>la Ley Monz\u00f3n no le aplica a su sobrino<\/strong>, pero es un\u00a0<strong>claro referente de lo que no deber\u00eda de ocurrir en Puebla<\/strong>, ya que el menor siempre\u00a0<strong>fue cuidado por su madre y familia materna<\/strong>, as\u00ed que darle la custodia al probable feminicida o la familia paterna \u201c<strong><em>ser\u00eda impensable<\/em><\/strong>\u201d, pero \u201cposible\u201d debido al sistema de justicia mexicano. \u201c<strong><em>Seguimos en un limbo porque no hab\u00eda Ley Monz\u00f3n cuando sucedi\u00f3<\/em><\/strong>\u201d.<\/p>\n\n\n\n<p><strong>La Ley Monz\u00f3n ha roto las fronteras poblanas<\/strong>, pues ya se aprob\u00f3 en&nbsp;<strong>Colima, Sinaloa, Ciudad de M\u00e9xico, Nayarit, Guerrero, Estado de M\u00e9xico, Tlaxcala y Tabasco<\/strong>. Inclusive, el Senado aprob\u00f3 un dictamen para solicitar a los congresos locales que armonicen su legislaci\u00f3n en materia de guarda, custodia y p\u00e9rdida de la patria potestad en caso de feminicidio.<\/p>\n\n\n\n<p>Helena explic\u00f3 que,&nbsp;<strong>para llevar la Ley Monz\u00f3n a otras entidades<\/strong>, se ha trabajado de manera diferente con cada legislatura. Hay estados en los que a trav\u00e9s de asesores parlamentarios o activistas la ha contactado, hay diputados que han buscado directamente a M\u00f3nica Silva y otros que han ido \u201c<strong><em>un poco por la libre<\/em><\/strong>\u201d.<\/p>\n\n\n\n<p>\u201c<strong><em>Lo que empuja la ley es bastante activismo, como se vio en su d\u00eda en Puebla y tambi\u00e9n el buen recibimiento que el p\u00fablico le da a la Ley, que impulsa a otras y otros legisladores a presentarla (\u2026) la Ley ha sido aprobada por unanimidad cada vez que se ha votado. En general cuando me entero de alguna propuesta, posible propuesta o aprobaci\u00f3n aviso a las activistas que siguen la ley, hay varios grupos por el pa\u00eds y a la diputada Silva, que tambi\u00e9n est\u00e1 pendiente y promoviendo que la Ley sea nacional<\/em><\/strong>\u201d, puntualiz\u00f3.<\/p>\n\n\n\n<p><a href=\"https:\/\/www.elsoldepuebla.com.mx\/local\/\">LOCAL<\/a><\/p>\n\n\n\n<div class=\"wp-block-image\"><figure class=\"alignleft\"><a href=\"https:\/\/www.elsoldepuebla.com.mx\/local\/poblana-que-denuncio-amenazas-de-acido-recibe-ayuda-de-maria-elena-rios-9715003.html\"><img decoding=\"async\" src=\"https:\/\/www.elsoldepuebla.com.mx\/local\/910mu7-hereda-un-predio-en-oaxaca-y-al-querer-tomar-posesion-recibe-amenazas-de-ataque-con-acido.jpg\/alternates\/LANDSCAPE_200\/Hereda%20un%20predio%20en%20Oaxaca%20y%20al%20querer%20tomar%20posesi%C3%B3n%20recibe%20amenazas%20de%20ataque%20con%20%C3%A1cido.jpg\" alt=\"\" title=\"Hereda un predio en Oaxaca y al querer tomar posesi\u00f3n recibe amenazas de ataque con \u00e1cido.jpg\"\/><\/a><\/figure><\/div>\n\n\n\n<h4 class=\"wp-block-heading\"><a href=\"https:\/\/www.elsoldepuebla.com.mx\/local\/poblana-que-denuncio-amenazas-de-acido-recibe-ayuda-de-maria-elena-rios-9715003.html\">Poblana que denunci\u00f3 amenazas de \u00e1cido recibe ayuda de Mar\u00eda Elena R\u00edos<\/a><\/h4>\n\n\n\n<p><\/p>\n\n\n\n<p><\/p>\n\n\n\n<h2 class=\"wp-block-heading\"><strong>Hubo resistencia en el Congreso, incluso no quer\u00edan que se llamara Ley Monz\u00f3n<\/strong><\/h2>\n\n\n\n<p>Estefan\u00eda Meraz, activista, impulsora de la Ley Monz\u00f3n y amiga de \u201cCecy\u201d, piensa que&nbsp;<strong>el nombre de \u201cCecilia Monz\u00f3n\u201d lleva consigo obst\u00e1culos jur\u00eddicos, personales, pol\u00edticos y hasta sociales<\/strong>, pero que gracias al activismo y al amor que muchas mujeres le tienen, esta iniciativa se volvi\u00f3 Ley. \u201cElla siempre fue solidaria en las causas y jam\u00e1s lo hicimos con la intenci\u00f3n de s\u00f3lo personificar a Cecilia, ni siquiera aplica a su hijo, aunque es lamentable y doloroso\u201d, dijo.<\/p>\n\n\n\n<p><strong>El activismo tambi\u00e9n abon\u00f3 para que la Ley fuera tomada en cuenta con perspectiva de g\u00e9nero y aunque en las mesas de trabajo hubo actores<\/strong>&nbsp;pol\u00edticos que no quer\u00edan avalarla, se explic\u00f3 que era una forma de invisibilizar lo que fue Cecilia y hasta el propio trabajo de M\u00f3nica Silva. \u201c<strong><em>Ese odio desmedido que le tienen algunos personajes a Cecilia rebas\u00f3 todos los l\u00edmites, pero nosotras sab\u00edamos en nuestra conciencia que ten\u00edamos que soportar muchas cosas para que sucediera y sab\u00edamos que en el tema medi\u00e1tico nosotros los \u00edbamos a rebasar. En el mundo se llama Ley Monz\u00f3n, aunque ellos no lo quieran, entonces para nosotras fue un motivo de orgullo<\/em><\/strong>\u201d.<\/p>\n\n\n\n<p>La diputada con licencia,&nbsp;<strong>M\u00f3nica Silva<\/strong>, record\u00f3&nbsp;<strong>que la Ley Monz\u00f3n se aprob\u00f3 un a\u00f1o despu\u00e9s del feminicidio de Cecilia<\/strong>, fueron meses de intenso trabajo y sensibilizaci\u00f3n para que los diputados entendieran la importancia de hacer esta reforma para las infancias. \u201c<strong><em>Desafortunadamente\u201d, hubo resistencias en el Congreso y no quer\u00edan que se llamara as\u00ed, argumentado que era una Ley<\/em><\/strong>&nbsp;<strong>\u201cpara todas\u201d, \u201csin nombre<\/strong>\u201d, pero Silva cree que tiene que ver con que el presunto autor intelectual, Javier L\u00f3pez Zavala, pues fue miembro por muchos a\u00f1os del Partido Revolucionario Institucional (PRI).<\/p>\n\n\n\n<p>\u201c<strong><em>El hecho de estar mencionando que fuera la Ley Monz\u00f3n y evidenciar la relaci\u00f3n con el presunto feminicida, no era del agrado de muchos diputados, pues tuvieron relaci\u00f3n de amistad o de cualquier otro tipo. No quer\u00edan que se llamara as\u00ed, pero peleamos por eso, porque todas las leyes llevan el nombre de una v\u00edctima o de alguien que se violaron<\/em><\/strong>&nbsp;sus derechos humanos y en este caso, el Estado no fue capaz de protegerla de la violencia\u201d.<\/p>\n\n\n\n<p><a href=\"https:\/\/www.elsoldepuebla.com.mx\/local\/\">LOCAL<\/a><\/p>\n\n\n\n<div class=\"wp-block-image\"><figure class=\"alignleft\"><a href=\"https:\/\/www.elsoldepuebla.com.mx\/local\/ley-malena-y-ley-monzon-entran-en-vigor-en-puebla-9738612.html\"><img decoding=\"async\" src=\"https:\/\/www.elsoldepuebla.com.mx\/local\/lo59fi-ley-monzon-y-ley-malena-son-aprobadas-en-puebla\/alternates\/LANDSCAPE_200\/Ley%20Monz%C3%B3n%20y%20Ley%20Malena%20son%20aprobadas%20en%20Puebla\" alt=\"\" title=\"Ley Monz\u00f3n y Ley Malena son aprobadas en Puebla\"\/><\/a><\/figure><\/div>\n\n\n\n<h4 class=\"wp-block-heading\"><a href=\"https:\/\/www.elsoldepuebla.com.mx\/local\/ley-malena-y-ley-monzon-entran-en-vigor-en-puebla-9738612.html\">&#8216;Ley Malena&#8217; y &#8216;Ley Monz\u00f3n&#8217; entran en vigor en Puebla<\/a><\/h4>\n\n\n\n<p><\/p>\n\n\n\n<p><\/p>\n\n\n\n<p>Al principio\u00a0<strong>pens\u00f3 que no se concretar\u00eda la Ley por estas resistencias<\/strong>, pero como fue pasando el tiempo y a ra\u00edz de que el caso fue muy medi\u00e1tico, se logr\u00f3.\u00a0<strong>Para M\u00f3nica Silva, la Ley Monz\u00f3n es uno de los m\u00e1s grandes trabajos que hizo como legisladora y gracias a ello se ir\u00e1 \u201ctranquila\u201d de su curul<\/strong>. \u201c<strong><em>Cecy tanto en vida como muerte es una mujer que fue y seguir\u00e1 siendo un torbellino, el torbellino Monz\u00f3n. Cecy al final reson\u00f3 y su nombre seguir\u00e1 resonando, no s\u00f3lo en Puebla, sino a nivel nacional porque ella ten\u00eda la doble ciudadan\u00eda con Espa\u00f1a<\/em><\/strong>\u201d.<\/p>\n\n\n\n<h2 class=\"wp-block-heading\"><strong>No hay un padr\u00f3n oficial de hu\u00e9rfanos por feminicidio<\/strong><\/h2>\n\n\n\n<p>Tanto para&nbsp;<strong>Helena, Estefan\u00eda y M\u00f3nica<\/strong>,&nbsp;<strong>la Ley es un gran referente y es robusta<\/strong>, sin embargo,&nbsp;<strong>sigue faltando una coordinaci\u00f3n real entre Fiscal\u00eda, Secretar\u00eda de Igualdad y el DIF<\/strong>. Para ellas, las autoridades deben de dar acompa\u00f1amiento \u201creal\u201d para garantizar que los derechos de los menores se cumplan, brindar asistencia jur\u00eddica eficaz y no existe un padr\u00f3n oficial de hu\u00e9rfanos por feminicidio.<\/p>\n\n\n\n<p>Para que esto \u00faltimo se cumpla y sea informaci\u00f3n fidedigna, debe&nbsp;<strong>existir coordinaci\u00f3n entre el gobierno del estado, el Poder Judicial, Fiscal\u00eda y DIF.<\/strong>&nbsp;Al tener este listado, se podr\u00eda dar seguimiento a cada caso,&nbsp;<strong>una revisi\u00f3n anual para determinar qu\u00e9 tipo de prestaciones necesitan,&nbsp;<\/strong>si es una pensi\u00f3n, si es cuesti\u00f3n de salud o una ayuda escolar. Y no s\u00f3lo para ellos, sino para las personas que quedan como tutores, que en muchos casos son los abuelos de la tercera edad.<\/p>\n\n\n\n<p><a href=\"https:\/\/www.elsoldepuebla.com.mx\/local\/\">LOCAL<\/a><\/p>\n\n\n\n<div class=\"wp-block-image\"><figure class=\"alignleft\"><a href=\"https:\/\/www.elsoldepuebla.com.mx\/local\/murales-de-violencia-acida-recien-inaugurados-llaman-a-la-justicia-y-la-reflexion-9758721.html\"><img decoding=\"async\" src=\"https:\/\/www.elsoldepuebla.com.mx\/local\/3e5dp4-murales-de-violencia-acida-inaugurados-en-el-bulevar-llaman-a-la-justicia-y-la-reflexion\/alternates\/LANDSCAPE_200\/Murales%20de%20violencia%20%C3%A1cida%20inaugurados%20en%20el%20bulevar%20llaman%20a%20la%20justicia%20y%20la%20reflexi%C3%B3n\" alt=\"\" title=\"Murales de violencia \u00e1cida inaugurados en el bulevar llaman a la justicia y la reflexi\u00f3n\"\/><\/a><\/figure><\/div>\n\n\n\n<h4 class=\"wp-block-heading\"><a href=\"https:\/\/www.elsoldepuebla.com.mx\/local\/murales-de-violencia-acida-recien-inaugurados-llaman-a-la-justicia-y-la-reflexion-9758721.html\">Murales de violencia \u00e1cida reci\u00e9n inaugurados llaman a la justicia y la reflexi\u00f3n<\/a><\/h4>\n\n\n\n<p><\/p>\n\n\n\n<p><\/p>\n\n\n\n<p>\u201c<strong><em>Hace falta conocimiento por los propios intervinientes y conocimiento real y profundo de lo que significa la Ley para poder ayudar a las familias (\u2026) el punto es que no se les est\u00e1 registrando como deber\u00eda, no hay un registro oficial del estado de Puebla que identifique espec\u00edficamente a las v\u00edctimas menores que quedan en orfandad por feminicidio, s\u00f3lo es un c\u00e1lculo que se est\u00e1 haciendo, pero esta informaci\u00f3n no se puede llamar registro, es inconsistente y depende de la declaraci\u00f3n de los propios sujetos vinculados<\/em><\/strong>\u201d, indic\u00f3 Helena.<\/p>\n\n\n\n<p>Por su parte, Estefan\u00eda Meraz sugiri\u00f3 que se tome en cuenta las voces de los ni\u00f1os, ya que en muchas leyes es com\u00fan pensar por ellos, tomar decisiones por ellos, cuando lo primero que se deber\u00eda de hacer es escucharlos. Tambi\u00e9n urgi\u00f3 a las autoridades tener el censo oficial de hu\u00e9rfanos y que se dejen \u201c<strong><em>de echar la bolita<\/em><\/strong>\u201d para ver a qui\u00e9n le toca hacerlo.<\/p>\n\n\n\n<p>Para concluir,&nbsp;<strong>M\u00f3nica Silva expres\u00f3 que la Secretar\u00eda de Gobernaci\u00f3n estatal deber\u00eda de ser la dependencia encargada de llevar el registro de hu\u00e9rfanos<\/strong>, ya que de ellos depende la Comisi\u00f3n Ejecutiva Estatal de Atenci\u00f3n a V\u00edctimas. De la misma manera, aconsej\u00f3 a los familiares de personas que vivan un feminicidio y que el victimario sea la pareja, que de manera inmediata pidan el cambio de custodia a trav\u00e9s de la Ley Monz\u00f3n.<\/p>\n\n\n\n<p>\u201c<strong><em>No tenemos un padr\u00f3n en donde tengamos claro cu\u00e1ntas ni\u00f1as, ni\u00f1os y adolescentes se encuentran en orfandad por este terrible delito, pero lo cierto es que es una medida de la AVGM que tiene Puebla declarada desde el 2019 y que a\u00fan no hemos avanzado en tener este reconocimiento y este padr\u00f3n y sobre todo, una vez de saber su condici\u00f3n, qu\u00e9 vamos a hacer con ellos y c\u00f3mo los vamos a ayudar para que mejoren su vida<\/em><\/strong>\u201d, remat\u00f3.<\/p>\n\n\n\n<p><a href=\"https:\/\/www.elsoldepuebla.com.mx\/local\/\">LOCAL<\/a><\/p>\n\n\n\n<div class=\"wp-block-image\"><figure class=\"alignleft\"><a href=\"https:\/\/www.elsoldepuebla.com.mx\/local\/a-esmeralda-millan-le-han-cancelado-su-audiencia-en-14-ocasiones-en-puebla-9718777.html\"><img decoding=\"async\" src=\"https:\/\/www.elsoldepuebla.com.mx\/local\/gvwdql-victima-de-ataque-con-acido-pide-a-autoridades-no-retrasar-su-caso\/alternates\/LANDSCAPE_200\/V%C3%ADctima%20de%20ataque%20con%20%C3%A1cido%20pide%20a%20autoridades%20no%20retrasar%20su%20caso\" alt=\"\" title=\"V\u00edctima de ataque con \u00e1cido pide a autoridades no retrasar su caso\"\/><\/a><\/figure><\/div>\n\n\n\n<h4 class=\"wp-block-heading\"><a href=\"https:\/\/www.elsoldepuebla.com.mx\/local\/a-esmeralda-millan-le-han-cancelado-su-audiencia-en-14-ocasiones-en-puebla-9718777.html\">A Esmeralda Mill\u00e1n le han cancelado su audiencia en 14 ocasiones en Puebla<\/a><\/h4>\n\n\n\n<p><\/p>\n\n\n\n<p><\/p>\n\n\n\n<p>El Sol de Puebla pidi\u00f3 a la Fiscal\u00eda el motivo por el cual\u00a0<strong>la cifra de hu\u00e9rfanos por feminicidio ha sido modificada en los \u00faltimos a\u00f1os y las causas<\/strong>, sin embargo, al corte de esta edici\u00f3n no hubo respuesta. Al Poder Judicial se le pidi\u00f3 informaci\u00f3n acerca de las sentencias que se han concretado por ambas leyes, pero de igual modo, su \u00e1rea de comunicaci\u00f3n social no dio informaci\u00f3n.<\/p>\n\n\n\n<p>Fuente: <a href=\"https:\/\/www.elsoldepuebla.com.mx\/local\/un-ano-despues-leyes-acida-y-monzon-en-puebla-entre-celebracion-y-retos-pendientes-11531623.html\">https:\/\/www.elsoldepuebla.com.mx\/local\/un-ano-despues-leyes-acida-y-monzon-en-puebla-entre-celebracion-y-retos-pendientes-11531623.html<\/a><\/p>\n","protected":false},"excerpt":{"rendered":"<p>Capacitaci\u00f3n de los servidores y ausencia de un padr\u00f3n oficial de ni\u00f1os hu\u00e9rfanos por feminicidio, algunos de los se\u00f1alamientos ALBA [&hellip;]<\/p>\n","protected":false},"author":1,"featured_media":69744,"comment_status":"open","ping_status":"open","sticky":false,"template":"","format":"standard","meta":{"site-sidebar-layout":"default","site-content-layout":"","ast-site-content-layout":"default","site-content-style":"default","site-sidebar-style":"default","ast-global-header-display":"","ast-banner-title-visibility":"","ast-main-header-display":"","ast-hfb-above-header-display":"","ast-hfb-below-header-display":"","ast-hfb-mobile-header-display":"","site-post-title":"","ast-breadcrumbs-content":"","ast-featured-img":"","footer-sml-layout":"","theme-transparent-header-meta":"","adv-header-id-meta":"","stick-header-meta":"","header-above-stick-meta":"","header-main-stick-meta":"","header-below-stick-meta":"","astra-migrate-meta-layouts":"default","ast-page-background-enabled":"default","ast-page-background-meta":{"desktop":{"background-color":"var(--ast-global-color-4)","background-image":"","background-repeat":"repeat","background-position":"center center","background-size":"auto","background-attachment":"scroll","background-type":"","background-media":"","overlay-type":"","overlay-color":"","overlay-opacity":"","overlay-gradient":""},"tablet":{"background-color":"","background-image":"","background-repeat":"repeat","background-position":"center center","background-size":"auto","background-attachment":"scroll","background-type":"","background-media":"","overlay-type":"","overlay-color":"","overlay-opacity":"","overlay-gradient":""},"mobile":{"background-color":"","background-image":"","background-repeat":"repeat","background-position":"center center","background-size":"auto","background-attachment":"scroll","background-type":"","background-media":"","overlay-type":"","overlay-color":"","overlay-opacity":"","overlay-gradient":""}},"ast-content-background-meta":{"desktop":{"background-color":"var(--ast-global-color-5)","background-image":"","background-repeat":"repeat","background-position":"center center","background-size":"auto","background-attachment":"scroll","background-type":"","background-media":"","overlay-type":"","overlay-color":"","overlay-opacity":"","overlay-gradient":""},"tablet":{"background-color":"var(--ast-global-color-5)","background-image":"","background-repeat":"repeat","background-position":"center center","background-size":"auto","background-attachment":"scroll","background-type":"","background-media":"","overlay-type":"","overlay-color":"","overlay-opacity":"","overlay-gradient":""},"mobile":{"background-color":"var(--ast-global-color-5)","background-image":"","background-repeat":"repeat","background-position":"center center","background-size":"auto","background-attachment":"scroll","background-type":"","background-media":"","overlay-type":"","overlay-color":"","overlay-opacity":"","overlay-gradient":""}},"footnotes":""},"categories":[8],"tags":[22949,22948,15345],"class_list":["post-69743","post","type-post","status-publish","format-standard","has-post-thumbnail","hentry","category-noticias","tag-fany-meraz","tag-ley-acida-en-puebla","tag-ley-monzon"],"_links":{"self":[{"href":"https:\/\/losperiodistas.com.mx\/portal\/wp-json\/wp\/v2\/posts\/69743","targetHints":{"allow":["GET"]}}],"collection":[{"href":"https:\/\/losperiodistas.com.mx\/portal\/wp-json\/wp\/v2\/posts"}],"about":[{"href":"https:\/\/losperiodistas.com.mx\/portal\/wp-json\/wp\/v2\/types\/post"}],"author":[{"embeddable":true,"href":"https:\/\/losperiodistas.com.mx\/portal\/wp-json\/wp\/v2\/users\/1"}],"replies":[{"embeddable":true,"href":"https:\/\/losperiodistas.com.mx\/portal\/wp-json\/wp\/v2\/comments?post=69743"}],"version-history":[{"count":1,"href":"https:\/\/losperiodistas.com.mx\/portal\/wp-json\/wp\/v2\/posts\/69743\/revisions"}],"predecessor-version":[{"id":69745,"href":"https:\/\/losperiodistas.com.mx\/portal\/wp-json\/wp\/v2\/posts\/69743\/revisions\/69745"}],"wp:featuredmedia":[{"embeddable":true,"href":"https:\/\/losperiodistas.com.mx\/portal\/wp-json\/wp\/v2\/media\/69744"}],"wp:attachment":[{"href":"https:\/\/losperiodistas.com.mx\/portal\/wp-json\/wp\/v2\/media?parent=69743"}],"wp:term":[{"taxonomy":"category","embeddable":true,"href":"https:\/\/losperiodistas.com.mx\/portal\/wp-json\/wp\/v2\/categories?post=69743"},{"taxonomy":"post_tag","embeddable":true,"href":"https:\/\/losperiodistas.com.mx\/portal\/wp-json\/wp\/v2\/tags?post=69743"}],"curies":[{"name":"wp","href":"https:\/\/api.w.org\/{rel}","templated":true}]}}