{"id":69732,"date":"2024-03-02T08:00:18","date_gmt":"2024-03-02T14:00:18","guid":{"rendered":"https:\/\/losperiodistas.com.mx\/portal\/?p=69732"},"modified":"2024-03-02T08:00:20","modified_gmt":"2024-03-02T14:00:20","slug":"dia-mundial-del-bienestar-mental-para-adolescentes-did","status":"publish","type":"post","link":"https:\/\/losperiodistas.com.mx\/portal\/dia-mundial-del-bienestar-mental-para-adolescentes-did\/","title":{"rendered":"D\u00eda Mundial del Bienestar Mental para Adolescentes | DID"},"content":{"rendered":"\n<div class=\"wp-block-image\"><figure class=\"alignleft size-full\"><img fetchpriority=\"high\" decoding=\"async\" width=\"305\" height=\"203\" src=\"https:\/\/losperiodistas.com.mx\/portal\/wp-content\/uploads\/2024\/03\/03-02_dia-mundial-bienestar-mental-adolescentes.jpeg\" alt=\"\" class=\"wp-image-69733\" srcset=\"https:\/\/losperiodistas.com.mx\/portal\/wp-content\/uploads\/2024\/03\/03-02_dia-mundial-bienestar-mental-adolescentes.jpeg 305w, https:\/\/losperiodistas.com.mx\/portal\/wp-content\/uploads\/2024\/03\/03-02_dia-mundial-bienestar-mental-adolescentes-300x200.jpeg 300w\" sizes=\"(max-width: 305px) 100vw, 305px\" \/><\/figure><\/div>\n\n\n\n<p><\/p>\n\n\n\n<p class=\"has-vivid-red-color has-text-color has-medium-font-size\"><strong>REDACCI\u00d3N DIA INTERNACIONAL DE<\/strong><\/p>\n\n\n\n<p>Cada 2 de marzo se celebra el&nbsp;<strong>D\u00eda Mundial del Bienestar Mental de los Adolescentes<\/strong>, con la finalidad de sensibilizar a la poblaci\u00f3n acerca de los problemas de salud mental que afrontan los adolescentes, as\u00ed como desestigmatizar este tipo de trastornos y ofrecerles apoyo.<\/p>\n\n\n\n<h2 class=\"wp-block-heading\" id=\"resTit_1\">Origen de este d\u00eda mundial<\/h2>\n\n\n\n<p>La creaci\u00f3n del&nbsp;<strong>D\u00eda Mundial del Bienestar Mental para Adolescentes<\/strong>&nbsp;en el a\u00f1o 2020 ha sido gracias a la iniciativa de The Hollister Confidence Project, con la finalidad de observar el bienestar mental de los adolescentes. Se fij\u00f3 como fecha de celebraci\u00f3n de esta efem\u00e9ride el d\u00eda 2 de marzo de cada a\u00f1o.<\/p>\n\n\n\n<h2 class=\"wp-block-heading\" id=\"resTit_2\">\u00bfQu\u00e9 es Proyecto de Confianza de Hollister?<\/h2>\n\n\n\n<p>El\u00a0<strong>Proyecto de Confianza de Hollister<\/strong>\u00a0es una iniciativa impulsada por personas que se dedican a ayudar a los adolescentes de todo el mundo a sentirse m\u00e1s seguros y capaces.<\/p>\n\n\n\n<p>Cuenta con el apoyo de&nbsp;<strong>The Hollister Confidence Fund<\/strong>, una organizaci\u00f3n que otorga subvenciones a grupos sin fines de lucro, con proyectos vinculados con las siguientes \u00e1reas:<\/p>\n\n\n\n<ul class=\"wp-block-list\"><li>Salud mental de adolescentes.<\/li><li>Equidad para j\u00f3venes negros, ind\u00edgenas y personas de color (BIPOC).<\/li><li>Inclusi\u00f3n para j\u00f3venes LGBTQ.<\/li><li>Detenci\u00f3n del acoso escolar.<\/li><\/ul>\n\n\n\n<h2 class=\"wp-block-heading\" id=\"resTit_3\">Trastornos de salud mental m\u00e1s comunes en adolescentes<\/h2>\n\n\n\n<p>La adolescencia es una etapa del desarrollo humano fundamental para la formaci\u00f3n de h\u00e1bitos sociales y emocionales que impactan en el bienestar mental del individuo.<\/p>\n\n\n\n<figure class=\"wp-block-image\"><img decoding=\"async\" src=\"https:\/\/www.diainternacionalde.com\/imagenes\/dias\/marzo\/03-02_dia-mundial-bienestar-mental-adolescentes_m.jpg\" alt=\"\" title=\"\"\/><\/figure>\n\n\n\n<p>Al respecto, diversos estudios y estad\u00edsticas sostienen que uno de cada cinco adolescentes presenta una afecci\u00f3n de salud mental.<\/p>\n\n\n\n<p>Algunos de los&nbsp;<strong>trastornos de salud mental m\u00e1s comunes<\/strong>&nbsp;en los adolescentes son los siguientes:<\/p>\n\n\n\n<ul class=\"wp-block-list\"><li>Ansiedad.<\/li><li>Alteraci\u00f3n del estado de \u00e1nimo.<\/li><li>D\u00e9ficit de atenci\u00f3n y otros trastornos del comportamiento.<\/li><li>Trastornos de la alimentaci\u00f3n (anorexia, bulimia).<\/li><li>Suicidio.<\/li><li>Depresi\u00f3n.<\/li><li>Psicosis.<\/li><li>Conductas de riesgo: consumo de sustancias estupefacientes, pr\u00e1cticas sexuales de riesgo.<\/li><li>Comportamientos de autolesi\u00f3n: cortarse o quemarse la piel.<\/li><\/ul>\n\n\n\n<p>Es de vital importancia dise\u00f1ar y aplicar estrategias de apoyo de salud mental dirigidas a los adolescentes, mediante la aplicaci\u00f3n de diversos recursos que beneficien su bienestar psicol\u00f3gico y que impacten de manera positiva en sus vidas, a trav\u00e9s del aprendizaje socioemocional.<\/p>\n\n\n\n<h2 class=\"wp-block-heading\" id=\"resTit_4\">Filmograf\u00eda sobre la salud mental en la adolescencia<\/h2>\n\n\n\n<p>A continuaci\u00f3n mencionamos algunos t\u00edtulos de pel\u00edculas, relacionados con el bienestar mental en los adolescentes:<\/p>\n\n\n\n<ul class=\"wp-block-list\"><li><em><strong>Las Ventajas de ser un Marginado (Estados Unidos. Director: Stephen Chbosky. A\u00f1o 2012):&nbsp;<\/strong><\/em>un joven t\u00edmido y marginado escribe varias cartas a una persona desconocida en las que aborda situaciones como la amistad y los conflictos familiares. Deber\u00e1 aprender a afrontar dificultades, para encajar y sentirse bien consigo mismo.<\/li><li><em><strong>Elephant (Estados Unidos. Director: Gus Van Sant. A\u00f1o 2003):&nbsp;<\/strong><\/em>pel\u00edcula basada en hechos reales, que refleja el atentado efectuado por dos adolescentes en el Instituto Columbine.<\/li><li><em><strong>Inocencia Interrumpida (Estados Unidos. Director: James Mangold. A\u00f1o 1999):&nbsp;<\/strong><\/em>una joven con trastorno de la personalidad ha sido ingresada al Hospital Claymoore. All\u00ed conoce a un grupo de chicas inadaptadas que la ayudar\u00e1n a encontrarse a s\u00ed misma.<\/li><li><em><strong>Un Mundo a su Medida (Estados Unidos. Director: Peter Chelsom. A\u00f1o 1998):<\/strong><\/em>&nbsp;dos adolescentes que son discriminados por la sociedad se unen, iniciando una entra\u00f1able amistad.<\/li><\/ul>\n\n\n\n<p>Puedes consultar informaci\u00f3n adicional sobre este tema, en los siguientes art\u00edculos:<\/p>\n\n\n\n<ul class=\"wp-block-list\"><li><strong><a href=\"https:\/\/www.diainternacionalde.com\/ficha\/dia-mundial-autolesion\" target=\"_blank\" rel=\"noreferrer noopener\">D\u00eda Mundial de la Concienciaci\u00f3n sobre la Autolesi\u00f3n<\/a>.<\/strong><\/li><li><strong><a href=\"https:\/\/www.diainternacionalde.com\/ficha\/dia-mundial-salud-mental\" target=\"_blank\" rel=\"noreferrer noopener\">D\u00eda Mundial de la Salud Mental<\/a>.<\/strong><\/li><li><strong><a href=\"https:\/\/www.diainternacionalde.com\/ficha\/dia-mundial-lucha-depresion\" target=\"_blank\" rel=\"noreferrer noopener\">D\u00eda Mundial de Lucha contra la Depresi\u00f3n<\/a>.<\/strong><\/li><li><strong><a href=\"https:\/\/www.diainternacionalde.com\/ficha\/dia-internacional-prevencion-suicidio\" target=\"_blank\" rel=\"noreferrer noopener\">D\u00eda Internacional para la Prevenci\u00f3n del Suicidio<\/a>.<\/strong><\/li><\/ul>\n\n\n\n<p>Comparte informaci\u00f3n \u00fatil e interesante sobre el\u00a0<strong>D\u00eda Mundial del Bienestar Mental para Adolescentes<\/strong>\u00a0en las redes sociales. Utiliza los hashtags\u00a0<em><strong>#WorldTeenMentalWellnessDay #bienestarmental #adolescentes<\/strong><\/em><\/p>\n\n\n\n<p>Fuente: <a href=\"https:\/\/www.diainternacionalde.com\/ficha\/dia-mundial-bienestar-mental-adolescentes\">https:\/\/www.diainternacionalde.com\/ficha\/dia-mundial-bienestar-mental-adolescentes<\/a><\/p>\n","protected":false},"excerpt":{"rendered":"<p>REDACCI\u00d3N DIA INTERNACIONAL DE Cada 2 de marzo se celebra el&nbsp;D\u00eda Mundial del Bienestar Mental de los Adolescentes, con la [&hellip;]<\/p>\n","protected":false},"author":1,"featured_media":69733,"comment_status":"open","ping_status":"open","sticky":false,"template":"","format":"standard","meta":{"site-sidebar-layout":"default","site-content-layout":"","ast-site-content-layout":"default","site-content-style":"default","site-sidebar-style":"default","ast-global-header-display":"","ast-banner-title-visibility":"","ast-main-header-display":"","ast-hfb-above-header-display":"","ast-hfb-below-header-display":"","ast-hfb-mobile-header-display":"","site-post-title":"","ast-breadcrumbs-content":"","ast-featured-img":"","footer-sml-layout":"","theme-transparent-header-meta":"","adv-header-id-meta":"","stick-header-meta":"","header-above-stick-meta":"","header-main-stick-meta":"","header-below-stick-meta":"","astra-migrate-meta-layouts":"default","ast-page-background-enabled":"default","ast-page-background-meta":{"desktop":{"background-color":"var(--ast-global-color-4)","background-image":"","background-repeat":"repeat","background-position":"center center","background-size":"auto","background-attachment":"scroll","background-type":"","background-media":"","overlay-type":"","overlay-color":"","overlay-opacity":"","overlay-gradient":""},"tablet":{"background-color":"","background-image":"","background-repeat":"repeat","background-position":"center center","background-size":"auto","background-attachment":"scroll","background-type":"","background-media":"","overlay-type":"","overlay-color":"","overlay-opacity":"","overlay-gradient":""},"mobile":{"background-color":"","background-image":"","background-repeat":"repeat","background-position":"center center","background-size":"auto","background-attachment":"scroll","background-type":"","background-media":"","overlay-type":"","overlay-color":"","overlay-opacity":"","overlay-gradient":""}},"ast-content-background-meta":{"desktop":{"background-color":"var(--ast-global-color-5)","background-image":"","background-repeat":"repeat","background-position":"center center","background-size":"auto","background-attachment":"scroll","background-type":"","background-media":"","overlay-type":"","overlay-color":"","overlay-opacity":"","overlay-gradient":""},"tablet":{"background-color":"var(--ast-global-color-5)","background-image":"","background-repeat":"repeat","background-position":"center center","background-size":"auto","background-attachment":"scroll","background-type":"","background-media":"","overlay-type":"","overlay-color":"","overlay-opacity":"","overlay-gradient":""},"mobile":{"background-color":"var(--ast-global-color-5)","background-image":"","background-repeat":"repeat","background-position":"center center","background-size":"auto","background-attachment":"scroll","background-type":"","background-media":"","overlay-type":"","overlay-color":"","overlay-opacity":"","overlay-gradient":""}},"footnotes":""},"categories":[8],"tags":[22941,22940,22939,22942],"class_list":["post-69732","post","type-post","status-publish","format-standard","has-post-thumbnail","hentry","category-noticias","tag-adolescentes-2","tag-bienestarmental","tag-worldteenmentalwellnessday","tag-proyecto-de-confianza-de-hollister"],"_links":{"self":[{"href":"https:\/\/losperiodistas.com.mx\/portal\/wp-json\/wp\/v2\/posts\/69732","targetHints":{"allow":["GET"]}}],"collection":[{"href":"https:\/\/losperiodistas.com.mx\/portal\/wp-json\/wp\/v2\/posts"}],"about":[{"href":"https:\/\/losperiodistas.com.mx\/portal\/wp-json\/wp\/v2\/types\/post"}],"author":[{"embeddable":true,"href":"https:\/\/losperiodistas.com.mx\/portal\/wp-json\/wp\/v2\/users\/1"}],"replies":[{"embeddable":true,"href":"https:\/\/losperiodistas.com.mx\/portal\/wp-json\/wp\/v2\/comments?post=69732"}],"version-history":[{"count":1,"href":"https:\/\/losperiodistas.com.mx\/portal\/wp-json\/wp\/v2\/posts\/69732\/revisions"}],"predecessor-version":[{"id":69734,"href":"https:\/\/losperiodistas.com.mx\/portal\/wp-json\/wp\/v2\/posts\/69732\/revisions\/69734"}],"wp:featuredmedia":[{"embeddable":true,"href":"https:\/\/losperiodistas.com.mx\/portal\/wp-json\/wp\/v2\/media\/69733"}],"wp:attachment":[{"href":"https:\/\/losperiodistas.com.mx\/portal\/wp-json\/wp\/v2\/media?parent=69732"}],"wp:term":[{"taxonomy":"category","embeddable":true,"href":"https:\/\/losperiodistas.com.mx\/portal\/wp-json\/wp\/v2\/categories?post=69732"},{"taxonomy":"post_tag","embeddable":true,"href":"https:\/\/losperiodistas.com.mx\/portal\/wp-json\/wp\/v2\/tags?post=69732"}],"curies":[{"name":"wp","href":"https:\/\/api.w.org\/{rel}","templated":true}]}}