{"id":69728,"date":"2024-03-02T07:49:20","date_gmt":"2024-03-02T13:49:20","guid":{"rendered":"https:\/\/losperiodistas.com.mx\/portal\/?p=69728"},"modified":"2024-03-02T07:49:22","modified_gmt":"2024-03-02T13:49:22","slug":"adios-a-iris-apfel-una-vida-llena-de-color-para-la-disenadora-de-la-casa-blanca-vanitatis","status":"publish","type":"post","link":"https:\/\/losperiodistas.com.mx\/portal\/adios-a-iris-apfel-una-vida-llena-de-color-para-la-disenadora-de-la-casa-blanca-vanitatis\/","title":{"rendered":"Adi\u00f3s a Iris Apfel, una vida llena de color para la dise\u00f1adora de la Casa Blanca | Vanitatis"},"content":{"rendered":"\n<h2 class=\"has-background has-medium-font-size wp-block-heading\" style=\"background-color:#5ff7be\">La fashionista que conquist\u00f3 al mundo con su visi\u00f3n colorida y formas poco convencionales en un siglo de vida<\/h2>\n\n\n\n<figure class=\"wp-block-image size-large\"><img fetchpriority=\"high\" decoding=\"async\" width=\"1024\" height=\"768\" src=\"https:\/\/losperiodistas.com.mx\/portal\/wp-content\/uploads\/2024\/03\/f.elconfidencial.com_original_2c2_cfc_847_2c2cfc8479986117eaeede982b989a03-1024x768.jpg\" alt=\"\" class=\"wp-image-69729\" srcset=\"https:\/\/losperiodistas.com.mx\/portal\/wp-content\/uploads\/2024\/03\/f.elconfidencial.com_original_2c2_cfc_847_2c2cfc8479986117eaeede982b989a03-1024x768.jpg 1024w, https:\/\/losperiodistas.com.mx\/portal\/wp-content\/uploads\/2024\/03\/f.elconfidencial.com_original_2c2_cfc_847_2c2cfc8479986117eaeede982b989a03-300x225.jpg 300w, https:\/\/losperiodistas.com.mx\/portal\/wp-content\/uploads\/2024\/03\/f.elconfidencial.com_original_2c2_cfc_847_2c2cfc8479986117eaeede982b989a03-768x576.jpg 768w, https:\/\/losperiodistas.com.mx\/portal\/wp-content\/uploads\/2024\/03\/f.elconfidencial.com_original_2c2_cfc_847_2c2cfc8479986117eaeede982b989a03.jpg 1200w\" sizes=\"(max-width: 1024px) 100vw, 1024px\" \/><figcaption>Su forma de vestir y sus dise\u00f1os ayudaron a crear algunas tendencias actuales<\/figcaption><\/figure>\n\n\n\n<p class=\"has-vivid-red-color has-text-color has-medium-font-size\"><strong>F\u00c1TIMA GARAY \/ VANITATIS<\/strong><\/p>\n\n\n\n<p>Apasionada, creativa y \u00fanica, as\u00ed es como las personas defin\u00edan a Iris Apfel, quien falleci\u00f3 este viernes, 1 de marzo, a sus 102 a\u00f1os. Este icono de la moda del barrio neoyorkino de Queens&nbsp;<strong>era reconocible a kil\u00f3metros&nbsp;<\/strong>por sus enormes gafas de pasta negra, su complemento favorito para cada ocasi\u00f3n.<\/p>\n\n\n\n<p>La devastadora noticia\u00a0<strong>fue confirmada en su perfil de Instagram.<\/strong>\u00a0En el post aparece con vestido negro y dorado, gafas negras y labios y u\u00f1as rojas. La foto la acompa\u00f1a un mensaje corto: \u201cIris Barrel Apfel: 29 de agosto de 1921-1 de marzo de 2024\u201d.<\/p>\n\n\n\n<figure class=\"wp-block-image size-large\"><img decoding=\"async\" width=\"759\" height=\"1024\" src=\"https:\/\/losperiodistas.com.mx\/portal\/wp-content\/uploads\/2024\/03\/Captura-de-Pantalla-2024-03-02-a-las-7.42.01-759x1024.jpg\" alt=\"\" class=\"wp-image-69730\" srcset=\"https:\/\/losperiodistas.com.mx\/portal\/wp-content\/uploads\/2024\/03\/Captura-de-Pantalla-2024-03-02-a-las-7.42.01-759x1024.jpg 759w, https:\/\/losperiodistas.com.mx\/portal\/wp-content\/uploads\/2024\/03\/Captura-de-Pantalla-2024-03-02-a-las-7.42.01-222x300.jpg 222w, https:\/\/losperiodistas.com.mx\/portal\/wp-content\/uploads\/2024\/03\/Captura-de-Pantalla-2024-03-02-a-las-7.42.01-768x1036.jpg 768w, https:\/\/losperiodistas.com.mx\/portal\/wp-content\/uploads\/2024\/03\/Captura-de-Pantalla-2024-03-02-a-las-7.42.01.jpg 1108w\" sizes=\"(max-width: 759px) 100vw, 759px\" \/><figcaption><a href=\"https:\/\/www.instagram.com\/p\/C3_geMFu15Y\/?utm_source=ig_web_copy_link\">VER EN INSTAGRAM<\/a><\/figcaption><\/figure>\n\n\n\n<p>Stu Loeser, portavoz de su patrimonio, confirm\u00f3 al diario&nbsp;<em>The New York Times<\/em>&nbsp;que la dise\u00f1adora&nbsp;<strong>falleci\u00f3 en su casa de Palm Beach<\/strong>, Florida. Sin embargo, a\u00fan no se ha desvelado la causa de su muerte. El jueves, 29 de febrero, habr\u00eda sido la \u00faltima publicaci\u00f3n que habr\u00eda compartido Apfel en sus redes sociales.<\/p>\n\n\n\n<h2 class=\"wp-block-heading\">Una vida con estilo<\/h2>\n\n\n\n<p>Con m\u00e1s de tres millones de seguidores en Instagram, la tambi\u00e9n modelo&nbsp;<strong>sigui\u00f3 dando lecciones de tendencias y maquillaje&nbsp;<\/strong>hasta los \u00faltimos momentos de su vida. Su hipn\u00f3tico atractivo fue descubierto en una exposici\u00f3n de su colecci\u00f3n en el Metropolitan de Nueva York, en 2005, cuando Apfel contaba con 84 a\u00f1os. Desde entonces materializ\u00f3&nbsp;<a href=\"https:\/\/www.vanitatis.elconfidencial.com\/estilo\/belleza\/2022-10-03\/iris-apfel-coleccion-maquillaje-ciate-london_3498400\/\">campa\u00f1as<\/a>&nbsp;de joyer\u00eda, moda e incluso de helados.<\/p>\n\n\n\n<p>Nacida en 1921 en el seno de una familia jud\u00eda de Queens, Apfel estudi\u00f3 historia del arte. Adem\u00e1s, como una extravagante decoradora de interiores,\u00a0<strong>ayud\u00f3 a renovar la Casa Blanca<\/strong>\u00a0para nueve presidentes, de Harry Truman a Bill Clinton.<\/p>\n\n\n\n<p class=\"has-cyan-bluish-gray-background-color has-background\">TE PUEDE INTERESAR<a href=\"https:\/\/www.vanitatis.elconfidencial.com\/estilo\/2013-03-29\/iris-apfel-demuestra-que-el-estilo-no-tiene-edad-ni-complejos_545852\/\">Iris Apfel demuestra que el estilo no tiene edad ni complejos<\/a>A.Parrado<\/p>\n\n\n\n<p>Aunque se convirti\u00f3 en un gigante de la moda en sus \u00faltimos a\u00f1os,&nbsp;<strong>sus primeros pasos fueron como experta textil.<\/strong>&nbsp;En 1947, junto a su marido Carl Apfel, fundaron Old World Weavers, una empresa que trabaj\u00f3 con personalidades de la \u00e9poca como Greta Garbo o&nbsp;<a href=\"https:\/\/www.elconfidencial.com\/mercados\/the-wall-street-journal\/2023-11-18\/estee-lauder-imperio-belleza-ruptura-sucesion_3776400\/\">Est\u00e9e Lauder<\/a>.<\/p>\n\n\n\n<p>En 2014, la empresaria fue protagonista del documental \u2018Iris\u2019, dirigido por Albert Maysles, en donde se detalla c\u00f3mo se convirti\u00f3 en un referente en tendencias de moda y en un ejemplo de vida al demostrar que\u00a0<strong>nunca se es demasiado mayor para destacar<\/strong>\u00a0en lo que m\u00e1s te gusta.<\/p>\n\n\n\n<figure class=\"wp-block-embed is-type-video is-provider-youtube wp-block-embed-youtube wp-embed-aspect-16-9 wp-has-aspect-ratio\"><div class=\"wp-block-embed__wrapper\">\n<iframe title=\"Iris - Official Trailer\" width=\"500\" height=\"281\" src=\"https:\/\/www.youtube.com\/embed\/7PhVcp1sGqY?feature=oembed\" frameborder=\"0\" allow=\"accelerometer; autoplay; clipboard-write; encrypted-media; gyroscope; picture-in-picture; web-share\" referrerpolicy=\"strict-origin-when-cross-origin\" allowfullscreen><\/iframe>\n<\/div><\/figure>\n\n\n\n<p><\/p>\n\n\n\n<h2 class=\"wp-block-heading\">Influencer de belleza a los 100 a\u00f1os<\/h2>\n\n\n\n<p>Con 101 a\u00f1os, Apfel present\u00f3 una&nbsp;<a href=\"https:\/\/www.vanitatis.elconfidencial.com\/estilo\/moda\/2022-04-01\/hm-nueva-coleccion-iris-apfel-tendencia-primavera_3400784\/\">colecci\u00f3n<\/a>&nbsp;de ropa con H&amp;M, el que&nbsp;<strong>se convertir\u00eda en uno de sus \u00faltimos trabajos<\/strong>. Las prendas que mostr\u00f3 estaban llenas de color y patrones con formas distintas, una de sus m\u00e1ximas se\u00f1as de identidad.<\/p>\n\n\n\n<p>\u201cEl mundo puede ser un lugar gris, por lo que los colores, patrones y texturas\u00a0<strong>son una forma de darle vida a un poco de diversi\u00f3n<\/strong>. Lo mismo ocurre con el maquillaje: quiero que mis l\u00e1pices labiales sean los m\u00e1s brillantes y atrevidos posibles\u201d, dijo en una entrevista a la revista\u00a0<em>People<\/em>\u00a0en 2022.<\/p>\n\n\n\n<figure class=\"wp-block-embed is-type-video is-provider-tiktok wp-block-embed-tiktok\"><div class=\"wp-block-embed__wrapper\">\n<blockquote class=\"tiktok-embed\" cite=\"https:\/\/www.tiktok.com\/@justjamiepandit\/video\/7086127052625022214\" data-video-id=\"7086127052625022214\" data-embed-from=\"oembed\" style=\"max-width:605px; min-width:325px;\"> <section> <a target=\"_blank\" title=\"@justjamiepandit\" href=\"https:\/\/www.tiktok.com\/@justjamiepandit?refer=embed\">@justjamiepandit<\/a> <p>Trans Aunty checking out Iris Apfel x @hm.official collection <a title=\"hm\" target=\"_blank\" href=\"https:\/\/www.tiktok.com\/tag\/hm?refer=embed\">#hm<\/a> <a title=\"tiktokfashion\" target=\"_blank\" href=\"https:\/\/www.tiktok.com\/tag\/tiktokfashion?refer=embed\">#tiktokfashion<\/a> <a title=\"style\" target=\"_blank\" href=\"https:\/\/www.tiktok.com\/tag\/style?refer=embed\">#style<\/a> <a title=\"foryoupage\" target=\"_blank\" href=\"https:\/\/www.tiktok.com\/tag\/foryoupage?refer=embed\">#foryoupage<\/a> <a title=\"fyp\" target=\"_blank\" href=\"https:\/\/www.tiktok.com\/tag\/fyp?refer=embed\">#fyp<\/a><\/p> <a target=\"_blank\" title=\"\u266c Come Check This - FETISH\" href=\"https:\/\/www.tiktok.com\/music\/Come-Check-This-6812596419724052482?refer=embed\">\u266c Come Check This &#8211; FETISH<\/a> <\/section> <\/blockquote> <script async src=\"https:\/\/www.tiktok.com\/embed.js\"><\/script>\n<\/div><\/figure>\n\n\n\n<p><\/p>\n\n\n\n<p>Lo cierto es que Apfel nunca evit\u00f3 el color ni las siluetas poco convencionales. Sus dise\u00f1os atractivos, coloridos y llenos de vida reflejan que el estilo es una actitud. Tal y como dijo ella p\u00fablicamente: \u201cExperimenta con tu imagen, pero\u00a0<strong>siempre s\u00e9 t\u00fa mismo<\/strong>\u201d. Sin duda, una frase que refleja su filosof\u00eda, enfoque poco convencional y su<a href=\"https:\/\/www.vanitatis.elconfidencial.com\/estilo\/moda\/2019-02-08\/iris-apfel-img-agencia-modelos_1809958\/\">\u00a0perspectiva<\/a>\u00a0\u00fanica del mundo.<\/p>\n\n\n\n<p>Fuente: <a href=\"https:\/\/www.vanitatis.elconfidencial.com\/estilo\/2024-03-02\/iris-apfel-disenadora-influencer-muere-102-anos_3841231\/\">https:\/\/www.vanitatis.elconfidencial.com\/estilo\/2024-03-02\/iris-apfel-disenadora-influencer-muere-102-anos_3841231\/<\/a><\/p>\n","protected":false},"excerpt":{"rendered":"<p>La fashionista que conquist\u00f3 al mundo con su visi\u00f3n colorida y formas poco convencionales en un siglo de vida F\u00c1TIMA [&hellip;]<\/p>\n","protected":false},"author":1,"featured_media":69729,"comment_status":"open","ping_status":"open","sticky":false,"template":"","format":"standard","meta":{"site-sidebar-layout":"default","site-content-layout":"","ast-site-content-layout":"default","site-content-style":"default","site-sidebar-style":"default","ast-global-header-display":"","ast-banner-title-visibility":"","ast-main-header-display":"","ast-hfb-above-header-display":"","ast-hfb-below-header-display":"","ast-hfb-mobile-header-display":"","site-post-title":"","ast-breadcrumbs-content":"","ast-featured-img":"","footer-sml-layout":"","theme-transparent-header-meta":"","adv-header-id-meta":"","stick-header-meta":"","header-above-stick-meta":"","header-main-stick-meta":"","header-below-stick-meta":"","astra-migrate-meta-layouts":"default","ast-page-background-enabled":"default","ast-page-background-meta":{"desktop":{"background-color":"var(--ast-global-color-4)","background-image":"","background-repeat":"repeat","background-position":"center center","background-size":"auto","background-attachment":"scroll","background-type":"","background-media":"","overlay-type":"","overlay-color":"","overlay-opacity":"","overlay-gradient":""},"tablet":{"background-color":"","background-image":"","background-repeat":"repeat","background-position":"center center","background-size":"auto","background-attachment":"scroll","background-type":"","background-media":"","overlay-type":"","overlay-color":"","overlay-opacity":"","overlay-gradient":""},"mobile":{"background-color":"","background-image":"","background-repeat":"repeat","background-position":"center center","background-size":"auto","background-attachment":"scroll","background-type":"","background-media":"","overlay-type":"","overlay-color":"","overlay-opacity":"","overlay-gradient":""}},"ast-content-background-meta":{"desktop":{"background-color":"var(--ast-global-color-5)","background-image":"","background-repeat":"repeat","background-position":"center center","background-size":"auto","background-attachment":"scroll","background-type":"","background-media":"","overlay-type":"","overlay-color":"","overlay-opacity":"","overlay-gradient":""},"tablet":{"background-color":"var(--ast-global-color-5)","background-image":"","background-repeat":"repeat","background-position":"center center","background-size":"auto","background-attachment":"scroll","background-type":"","background-media":"","overlay-type":"","overlay-color":"","overlay-opacity":"","overlay-gradient":""},"mobile":{"background-color":"var(--ast-global-color-5)","background-image":"","background-repeat":"repeat","background-position":"center center","background-size":"auto","background-attachment":"scroll","background-type":"","background-media":"","overlay-type":"","overlay-color":"","overlay-opacity":"","overlay-gradient":""}},"footnotes":""},"categories":[8],"tags":[22938,22937,22936,2163],"class_list":["post-69728","post","type-post","status-publish","format-standard","has-post-thumbnail","hentry","category-noticias","tag-barrio-de-queens","tag-fashionista","tag-iris-apfel","tag-moda"],"_links":{"self":[{"href":"https:\/\/losperiodistas.com.mx\/portal\/wp-json\/wp\/v2\/posts\/69728","targetHints":{"allow":["GET"]}}],"collection":[{"href":"https:\/\/losperiodistas.com.mx\/portal\/wp-json\/wp\/v2\/posts"}],"about":[{"href":"https:\/\/losperiodistas.com.mx\/portal\/wp-json\/wp\/v2\/types\/post"}],"author":[{"embeddable":true,"href":"https:\/\/losperiodistas.com.mx\/portal\/wp-json\/wp\/v2\/users\/1"}],"replies":[{"embeddable":true,"href":"https:\/\/losperiodistas.com.mx\/portal\/wp-json\/wp\/v2\/comments?post=69728"}],"version-history":[{"count":1,"href":"https:\/\/losperiodistas.com.mx\/portal\/wp-json\/wp\/v2\/posts\/69728\/revisions"}],"predecessor-version":[{"id":69731,"href":"https:\/\/losperiodistas.com.mx\/portal\/wp-json\/wp\/v2\/posts\/69728\/revisions\/69731"}],"wp:featuredmedia":[{"embeddable":true,"href":"https:\/\/losperiodistas.com.mx\/portal\/wp-json\/wp\/v2\/media\/69729"}],"wp:attachment":[{"href":"https:\/\/losperiodistas.com.mx\/portal\/wp-json\/wp\/v2\/media?parent=69728"}],"wp:term":[{"taxonomy":"category","embeddable":true,"href":"https:\/\/losperiodistas.com.mx\/portal\/wp-json\/wp\/v2\/categories?post=69728"},{"taxonomy":"post_tag","embeddable":true,"href":"https:\/\/losperiodistas.com.mx\/portal\/wp-json\/wp\/v2\/tags?post=69728"}],"curies":[{"name":"wp","href":"https:\/\/api.w.org\/{rel}","templated":true}]}}