{"id":69724,"date":"2024-03-02T07:35:59","date_gmt":"2024-03-02T13:35:59","guid":{"rendered":"https:\/\/losperiodistas.com.mx\/portal\/?p=69724"},"modified":"2024-03-02T07:36:01","modified_gmt":"2024-03-02T13:36:01","slug":"cuidaremos-legado-de-amlo-promete-sheinbaum-en-inicio-de-campana-proceso","status":"publish","type":"post","link":"https:\/\/losperiodistas.com.mx\/portal\/cuidaremos-legado-de-amlo-promete-sheinbaum-en-inicio-de-campana-proceso\/","title":{"rendered":"\u00abCuidaremos legado de AMLO\u00bb, promete Sheinbaum en inicio de campa\u00f1a | Proceso"},"content":{"rendered":"\n<figure class=\"wp-block-image size-large\"><img fetchpriority=\"high\" decoding=\"async\" width=\"1024\" height=\"575\" src=\"https:\/\/losperiodistas.com.mx\/portal\/wp-content\/uploads\/2024\/03\/Captura-de-Pantalla-2024-03-02-a-las-7.29.41-1024x575.jpg\" alt=\"\" class=\"wp-image-69725\" srcset=\"https:\/\/losperiodistas.com.mx\/portal\/wp-content\/uploads\/2024\/03\/Captura-de-Pantalla-2024-03-02-a-las-7.29.41-1024x575.jpg 1024w, https:\/\/losperiodistas.com.mx\/portal\/wp-content\/uploads\/2024\/03\/Captura-de-Pantalla-2024-03-02-a-las-7.29.41-300x169.jpg 300w, https:\/\/losperiodistas.com.mx\/portal\/wp-content\/uploads\/2024\/03\/Captura-de-Pantalla-2024-03-02-a-las-7.29.41-768x431.jpg 768w, https:\/\/losperiodistas.com.mx\/portal\/wp-content\/uploads\/2024\/03\/Captura-de-Pantalla-2024-03-02-a-las-7.29.41.jpg 1278w\" sizes=\"(max-width: 1024px) 100vw, 1024px\" \/><figcaption><a href=\"https:\/\/videos.jornada.com.mx\/player\/73030269\/inicia-sheinbaum-su-campana-por-la-presidencia-de-\/\">VIDEO<\/a><\/figcaption><\/figure>\n\n\n\n<p class=\"has-vivid-red-color has-text-color has-medium-font-size\"><strong><a href=\"https:\/\/www.jornada.com.mx\/autores\/Alma%20E.%20Mu%C3%B1oz,%20Enrique%20M%C3%A9ndez%20y%20C%C3%A9sar%20Arellano\">Alma E. Mu\u00f1oz, Enrique M\u00e9ndez y C\u00e9sar Arellano<\/a> \/ PROCESO<\/strong><\/p>\n\n\n\n<p><em>Ciudad de M\u00e9xico.<\/em>&nbsp;En el arranque de su campa\u00f1a por la Presidencia de la Rep\u00fablica, ante un Z\u00f3calo capitalino lleno, Claudia Sheinbaum afirm\u00f3 que cuidar\u00e1 el legado del presidente Andr\u00e9s Manuel L\u00f3pez Obrador y llam\u00f3 a los partidos de la coalici\u00f3n Sigamos Haciendo Historia y a sus simpatizantes a organizarse para ganar la elecci\u00f3n del 2 de junio.<\/p>\n\n\n\n<p>La candidata presidencial expres\u00f3: \u201cVamos a seguir haciendo historia. \u00bfSomos pueblo? \u00a1Vamos pueblo! Esta es la hora de seguir conquistando la esperanza y el porvenir. Vengo a decirles que protesto no mentir, no robar y nunca traicionar al pueblo y la dignidad de la Rep\u00fablica\u201d.<\/p>\n\n\n\n<p>Agreg\u00f3: \u201cHoy con sinceridad les digo, amo a mi patria y a mi pueblo y vamos a seguir haciendo p\u00f3litica con amor, no con odio. No les voy a traicionar, voy a estar a la altura de las circunstancias y vamos a seguir haciendo de M\u00e9xico el mejor pa\u00eds del mundo. Tengo claro que no llego yo, llegamos todos, con nuestros ancestros y con nuestras hijas\u201d.<\/p>\n\n\n\n<figure class=\"wp-block-embed is-type-rich is-provider-twitter wp-block-embed-twitter\"><div class=\"wp-block-embed__wrapper\">\n<blockquote class=\"twitter-tweet\" data-width=\"500\" data-dnt=\"true\"><p lang=\"es\" dir=\"ltr\">\u00a1Con el pueblo, por el pueblo, vamos pueblo! Esta es la hora de seguir conquistando la esperanza y el porvenir. \u00a1Que viva la Cuarta Transformaci\u00f3n! <a href=\"https:\/\/t.co\/WHeNFfzqIs\">pic.twitter.com\/WHeNFfzqIs<\/a><\/p>&mdash; Claudia Sheinbaum Pardo (@Claudiashein) <a href=\"https:\/\/twitter.com\/Claudiashein\/status\/1763741607344345145?ref_src=twsrc%5Etfw\">March 2, 2024<\/a><\/blockquote><script async src=\"https:\/\/platform.twitter.com\/widgets.js\" charset=\"utf-8\"><\/script>\n<\/div><\/figure>\n\n\n\n<p>Asumi\u00f3 que su obligaci\u00f3n ser\u00e1 llevar a M\u00e9xico por la paz, la seguridad, la democracia y dar continuidad a la austeridad republicana y cero corrupci\u00f3n.<\/p>\n\n\n\n<p>En un amplio discurso present\u00f3 los cien compromisos de su proyecto de naci\u00f3n, en los que hace suyo de reformas constitucionales del presidente Andr\u00e9s Manuel L\u00f3pez Obrador, consolidar y ampliar los proyectos y programas del Ejecutivo, as\u00ed como cumplir con sus postulados.<\/p>\n\n\n\n<p>Anticip\u00f3 que, de ganar, habr\u00e1 nuevos programas sociales para mujeres, j\u00f3venes, maestros, trabajadores, y anunci\u00f3 que continuar\u00e1 con el aumento del salario m\u00ednimo, que no regresar\u00e1n los gasolinazos y continuar\u00e1 la pol\u00edtica fiscal del actual gobierno.<\/p>\n\n\n\n<p>Entre los nuevos proyectos que plante\u00f3 est\u00e1 poner en \u00f3rbita un sat\u00e9lite mexicano para ampliar la red de telecomunicaciones; convertir a M\u00e9xico en potencia portuaria, fortalecer el di\u00e1logo con Estados Unidos para agilizar los cruces fronterizos; y echar abajo el sistema de pensiones de los sexenios de Ernesto Zedillo y Felipe Calder\u00f3n.<\/p>\n\n\n\n<p>Como parte de los anuncios, ofreci\u00f3 una pensi\u00f3n adicional para mujeres de 60 a 64 a\u00f1os, con un monto de la mitad de lo que actualmente se paga para adultos mayores.<\/p>\n\n\n\n<figure class=\"wp-block-embed is-type-rich is-provider-twitter wp-block-embed-twitter\"><div class=\"wp-block-embed__wrapper\">\n<blockquote class=\"twitter-tweet\" data-width=\"500\" data-dnt=\"true\"><p lang=\"es\" dir=\"ltr\">Las mujeres de 60 a 64 a\u00f1os recibir\u00e1n un apoyo bimestral equivalente a la mitad de la pensi\u00f3n de 65 y m\u00e1s. <a href=\"https:\/\/t.co\/E5wgUtkJmo\">pic.twitter.com\/E5wgUtkJmo<\/a><\/p>&mdash; Claudia Sheinbaum Pardo (@Claudiashein) <a href=\"https:\/\/twitter.com\/Claudiashein\/status\/1763746100379537748?ref_src=twsrc%5Etfw\">March 2, 2024<\/a><\/blockquote><script async src=\"https:\/\/platform.twitter.com\/widgets.js\" charset=\"utf-8\"><\/script>\n<\/div><\/figure>\n\n\n\n<p>Adelant\u00f3 que se someter\u00e1 a la revocaci\u00f3n de mandato.<\/p>\n\n\n\n<p>Sheinbaum Pardo resalt\u00f3 que la transformaci\u00f3n pac\u00edfica y democr\u00e1tica que ha alcanzado el pa\u00eds \u201ces una verdadera haza\u00f1a es un cambio verdadero sustentado en principios de honestidad amor al pueblo y amor a la patria\u201d.<\/p>\n\n\n\n<p>Sostuvo que, contrario a lo que piensan muchos, este cambio se ha logrado con di\u00e1logo, el debate profundo de las ideas y proyectos y con la participaci\u00f3n de todos los sectores.<\/p>\n\n\n\n<p>\u201cTengo m\u00e1s que claro que soy parte de un movimiento social que viene de lejos; que soy parte de ustedes; que no llegu\u00e9 aqu\u00ed sola y que el triunfo del 2 de junio ser\u00e1 el triunfo del pueblo de M\u00e9xico\u201d, afirm\u00f3.<\/p>\n\n\n\n<p>Los asistentes al Z\u00f3calo capitalino gritaron \u201c\u00a1presidenta, presidenta!\u201d y \u201c\u00a1no est\u00e1s sola, no est\u00e1s sola!\u201d<\/p>\n\n\n\n<p>En ese punto, resalt\u00f3 que a todos corresponder\u00e1 \u201cguardar el legado de un hombre que ha cambiado para bien la historia del pa\u00eds. Nos ha ense\u00f1ado a no caernos frente a ninguna adversidad; a no arrodillarnos frente al poder del dinero; a confiar en el pueblo y su dignidad; le decimos presidente: vamos a cuidar su legado y sepa, presidente, que el cierre de su gobierno ser\u00e1 espectacular porque una vez m\u00e1s con el pueblo de M\u00e9xico estaremos haciendo historia\u201d.<\/p>\n\n\n\n<p>Refiri\u00f3 que este a\u00f1o ser\u00e1 el aniversario de los 200 a\u00f1os de la rep\u00fablica con el primer presidente de M\u00e9xico, Guadalupe Victoria, \u201cy a 200 a\u00f1os nos va a corresponder ser la primera mujer presidenta de M\u00e9xico. Tengo claro que me va a corresponder luchar tambi\u00e9n por las mujeres de Mexico. Y, como dije en mi registro: hoy con sinceridad les digo amo a mi patria y amo a mi pueblo y vamos a seguir siendo pol\u00edtica con amor, no con odio\u201d.<\/p>\n\n\n\n<p>Sheinbaum estuvo acompa\u00f1ada en el templete de algunos integrantes de su equipo de campa\u00f1a y los candidatos a las ocho gubernaturas y la jefatura de Gobierno capitalino, que competir\u00e1n tambi\u00e9n el 2 de junio.<\/p>\n\n\n\n<p>Fuente: <a href=\"https:\/\/www.jornada.com.mx\/noticia\/2024\/03\/01\/politica\/se-cuidara-legado-de-amlo-asegura-sheinbaum-en-inicio-de-campana-3961\">https:\/\/www.jornada.com.mx\/noticia\/2024\/03\/01\/politica\/se-cuidara-legado-de-amlo-asegura-sheinbaum-en-inicio-de-campana-3961<\/a><\/p>\n","protected":false},"excerpt":{"rendered":"<p>Alma E. Mu\u00f1oz, Enrique M\u00e9ndez y C\u00e9sar Arellano \/ PROCESO Ciudad de M\u00e9xico.&nbsp;En el arranque de su campa\u00f1a por la [&hellip;]<\/p>\n","protected":false},"author":1,"featured_media":69726,"comment_status":"open","ping_status":"open","sticky":false,"template":"","format":"standard","meta":{"site-sidebar-layout":"default","site-content-layout":"","ast-site-content-layout":"default","site-content-style":"default","site-sidebar-style":"default","ast-global-header-display":"","ast-banner-title-visibility":"","ast-main-header-display":"","ast-hfb-above-header-display":"","ast-hfb-below-header-display":"","ast-hfb-mobile-header-display":"","site-post-title":"","ast-breadcrumbs-content":"","ast-featured-img":"","footer-sml-layout":"","theme-transparent-header-meta":"","adv-header-id-meta":"","stick-header-meta":"","header-above-stick-meta":"","header-main-stick-meta":"","header-below-stick-meta":"","astra-migrate-meta-layouts":"default","ast-page-background-enabled":"default","ast-page-background-meta":{"desktop":{"background-color":"var(--ast-global-color-4)","background-image":"","background-repeat":"repeat","background-position":"center center","background-size":"auto","background-attachment":"scroll","background-type":"","background-media":"","overlay-type":"","overlay-color":"","overlay-opacity":"","overlay-gradient":""},"tablet":{"background-color":"","background-image":"","background-repeat":"repeat","background-position":"center center","background-size":"auto","background-attachment":"scroll","background-type":"","background-media":"","overlay-type":"","overlay-color":"","overlay-opacity":"","overlay-gradient":""},"mobile":{"background-color":"","background-image":"","background-repeat":"repeat","background-position":"center center","background-size":"auto","background-attachment":"scroll","background-type":"","background-media":"","overlay-type":"","overlay-color":"","overlay-opacity":"","overlay-gradient":""}},"ast-content-background-meta":{"desktop":{"background-color":"var(--ast-global-color-5)","background-image":"","background-repeat":"repeat","background-position":"center center","background-size":"auto","background-attachment":"scroll","background-type":"","background-media":"","overlay-type":"","overlay-color":"","overlay-opacity":"","overlay-gradient":""},"tablet":{"background-color":"var(--ast-global-color-5)","background-image":"","background-repeat":"repeat","background-position":"center center","background-size":"auto","background-attachment":"scroll","background-type":"","background-media":"","overlay-type":"","overlay-color":"","overlay-opacity":"","overlay-gradient":""},"mobile":{"background-color":"var(--ast-global-color-5)","background-image":"","background-repeat":"repeat","background-position":"center center","background-size":"auto","background-attachment":"scroll","background-type":"","background-media":"","overlay-type":"","overlay-color":"","overlay-opacity":"","overlay-gradient":""}},"footnotes":""},"categories":[8],"tags":[1505,5743,22934,22935],"class_list":["post-69724","post","type-post","status-publish","format-standard","has-post-thumbnail","hentry","category-noticias","tag-claudia-sheinbaum","tag-elecciones-mexico-2024","tag-legado-amlo","tag-sigamos-haciendo-historia"],"_links":{"self":[{"href":"https:\/\/losperiodistas.com.mx\/portal\/wp-json\/wp\/v2\/posts\/69724","targetHints":{"allow":["GET"]}}],"collection":[{"href":"https:\/\/losperiodistas.com.mx\/portal\/wp-json\/wp\/v2\/posts"}],"about":[{"href":"https:\/\/losperiodistas.com.mx\/portal\/wp-json\/wp\/v2\/types\/post"}],"author":[{"embeddable":true,"href":"https:\/\/losperiodistas.com.mx\/portal\/wp-json\/wp\/v2\/users\/1"}],"replies":[{"embeddable":true,"href":"https:\/\/losperiodistas.com.mx\/portal\/wp-json\/wp\/v2\/comments?post=69724"}],"version-history":[{"count":1,"href":"https:\/\/losperiodistas.com.mx\/portal\/wp-json\/wp\/v2\/posts\/69724\/revisions"}],"predecessor-version":[{"id":69727,"href":"https:\/\/losperiodistas.com.mx\/portal\/wp-json\/wp\/v2\/posts\/69724\/revisions\/69727"}],"wp:featuredmedia":[{"embeddable":true,"href":"https:\/\/losperiodistas.com.mx\/portal\/wp-json\/wp\/v2\/media\/69726"}],"wp:attachment":[{"href":"https:\/\/losperiodistas.com.mx\/portal\/wp-json\/wp\/v2\/media?parent=69724"}],"wp:term":[{"taxonomy":"category","embeddable":true,"href":"https:\/\/losperiodistas.com.mx\/portal\/wp-json\/wp\/v2\/categories?post=69724"},{"taxonomy":"post_tag","embeddable":true,"href":"https:\/\/losperiodistas.com.mx\/portal\/wp-json\/wp\/v2\/tags?post=69724"}],"curies":[{"name":"wp","href":"https:\/\/api.w.org\/{rel}","templated":true}]}}