{"id":69710,"date":"2024-03-01T21:18:42","date_gmt":"2024-03-02T03:18:42","guid":{"rendered":"https:\/\/losperiodistas.com.mx\/portal\/?p=69710"},"modified":"2024-03-01T21:18:46","modified_gmt":"2024-03-02T03:18:46","slug":"chidiac-se-rehusa-a-dar-curul-a-su-suplente-congreso-sera-de-40-diputados-e-consulta","status":"publish","type":"post","link":"https:\/\/losperiodistas.com.mx\/portal\/chidiac-se-rehusa-a-dar-curul-a-su-suplente-congreso-sera-de-40-diputados-e-consulta\/","title":{"rendered":"Chidiac se reh\u00fasa a dar curul a su suplente; Congreso ser\u00e1 de 40 diputados | e-consulta"},"content":{"rendered":"\n<p class=\"has-medium-font-size\">N\u00e9stor Camarillo acusa que pretenden que el PRI se quede sin diputados<\/p>\n\n\n\n<figure class=\"wp-block-image size-full\"><img fetchpriority=\"high\" decoding=\"async\" width=\"640\" height=\"426\" src=\"https:\/\/losperiodistas.com.mx\/portal\/wp-content\/uploads\/2024\/03\/chidiac_se_rehusa_a_dar_curul_a_su_suplente_congreso_sera_de_40_diputados.jpg\" alt=\"\" class=\"wp-image-69720\" srcset=\"https:\/\/losperiodistas.com.mx\/portal\/wp-content\/uploads\/2024\/03\/chidiac_se_rehusa_a_dar_curul_a_su_suplente_congreso_sera_de_40_diputados.jpg 640w, https:\/\/losperiodistas.com.mx\/portal\/wp-content\/uploads\/2024\/03\/chidiac_se_rehusa_a_dar_curul_a_su_suplente_congreso_sera_de_40_diputados-300x200.jpg 300w\" sizes=\"(max-width: 640px) 100vw, 640px\" \/><figcaption>Foto \/ Gran Angular Agencia<br><br><a href=\"https:\/\/www.facebook.com\/sharer\/sharer.php?u=https:\/\/www.e-consulta.com\/nota\/2024-03-01\/politica\/chidiac-se-rehusa-dar-curul-su-suplente-congreso-sera-de-40-diputados\" target=\"_blank\" rel=\"noreferrer noopener\"><\/a><a href=\"https:\/\/twitter.com\/intent\/tweet?text=Chidiac%20se%20reh%C3%BAsa%20a%20dar%20curul%20a%20su%20suplente%3B%20Congreso%20ser%C3%A1%20de%2040%20diputados&amp;url=https:\/\/www.e-consulta.com\/nota\/2024-03-01\/politica\/chidiac-se-rehusa-dar-curul-su-suplente-congreso-sera-de-40-diputados&amp;via=e_consulta\" target=\"_blank\" rel=\"noreferrer noopener\"><\/a><a href=\"whatsapp:\/\/send?text=Chidiac%20se%20reh%C3%BAsa%20a%20dar%20curul%20a%20su%20suplente%3B%20Congreso%20ser%C3%A1%20de%2040%20diputados%20-%20[Leer]%20https:\/\/www.e-consulta.com\/nota\/2024-03-01\/politica\/chidiac-se-rehusa-dar-curul-su-suplente-congreso-sera-de-40-diputados\"><\/a><a href=\"\/\/www.e-consulta.com\/nota\/2024-03-01\/politica\/chidiac-se-rehusa-dar-curul-su-suplente-congreso-sera-de-40-diputados\" target=\"_blank\" rel=\"noreferrer noopener\"><\/a><\/figcaption><\/figure>\n\n\n\n<p class=\"has-vivid-red-color has-text-color has-medium-font-size\"><strong>ANAID PI\u00d1AS \/ E-CONSULTA<\/strong><\/p>\n\n\n\n<p>A pesar de que fue nombrado funcionario estatal, el diputado sin partido&nbsp;<strong>Charbel Jorge Estefan Chidiac<\/strong>&nbsp;no renunciar\u00e1 a su cargo en el Congreso de Puebla, lo que provocar\u00e1 que la&nbsp;<strong>LXI Legislatura<\/strong>&nbsp;se quede de&nbsp;<strong>40 integrantes<\/strong>.<\/p>\n\n\n\n<p>De acuerdo con el listado de candidaturas a diputaciones por el principio de Representaci\u00f3n Proporcional emitido por el&nbsp;<strong>Instituto Electoral del Estado<\/strong>&nbsp;(IEE), el<a href=\"https:\/\/www.e-consulta.com\/nota\/2023-06-14\/politica\/estefan-chidiac-negocios-en-miami-y-tulum-el-patrimonio-familiar\">&nbsp;suplente del expriista<\/a>&nbsp;es&nbsp;<strong>Jos\u00e9 Ambrosio Corona Carbarin<\/strong>.<\/p>\n\n\n\n<p>Sin embargo,&nbsp;<strong>Corona Carbarin<\/strong>&nbsp;es un perfil cercano al presidente nacional del tricolor&nbsp;<strong>Alejandro \u201cAlito\u201d Moreno C\u00e1rdenas<\/strong>, raz\u00f3n por la cual el reci\u00e9n nombrado&nbsp;<strong>secretario de<\/strong>&nbsp;<strong>Educaci\u00f3n<\/strong>&nbsp;asegur\u00f3 hace d\u00edas que \u201cni siquiera lo conoce\u201d.<\/p>\n\n\n\n<p>Tambi\u00e9n indic\u00f3 que, para evitar cualquier imposici\u00f3n, solicitar\u00e1&nbsp;<strong>licencia<\/strong>&nbsp;por un periodo menor a&nbsp;<strong>30 d\u00edas<\/strong>&nbsp;y la renovar\u00e1 de forma mensual hasta&nbsp;<strong>septiembre<\/strong>, cuando cierre la&nbsp;<strong>Legislatura<\/strong>, con lo que evitar\u00e1 que su&nbsp;<strong>curul<\/strong>&nbsp;sea ocupado por su&nbsp;<strong>suplente<\/strong>.<\/p>\n\n\n\n<p>Te puede interesar:<\/p>\n\n\n\n<p><a href=\"https:\/\/www.e-consulta.com\/nota\/2024-02-28\/elecciones\/para-estar-en-una-boleta-17-diputados-piden-licencia-al-congreso-de\">Para estar en una boleta, 17 diputados piden licencia al Congreso de Puebla<\/a><\/p>\n\n\n\n<p>Lo anterior caus\u00f3 la indignaci\u00f3n del exdirigente estatal de PRI,&nbsp;<strong>N\u00e9stor Camarillo Medina<\/strong>, quien dijo que las actitudes de su excompa\u00f1ero de partido da\u00f1aban la&nbsp;<strong>conformaci\u00f3n del pleno<\/strong>&nbsp;y atentaban contra la representaci\u00f3n del&nbsp;<strong>PRI<\/strong>.<\/p>\n\n\n\n<p><a href=\"https:\/\/www.e-consulta.com\/nota\/2023-05-14\/gobierno\/estefan-compro-terreno-en-9-mdp-lo-vendio-en-86-mdp-al-gobierno-de-0\"><strong>Estefan Chidiac<\/strong>&nbsp;<\/a>se incorporar\u00e1 al gabinete del gobernador&nbsp;<strong>Sergio Salom\u00f3n C\u00e9spedes Peregrina<\/strong>&nbsp;como titular de la&nbsp;<strong>Secretar\u00eda de<\/strong>&nbsp;<strong>Educaci\u00f3n P\u00fablica<\/strong>&nbsp;(SEP) a partir del lunes 4 de marzo, d\u00eda en que su primera licencia tendr\u00e1 efecto.<\/p>\n\n\n\n<p>Adem\u00e1s de \u00e9l, otros&nbsp;<strong>16 legisladores<\/strong>&nbsp;han solicitado la&nbsp;<strong>separaci\u00f3n a su cargo<\/strong>&nbsp;al interior del Congreso de Puebla para participar en el proceso electoral 2023-2024. Algunos lo hicieron de forma&nbsp;<strong>definitiva<\/strong>&nbsp;y otros por un periodo menor a 30 d\u00edas.<\/p>\n\n\n\n<p>En la lista se encuentran los morenistas&nbsp;<strong>Eduardo Castillo L\u00f3pez<\/strong>, Karla Victoria Mart\u00ednez Gallegos,&nbsp;<strong>Roberto Sol\u00eds Valles<\/strong>, Guadalupe Yamak Taja,&nbsp;<strong>Tonantzin Fern\u00e1ndez D\u00edaz<\/strong>&nbsp;y Jos\u00e9 Iv\u00e1n Herrera Villag\u00f3mez.<\/p>\n\n\n\n<p>Te puede interesar:<\/p>\n\n\n\n<p><a href=\"https:\/\/www.e-consulta.com\/nota\/2024-02-29\/gobierno\/jorge-estefan-chidiac-nuevo-titular-de-la-sep-puebla\">Jorge Estefan Chidiac, nuevo titular de la SEP Puebla<\/a><\/p>\n\n\n\n<p>Los petistas\u00a0<strong>M\u00f3nica Silva Ruiz<\/strong> Jos\u00e9 Antonio L\u00f3pez Ruiz, y\u00a0<strong>Nora Yessica Merino Escamilla<\/strong>. El priista N\u00e9stor Camarillo Medina, el panista\u00a0<strong>Gabriel Oswaldo Jim\u00e9nez L\u00f3pez<\/strong>\u00a0y el tambi\u00e9n exdirigente de Movimiento Ciudadano (MC),\u00a0<strong>Fernando Morales Mart\u00ednez<\/strong>.<\/p>\n\n\n\n<p>As\u00ed como los diputados sin partido&nbsp;<strong>Juan Enrique Rivera Reyes<\/strong>, Adolfo Alatriste Cant\u00fa,&nbsp;<strong>Norma Sirley Reyes Cabrera<\/strong>, Laura Ivonne Zapata Mart\u00ednez, y&nbsp;<strong>Lizette Minto Garc\u00eda<\/strong>.<\/p>\n\n\n\n<p>Al estar de licencia, los legisladores no percibir\u00e1n remuneraciones. En promedio, un diputado local gana al d\u00eda&nbsp;<strong>2 mil 801 pesos al d\u00eda<\/strong>, pues tiene un sueldo bruto mensual&nbsp;<strong>de 61 mil 724 pesos<\/strong>&nbsp;y un sueldo neto mensual de&nbsp;<strong>56 mil 016 pesos<\/strong>.<\/p>\n\n\n\n<h2 class=\"wp-block-heading\"><strong>Pretenden que el PRI se quede sin diputados<\/strong><\/h2>\n\n\n\n<p>Por su parte,&nbsp;<strong>N\u00e9stor Camarillo<\/strong>, dirigente estatal del&nbsp;<a href=\"https:\/\/www.e-consulta.com\/nota\/2024-02-28\/elecciones\/para-estar-en-una-boleta-17-diputados-piden-licencia-al-congreso-de\"><strong>PRI<\/strong><\/a><strong>,<\/strong>&nbsp;acus\u00f3 que existe una&nbsp;<strong>estrategia perversa<\/strong>&nbsp;por parte de los&nbsp;<strong>expriistas<\/strong>&nbsp;que renunciaron al partido para dejarlo sin representantes en el&nbsp;<strong>Congreso de Puebla<\/strong>.<\/p>\n\n\n\n<p>Adem\u00e1s, se\u00f1al\u00f3 que los legisladores que pidieron&nbsp;<a href=\"https:\/\/www.e-consulta.com\/nota\/2024-02-25\/politica\/el-40-de-los-diputados-de-la-actual-legislatura-local-dejo-su-cargo\"><strong>licencia<\/strong><\/a>&nbsp;por un periodo menor a 30 d\u00edas, no dejar\u00e1n que lleguen sus compa\u00f1eros.<\/p>\n\n\n\n<p>\u201cEs lamentable esta estrategia para que no haya&nbsp;<strong>diputados del PRI<\/strong>, es una estrategia perversa y que lastima mucho a los ciudadanos, no s\u00f3lo al partido. Creo que estas pr\u00e1cticas deben terminarse, los&nbsp;<strong>suplentes<\/strong>&nbsp;tambi\u00e9n fueron votados. No deben parar la labor legislativa y si hay curules, deben de ser ocupadas, para eso fueron votados los&nbsp;<strong>suplentes<\/strong>\u201d, subray\u00f3.<\/p>\n\n\n\n<p>Desde el 29 de febrero, el\u00a0<strong>PRI<\/strong>\u00a0no ten\u00eda representaci\u00f3n en el\u00a0<strong>Congreso,<\/strong>\u00a0ya que el \u00fanico representante que quedaba (<strong>N\u00e9stor Camarillo<\/strong>) pidi\u00f3 licencia y su suplente\u00a0<strong>Rafael Ramos<\/strong>, rechaz\u00f3 la postulaci\u00f3n al cargo. (CR)<\/p>\n\n\n\n<p>Fuente: <a href=\"https:\/\/www.e-consulta.com\/nota\/2024-03-01\/politica\/chidiac-se-rehusa-dar-curul-su-suplente-congreso-sera-de-40-diputados\">https:\/\/www.e-consulta.com\/nota\/2024-03-01\/politica\/chidiac-se-rehusa-dar-curul-su-suplente-congreso-sera-de-40-diputados<\/a><\/p>\n\n\n\n<p><\/p>\n","protected":false},"excerpt":{"rendered":"<p>N\u00e9stor Camarillo acusa que pretenden que el PRI se quede sin diputados ANAID PI\u00d1AS \/ E-CONSULTA A pesar de que [&hellip;]<\/p>\n","protected":false},"author":1,"featured_media":69720,"comment_status":"open","ping_status":"open","sticky":false,"template":"","format":"standard","meta":{"site-sidebar-layout":"default","site-content-layout":"","ast-site-content-layout":"default","site-content-style":"default","site-sidebar-style":"default","ast-global-header-display":"","ast-banner-title-visibility":"","ast-main-header-display":"","ast-hfb-above-header-display":"","ast-hfb-below-header-display":"","ast-hfb-mobile-header-display":"","site-post-title":"","ast-breadcrumbs-content":"","ast-featured-img":"","footer-sml-layout":"","theme-transparent-header-meta":"","adv-header-id-meta":"","stick-header-meta":"","header-above-stick-meta":"","header-main-stick-meta":"","header-below-stick-meta":"","astra-migrate-meta-layouts":"default","ast-page-background-enabled":"default","ast-page-background-meta":{"desktop":{"background-color":"var(--ast-global-color-4)","background-image":"","background-repeat":"repeat","background-position":"center center","background-size":"auto","background-attachment":"scroll","background-type":"","background-media":"","overlay-type":"","overlay-color":"","overlay-opacity":"","overlay-gradient":""},"tablet":{"background-color":"","background-image":"","background-repeat":"repeat","background-position":"center center","background-size":"auto","background-attachment":"scroll","background-type":"","background-media":"","overlay-type":"","overlay-color":"","overlay-opacity":"","overlay-gradient":""},"mobile":{"background-color":"","background-image":"","background-repeat":"repeat","background-position":"center center","background-size":"auto","background-attachment":"scroll","background-type":"","background-media":"","overlay-type":"","overlay-color":"","overlay-opacity":"","overlay-gradient":""}},"ast-content-background-meta":{"desktop":{"background-color":"var(--ast-global-color-5)","background-image":"","background-repeat":"repeat","background-position":"center center","background-size":"auto","background-attachment":"scroll","background-type":"","background-media":"","overlay-type":"","overlay-color":"","overlay-opacity":"","overlay-gradient":""},"tablet":{"background-color":"var(--ast-global-color-5)","background-image":"","background-repeat":"repeat","background-position":"center center","background-size":"auto","background-attachment":"scroll","background-type":"","background-media":"","overlay-type":"","overlay-color":"","overlay-opacity":"","overlay-gradient":""},"mobile":{"background-color":"var(--ast-global-color-5)","background-image":"","background-repeat":"repeat","background-position":"center center","background-size":"auto","background-attachment":"scroll","background-type":"","background-media":"","overlay-type":"","overlay-color":"","overlay-opacity":"","overlay-gradient":""}},"footnotes":""},"categories":[8],"tags":[6605,8548,22933],"class_list":["post-69710","post","type-post","status-publish","format-standard","has-post-thumbnail","hentry","category-noticias","tag-jorge-estefan-chidiac","tag-nestor-camarillo","tag-pri-congreso-del-estado"],"_links":{"self":[{"href":"https:\/\/losperiodistas.com.mx\/portal\/wp-json\/wp\/v2\/posts\/69710","targetHints":{"allow":["GET"]}}],"collection":[{"href":"https:\/\/losperiodistas.com.mx\/portal\/wp-json\/wp\/v2\/posts"}],"about":[{"href":"https:\/\/losperiodistas.com.mx\/portal\/wp-json\/wp\/v2\/types\/post"}],"author":[{"embeddable":true,"href":"https:\/\/losperiodistas.com.mx\/portal\/wp-json\/wp\/v2\/users\/1"}],"replies":[{"embeddable":true,"href":"https:\/\/losperiodistas.com.mx\/portal\/wp-json\/wp\/v2\/comments?post=69710"}],"version-history":[{"count":1,"href":"https:\/\/losperiodistas.com.mx\/portal\/wp-json\/wp\/v2\/posts\/69710\/revisions"}],"predecessor-version":[{"id":69721,"href":"https:\/\/losperiodistas.com.mx\/portal\/wp-json\/wp\/v2\/posts\/69710\/revisions\/69721"}],"wp:featuredmedia":[{"embeddable":true,"href":"https:\/\/losperiodistas.com.mx\/portal\/wp-json\/wp\/v2\/media\/69720"}],"wp:attachment":[{"href":"https:\/\/losperiodistas.com.mx\/portal\/wp-json\/wp\/v2\/media?parent=69710"}],"wp:term":[{"taxonomy":"category","embeddable":true,"href":"https:\/\/losperiodistas.com.mx\/portal\/wp-json\/wp\/v2\/categories?post=69710"},{"taxonomy":"post_tag","embeddable":true,"href":"https:\/\/losperiodistas.com.mx\/portal\/wp-json\/wp\/v2\/tags?post=69710"}],"curies":[{"name":"wp","href":"https:\/\/api.w.org\/{rel}","templated":true}]}}