{"id":69707,"date":"2024-03-01T10:29:44","date_gmt":"2024-03-01T16:29:44","guid":{"rendered":"https:\/\/losperiodistas.com.mx\/portal\/?p=69707"},"modified":"2024-03-01T10:29:46","modified_gmt":"2024-03-01T16:29:46","slug":"humberto-el-tigre-aguilar-arranca-campana-por-diputacion-federal-del-distrito-10","status":"publish","type":"post","link":"https:\/\/losperiodistas.com.mx\/portal\/humberto-el-tigre-aguilar-arranca-campana-por-diputacion-federal-del-distrito-10\/","title":{"rendered":"Humberto \u201cEl Tigre\u201d Aguilar arranca campa\u00f1a por diputaci\u00f3n federal del Distrito 10"},"content":{"rendered":"\n<p class=\"has-medium-font-size\">-En el mismo evento, el exdirigente estatal del PRI en Puebla inici\u00f3 su campa\u00f1a por el Senado de la Rep\u00fablica.<\/p>\n\n\n\n<figure class=\"wp-block-image size-large\"><img fetchpriority=\"high\" decoding=\"async\" width=\"1024\" height=\"768\" src=\"https:\/\/losperiodistas.com.mx\/portal\/wp-content\/uploads\/2024\/03\/a7838bca-da71-4aaf-b378-ee9aef576a80-1024x768.jpeg\" alt=\"\" class=\"wp-image-69708\" srcset=\"https:\/\/losperiodistas.com.mx\/portal\/wp-content\/uploads\/2024\/03\/a7838bca-da71-4aaf-b378-ee9aef576a80-1024x768.jpeg 1024w, https:\/\/losperiodistas.com.mx\/portal\/wp-content\/uploads\/2024\/03\/a7838bca-da71-4aaf-b378-ee9aef576a80-300x225.jpeg 300w, https:\/\/losperiodistas.com.mx\/portal\/wp-content\/uploads\/2024\/03\/a7838bca-da71-4aaf-b378-ee9aef576a80-768x576.jpeg 768w, https:\/\/losperiodistas.com.mx\/portal\/wp-content\/uploads\/2024\/03\/a7838bca-da71-4aaf-b378-ee9aef576a80.jpeg 1152w\" sizes=\"(max-width: 1024px) 100vw, 1024px\" \/><figcaption>Cortes\u00eda<\/figcaption><\/figure>\n\n\n\n<p class=\"has-vivid-red-color has-text-color has-medium-font-size\"><strong>COMUNICADO<\/strong><\/p>\n\n\n\n<p>Cuatlancingo, Pue. &#8211; En un acto emotivo realizado en el municipio de Cuautlancingo y acompa\u00f1ado de las militancias del Partido Acci\u00f3n Nacional (PAN) y Partido Revolucionario Institucional (PRI), Humberto Aguilar Coronado \u201cEl Tigre\u201d arranc\u00f3 su campa\u00f1a por la diputaci\u00f3n federal del Distrito 10 Federal de Puebla.<\/p>\n\n\n\n<p>Acompa\u00f1ado del dirigente nacional del PRI, Alejandro Morena C\u00e1rdenas, el candidato al Senado de la Rep\u00fablica, N\u00e9stor Camarillo Medina, candidatos del tricolor a diputaciones federales, entre otros l\u00edderes priistas, \u201cEl Tigre\u201d Aguilar agradeci\u00f3 el respaldo de la ciudadan\u00eda y record\u00f3 el reto que asumi\u00f3 hace tres a\u00f1os para recuperar este distrito federal.<\/p>\n\n\n\n<p>\u201cHoy iniciamos una campa\u00f1a m\u00e1s de triunfo no solamente para Cuautlancingo, no solamente para el Distrito 10, tambi\u00e9n para el estado de Puebla. Hace tres a\u00f1os, esta era zona Morena, y hubo hombres y mujeres que con talento, esfuerzo y trabajo que reconquistamos este Distrito. De los siete municipios, ganamos cinco de ellos\u201d.<\/p>\n\n\n\n<p>Humberto Aguilar record\u00f3 que desde antes de iniciar las campa\u00f1as, \u00e9l ya se encontraba arriba en las encuestas, derivado del buen trabajo realizado en la C\u00e1mara de Diputados donde le ha cumplido al distrito que representa.<\/p>\n\n\n\n<p>\u201cEn 2018 este distrito se perdi\u00f3 por una votaci\u00f3n de 2 a 1, nadie lo quer\u00eda jugar, pero no se esperaban que El Tigre iba a dar un paso al frente y lo iba a ganar. Hoy las encuestas nos dan la ventaja antes de iniciar las campa\u00f1as por eso estamos orgullosos del trabajo realizado en la C\u00e1mara de Diputados\u201d.<\/p>\n\n\n\n<p>\u201cYo El Tigre su amigo, le ha cumplido a Cuautlancingo, a San Andr\u00e9s Cholula, a San Pedro Cholula, a San Gregorio Atzompa, a Coronango y a Juan C Bonilla, y ahora estoy aqu\u00ed ante ustedes para pedirles el apoyo no para m\u00ed, para la coalici\u00f3n Fuerza y Coraz\u00f3n por M\u00e9xico, en donde estamos los hombres y mujeres de bien que queremos que este pa\u00eds no se vaya por la borda\u201d.<\/p>\n\n\n\n<p>Por \u00faltimo, Aguilar Coronado hizo un llamado a la unidad a las militancias del PRI y PAN para apoyar a las y los candidatos de la coalici\u00f3n: \u201cYo los invito a dar un paso al frente por M\u00e9xico, a jalar todos juntos unidos en la misma direcci\u00f3n. Si esto es as\u00ed, vamos juntos hasta la victoria\u201d.<\/p>\n","protected":false},"excerpt":{"rendered":"<p>-En el mismo evento, el exdirigente estatal del PRI en Puebla inici\u00f3 su campa\u00f1a por el Senado de la Rep\u00fablica. [&hellip;]<\/p>\n","protected":false},"author":1,"featured_media":69708,"comment_status":"open","ping_status":"open","sticky":false,"template":"","format":"standard","meta":{"site-sidebar-layout":"default","site-content-layout":"","ast-site-content-layout":"default","site-content-style":"default","site-sidebar-style":"default","ast-global-header-display":"","ast-banner-title-visibility":"","ast-main-header-display":"","ast-hfb-above-header-display":"","ast-hfb-below-header-display":"","ast-hfb-mobile-header-display":"","site-post-title":"","ast-breadcrumbs-content":"","ast-featured-img":"","footer-sml-layout":"","theme-transparent-header-meta":"","adv-header-id-meta":"","stick-header-meta":"","header-above-stick-meta":"","header-main-stick-meta":"","header-below-stick-meta":"","astra-migrate-meta-layouts":"default","ast-page-background-enabled":"default","ast-page-background-meta":{"desktop":{"background-color":"var(--ast-global-color-4)","background-image":"","background-repeat":"repeat","background-position":"center center","background-size":"auto","background-attachment":"scroll","background-type":"","background-media":"","overlay-type":"","overlay-color":"","overlay-opacity":"","overlay-gradient":""},"tablet":{"background-color":"","background-image":"","background-repeat":"repeat","background-position":"center center","background-size":"auto","background-attachment":"scroll","background-type":"","background-media":"","overlay-type":"","overlay-color":"","overlay-opacity":"","overlay-gradient":""},"mobile":{"background-color":"","background-image":"","background-repeat":"repeat","background-position":"center center","background-size":"auto","background-attachment":"scroll","background-type":"","background-media":"","overlay-type":"","overlay-color":"","overlay-opacity":"","overlay-gradient":""}},"ast-content-background-meta":{"desktop":{"background-color":"var(--ast-global-color-5)","background-image":"","background-repeat":"repeat","background-position":"center center","background-size":"auto","background-attachment":"scroll","background-type":"","background-media":"","overlay-type":"","overlay-color":"","overlay-opacity":"","overlay-gradient":""},"tablet":{"background-color":"var(--ast-global-color-5)","background-image":"","background-repeat":"repeat","background-position":"center center","background-size":"auto","background-attachment":"scroll","background-type":"","background-media":"","overlay-type":"","overlay-color":"","overlay-opacity":"","overlay-gradient":""},"mobile":{"background-color":"var(--ast-global-color-5)","background-image":"","background-repeat":"repeat","background-position":"center center","background-size":"auto","background-attachment":"scroll","background-type":"","background-media":"","overlay-type":"","overlay-color":"","overlay-opacity":"","overlay-gradient":""}},"footnotes":""},"categories":[8],"tags":[21679,22931,22932],"class_list":["post-69707","post","type-post","status-publish","format-standard","has-post-thumbnail","hentry","category-noticias","tag-distrito-x-puebla","tag-el-tigre-aguilar","tag-elecciones-federales-puebla-2024"],"_links":{"self":[{"href":"https:\/\/losperiodistas.com.mx\/portal\/wp-json\/wp\/v2\/posts\/69707","targetHints":{"allow":["GET"]}}],"collection":[{"href":"https:\/\/losperiodistas.com.mx\/portal\/wp-json\/wp\/v2\/posts"}],"about":[{"href":"https:\/\/losperiodistas.com.mx\/portal\/wp-json\/wp\/v2\/types\/post"}],"author":[{"embeddable":true,"href":"https:\/\/losperiodistas.com.mx\/portal\/wp-json\/wp\/v2\/users\/1"}],"replies":[{"embeddable":true,"href":"https:\/\/losperiodistas.com.mx\/portal\/wp-json\/wp\/v2\/comments?post=69707"}],"version-history":[{"count":1,"href":"https:\/\/losperiodistas.com.mx\/portal\/wp-json\/wp\/v2\/posts\/69707\/revisions"}],"predecessor-version":[{"id":69709,"href":"https:\/\/losperiodistas.com.mx\/portal\/wp-json\/wp\/v2\/posts\/69707\/revisions\/69709"}],"wp:featuredmedia":[{"embeddable":true,"href":"https:\/\/losperiodistas.com.mx\/portal\/wp-json\/wp\/v2\/media\/69708"}],"wp:attachment":[{"href":"https:\/\/losperiodistas.com.mx\/portal\/wp-json\/wp\/v2\/media?parent=69707"}],"wp:term":[{"taxonomy":"category","embeddable":true,"href":"https:\/\/losperiodistas.com.mx\/portal\/wp-json\/wp\/v2\/categories?post=69707"},{"taxonomy":"post_tag","embeddable":true,"href":"https:\/\/losperiodistas.com.mx\/portal\/wp-json\/wp\/v2\/tags?post=69707"}],"curies":[{"name":"wp","href":"https:\/\/api.w.org\/{rel}","templated":true}]}}