{"id":69704,"date":"2024-03-01T09:14:46","date_gmt":"2024-03-01T15:14:46","guid":{"rendered":"https:\/\/losperiodistas.com.mx\/portal\/?p=69704"},"modified":"2024-03-01T09:14:48","modified_gmt":"2024-03-01T15:14:48","slug":"que-le-pasa-a-kate-el-dilema-que-enfrenta-la-casa-real-britanica-por-la-ausencia-de-la-princesa-de-gales-de-la-vida-publica-bbc","status":"publish","type":"post","link":"https:\/\/losperiodistas.com.mx\/portal\/que-le-pasa-a-kate-el-dilema-que-enfrenta-la-casa-real-britanica-por-la-ausencia-de-la-princesa-de-gales-de-la-vida-publica-bbc\/","title":{"rendered":"\u00ab\u00bfQu\u00e9 le pasa a Kate?\u00bb: el dilema que enfrenta la Casa Real brit\u00e1nica por la ausencia de la princesa de Gales de la vida p\u00fablica | BBC"},"content":{"rendered":"\n<p class=\"has-vivid-cyan-blue-background-color has-background has-medium-font-size\"><strong>Han sido unas semanas desafiantes para la Familia Real brit\u00e1nica.<\/strong><\/p>\n\n\n\n<p><\/p>\n\n\n\n<figure class=\"wp-block-image size-full\"><img fetchpriority=\"high\" decoding=\"async\" width=\"800\" height=\"450\" src=\"https:\/\/losperiodistas.com.mx\/portal\/wp-content\/uploads\/2024\/03\/8387aaa0-d73c-11ee-b83b-0f87a864f372.jpeg\" alt=\"\" class=\"wp-image-69705\" srcset=\"https:\/\/losperiodistas.com.mx\/portal\/wp-content\/uploads\/2024\/03\/8387aaa0-d73c-11ee-b83b-0f87a864f372.jpeg 800w, https:\/\/losperiodistas.com.mx\/portal\/wp-content\/uploads\/2024\/03\/8387aaa0-d73c-11ee-b83b-0f87a864f372-300x169.jpeg 300w, https:\/\/losperiodistas.com.mx\/portal\/wp-content\/uploads\/2024\/03\/8387aaa0-d73c-11ee-b83b-0f87a864f372-768x432.jpeg 768w\" sizes=\"(max-width: 800px) 100vw, 800px\" \/><figcaption>REUTERS | El pr\u00edncipe William se ausent\u00f3 en una ceremonia a la que iba a asistir y eso gener\u00f3 especulaciones.<\/figcaption><\/figure>\n\n\n\n<p class=\"has-vivid-red-color has-text-color has-medium-font-size\"><strong>Daniela Relph \/ Corresponsal de asuntos de la corona brit\u00e1nica \/ BBC<\/strong><\/p>\n\n\n\n<p>Los problemas de salud tanto del&nbsp;<strong>rey Carlos III<\/strong>&nbsp;como de la&nbsp;<strong>princesa de Gales<\/strong>&nbsp;han planteado dudas sobre lo que los palacios de Buckingham y Kensington quieren que el p\u00fablico sepa.<\/p>\n\n\n\n<p>Sus asesores intentan navegar entre el apetito de informaci\u00f3n del publico, las especulaciones en las redes sociales y la necesidad de proteger a dos personas que no se encuentran bien.<\/p>\n\n\n\n<p>Todo esto resulta en un&nbsp;<strong>gran dilema<\/strong>.<\/p>\n\n\n\n<p>Los reflectores han brillado a\u00fan m\u00e1s en los \u00faltimos d\u00edas despu\u00e9s de que el\u00a0<strong>pr\u00edncipe William\u00a0<\/strong>cancelara con poca antelaci\u00f3n su presencia en una misa en Windsor en recuerdo de su padrino, el fallecido rey Constantino de Grecia.<\/p>\n\n\n\n<p>Deb\u00eda hacer una lectura y su nombre figuraba en el orden de la ceremonia.<\/p>\n\n\n\n<p>Pero menos de una hora antes del inicio del evento lleg\u00f3 un mensaje del&nbsp;<strong>Palacio de Kensington<\/strong>.<\/p>\n\n\n\n<p>\u00abDesafortunadamente, el pr\u00edncipe de Gales ya no podr\u00e1 asistir al servicio de esta ma\u00f1ana debido a un asunto personal\u00bb, dec\u00eda la nota.<\/p>\n\n\n\n<p>Esto sorprendi\u00f3. El pr\u00edncipe William vive en Windsor. Ten\u00eda un trabajo que hacer en el servicio. Era su padrino el que estaba siendo recordado.<\/p>\n\n\n\n<p>Inmediatamente los rumores se pusieron en marcha: \u00bfera esto una mala se\u00f1al sobre Catherine? El consejo del equipo del pr\u00edncipe fue que no hab\u00eda por qu\u00e9 entrar en p\u00e1nico.<\/p>\n\n\n\n<figure class=\"wp-block-image\"><img decoding=\"async\" src=\"https:\/\/ichef.bbci.co.uk\/ace\/ws\/640\/cpsprodpb\/fae3\/live\/24680cc0-d748-11ee-8f28-259790e80bba.jpg\" alt=\"Camar\u00f3grafos con c\u00e1maras de televisi\u00f3n frente al hospital donde fue internada la princesa Kate de Gales en Londres.\"\/><figcaption>La princesa Kate fue sometida a una cirug\u00eda abdominal el 17 de enero en un hospital de Londres.<\/figcaption><\/figure>\n\n\n\n<p>La princesa se encontraba bien, dijeron, dando a entender que la ausencia no estaba relacionada con la salud de su esposa.<\/p>\n\n\n\n<p>Pero eso no fue suficiente para sofocar las especulaciones.<\/p>\n\n\n\n<h2 class=\"wp-block-heading\" id=\"Escasa-informaci\u00f3n\">Escasa informaci\u00f3n<\/h2>\n\n\n\n<p>Mis propios mensajes de WhatsApp probablemente reflejaban lo que mucha gente se preguntaba.<\/p>\n\n\n\n<p><strong>\u00bfQu\u00e9 le pasa a Kate? \u00bfPor qu\u00e9 no nos lo dicen? \u00bfEs por eso que William no ha aparecido?<\/strong><\/p>\n\n\n\n<p>Y si luego profundizabas en las redes sociales y las b\u00fasquedas en internet, encontrabas que los rumores sobre el estado de la princesa se volv\u00edan m\u00e1s extravagantes cada hora.<\/p>\n\n\n\n<p>La falta de informaci\u00f3n detallada y la repentina ausencia del pr\u00edncipe William estaban alimentando las especulaciones.<\/p>\n\n\n\n<p>Todav\u00eda no sabemos por qu\u00e9 el pr\u00edncipe se ausent\u00f3 del servicio. Este jueves asisti\u00f3 a un evento como estaba previsto.<\/p>\n\n\n\n<p>Los asesores de los pr\u00edncipes William y Kate conocen muy bien los chismes que circulan en internet: los leen, conversan sobre ellos, conocen la conversaci\u00f3n.<\/p>\n\n\n\n<p>Pero subrayan que&nbsp;<strong>nada ha cambiado<\/strong>.<\/p>\n\n\n\n<p>Un portavoz de Catherine rest\u00f3 importancia a las especulaciones en redes sociales.<\/p>\n\n\n\n<p>\u00abEl Palacio de Kensington dej\u00f3 claro en enero los plazos de recuperaci\u00f3n de la princesa. Dijimos que&nbsp;<strong>solo proporcionar\u00edamos actualizaciones significativas<\/strong>. Esa decisi\u00f3n se mantiene\u00bb.<\/p>\n\n\n\n<figure class=\"wp-block-image\"><img decoding=\"async\" src=\"https:\/\/ichef.bbci.co.uk\/ace\/ws\/640\/cpsprodpb\/8c36\/live\/ce2eeab0-d754-11ee-b83b-0f87a864f372.jpg\" alt=\"Prensa\"\/><figcaption>La salud del rey y la princesa han desatado muchas especulaciones en la prensa.<\/figcaption><\/figure>\n\n\n\n<h2 class=\"wp-block-heading\" id=\"El-retorno-al-ojo-p\u00fablico\">El retorno al ojo p\u00fablico<\/h2>\n\n\n\n<p>Por supuesto, est\u00e1 la cuesti\u00f3n de la privacidad.<\/p>\n\n\n\n<p>Para el pr\u00edncipe William, proteger a su esposa mientras se recupera es primordial.<\/p>\n\n\n\n<p>El Palacio de Kensington simplemente no quiere que los detalles de su salud se hagan p\u00fablicos y sus asistentes no sienten la necesidad de decir nada m\u00e1s al respecto.<\/p>\n\n\n\n<p>Pero cuando Catherine regrese a sus funciones p\u00fablicas, el escrutinio ser\u00e1 intenso.<\/p>\n\n\n\n<p><strong>Todos los ojos estar\u00e1n puestos en ella.<\/strong><\/p>\n\n\n\n<p>\u00bfQu\u00e9 aspecto tiene? \u00bfQu\u00e9 se percibe? \u00bfSe ve diferente?<\/p>\n\n\n\n<p>Su equipo es muy consciente del inter\u00e9s que habr\u00e1 en ese momento, por lo que protegerla ahora tiene una importancia adicional.<\/p>\n\n\n\n<p>Elegir\u00e1n con mucho cuidado cu\u00e1ndo y c\u00f3mo volveremos a verla en p\u00fablico por primera vez.<\/p>\n\n\n\n<h2 class=\"wp-block-heading\" id=\"La-salud-del-rey\">La salud del rey<\/h2>\n\n\n\n<figure class=\"wp-block-image\"><img decoding=\"async\" src=\"https:\/\/ichef.bbci.co.uk\/ace\/ws\/640\/cpsprodpb\/657e\/live\/0a6fcba0-d748-11ee-b83b-0f87a864f372.jpg\" alt=\"El rey Carlos III de Inglaterra lee tarjetas en las que le desean una pronta mejor\u00eda.\"\/><figcaption>El rey Carlos se ha mostrado p\u00fablicamente en algunas actividades tras su diagn\u00f3stico de c\u00e1ncer.<\/figcaption><\/figure>\n\n\n\n<p>Las cosas son diferentes en el&nbsp;<strong>Palacio de Buckingham<\/strong>&nbsp;mientras gestionan el diagn\u00f3stico y tratamiento del&nbsp;<strong>c\u00e1ncer del rey Carlos III<\/strong>.<\/p>\n\n\n\n<p>All\u00ed, los cortesanos sienten la necesidad de ver al monarca en acci\u00f3n cumpliendo algunos de sus deberes.<\/p>\n\n\n\n<p>Es por eso que hemos visto fotograf\u00edas del rey con el primer ministro&nbsp;<strong>Rishi Sunak<\/strong>, yendo a la iglesia y leyendo tarjetas en las que le desean una pronta mejor\u00eda.<\/p>\n\n\n\n<p>Este es un rey cuya salud est\u00e1 comprometida en este momento pero que a\u00fan puede realizar parte de su trabajo habitual y el Palacio quiere mostr\u00e1rnoslo.<\/p>\n\n\n\n<p>No existe la misma presi\u00f3n sobre Catherine para que salga en p\u00fablico.<\/p>\n\n\n\n<p>Ella no es la monarca, no tiene que tranquilizar de la misma manera.<\/p>\n\n\n\n<p>S\u00ed, hay un clamor pidiendo informaci\u00f3n, pero \u00aball\u00e1 ellos\u00bb parece ser el estado de \u00e1nimo.<\/p>\n\n\n\n<p>Esta es una princesa que quiere\u00a0<strong>mantener las cosas en privado<\/strong>.<\/p>\n\n\n\n<p>Fuente: <a href=\"https:\/\/www.bbc.com\/mundo\/articles\/cn04lmv6er3o\">https:\/\/www.bbc.com\/mundo\/articles\/cn04lmv6er3o<\/a><\/p>\n","protected":false},"excerpt":{"rendered":"<p>Han sido unas semanas desafiantes para la Familia Real brit\u00e1nica. Daniela Relph \/ Corresponsal de asuntos de la corona brit\u00e1nica [&hellip;]<\/p>\n","protected":false},"author":1,"featured_media":69705,"comment_status":"open","ping_status":"open","sticky":false,"template":"","format":"standard","meta":{"site-sidebar-layout":"default","site-content-layout":"","ast-site-content-layout":"default","site-content-style":"default","site-sidebar-style":"default","ast-global-header-display":"","ast-banner-title-visibility":"","ast-main-header-display":"","ast-hfb-above-header-display":"","ast-hfb-below-header-display":"","ast-hfb-mobile-header-display":"","site-post-title":"","ast-breadcrumbs-content":"","ast-featured-img":"","footer-sml-layout":"","theme-transparent-header-meta":"","adv-header-id-meta":"","stick-header-meta":"","header-above-stick-meta":"","header-main-stick-meta":"","header-below-stick-meta":"","astra-migrate-meta-layouts":"default","ast-page-background-enabled":"default","ast-page-background-meta":{"desktop":{"background-color":"var(--ast-global-color-4)","background-image":"","background-repeat":"repeat","background-position":"center center","background-size":"auto","background-attachment":"scroll","background-type":"","background-media":"","overlay-type":"","overlay-color":"","overlay-opacity":"","overlay-gradient":""},"tablet":{"background-color":"","background-image":"","background-repeat":"repeat","background-position":"center center","background-size":"auto","background-attachment":"scroll","background-type":"","background-media":"","overlay-type":"","overlay-color":"","overlay-opacity":"","overlay-gradient":""},"mobile":{"background-color":"","background-image":"","background-repeat":"repeat","background-position":"center center","background-size":"auto","background-attachment":"scroll","background-type":"","background-media":"","overlay-type":"","overlay-color":"","overlay-opacity":"","overlay-gradient":""}},"ast-content-background-meta":{"desktop":{"background-color":"var(--ast-global-color-5)","background-image":"","background-repeat":"repeat","background-position":"center center","background-size":"auto","background-attachment":"scroll","background-type":"","background-media":"","overlay-type":"","overlay-color":"","overlay-opacity":"","overlay-gradient":""},"tablet":{"background-color":"var(--ast-global-color-5)","background-image":"","background-repeat":"repeat","background-position":"center center","background-size":"auto","background-attachment":"scroll","background-type":"","background-media":"","overlay-type":"","overlay-color":"","overlay-opacity":"","overlay-gradient":""},"mobile":{"background-color":"var(--ast-global-color-5)","background-image":"","background-repeat":"repeat","background-position":"center center","background-size":"auto","background-attachment":"scroll","background-type":"","background-media":"","overlay-type":"","overlay-color":"","overlay-opacity":"","overlay-gradient":""}},"footnotes":""},"categories":[8],"tags":[1097,22930,22929],"class_list":["post-69704","post","type-post","status-publish","format-standard","has-post-thumbnail","hentry","category-noticias","tag-casa-real-britanica","tag-princesa-kate-de-gales","tag-principe-william"],"_links":{"self":[{"href":"https:\/\/losperiodistas.com.mx\/portal\/wp-json\/wp\/v2\/posts\/69704","targetHints":{"allow":["GET"]}}],"collection":[{"href":"https:\/\/losperiodistas.com.mx\/portal\/wp-json\/wp\/v2\/posts"}],"about":[{"href":"https:\/\/losperiodistas.com.mx\/portal\/wp-json\/wp\/v2\/types\/post"}],"author":[{"embeddable":true,"href":"https:\/\/losperiodistas.com.mx\/portal\/wp-json\/wp\/v2\/users\/1"}],"replies":[{"embeddable":true,"href":"https:\/\/losperiodistas.com.mx\/portal\/wp-json\/wp\/v2\/comments?post=69704"}],"version-history":[{"count":1,"href":"https:\/\/losperiodistas.com.mx\/portal\/wp-json\/wp\/v2\/posts\/69704\/revisions"}],"predecessor-version":[{"id":69706,"href":"https:\/\/losperiodistas.com.mx\/portal\/wp-json\/wp\/v2\/posts\/69704\/revisions\/69706"}],"wp:featuredmedia":[{"embeddable":true,"href":"https:\/\/losperiodistas.com.mx\/portal\/wp-json\/wp\/v2\/media\/69705"}],"wp:attachment":[{"href":"https:\/\/losperiodistas.com.mx\/portal\/wp-json\/wp\/v2\/media?parent=69704"}],"wp:term":[{"taxonomy":"category","embeddable":true,"href":"https:\/\/losperiodistas.com.mx\/portal\/wp-json\/wp\/v2\/categories?post=69704"},{"taxonomy":"post_tag","embeddable":true,"href":"https:\/\/losperiodistas.com.mx\/portal\/wp-json\/wp\/v2\/tags?post=69704"}],"curies":[{"name":"wp","href":"https:\/\/api.w.org\/{rel}","templated":true}]}}