{"id":6965,"date":"2021-04-15T09:32:46","date_gmt":"2021-04-15T14:32:46","guid":{"rendered":"http:\/\/losperiodistas.com.mx\/portal\/?p=6965"},"modified":"2021-04-15T09:32:47","modified_gmt":"2021-04-15T14:32:47","slug":"el-historico-hotel-ritz-reabre-sus-puertas-en-madrid-tras-tres-anos-de-reformas-el-espanol","status":"publish","type":"post","link":"https:\/\/losperiodistas.com.mx\/portal\/el-historico-hotel-ritz-reabre-sus-puertas-en-madrid-tras-tres-anos-de-reformas-el-espanol\/","title":{"rendered":"El hist\u00f3rico hotel Ritz reabre sus puertas en Madrid tras tres a\u00f1os de reformas | El Espa\u00f1ol"},"content":{"rendered":"\n<p style=\"font-size:18px\"><em>El establecimiento cuenta ahora con 153 habitaciones, incluyendo 53 suites, y una\u00a0oferta gastron\u00f3mica dirigida por el cocinero espa\u00f1ol Quique Dacosta.<\/em><\/p>\n\n\n\n<figure class=\"wp-block-image size-large\"><img fetchpriority=\"high\" decoding=\"async\" width=\"1024\" height=\"626\" src=\"https:\/\/losperiodistas.com.mx\/portal\/wp-content\/uploads\/2021\/04\/Captura-de-Pantalla-2021-04-15-a-las-9.28.57-1024x626.jpg\" alt=\"\" class=\"wp-image-6966\" srcset=\"https:\/\/losperiodistas.com.mx\/portal\/wp-content\/uploads\/2021\/04\/Captura-de-Pantalla-2021-04-15-a-las-9.28.57-1024x626.jpg 1024w, https:\/\/losperiodistas.com.mx\/portal\/wp-content\/uploads\/2021\/04\/Captura-de-Pantalla-2021-04-15-a-las-9.28.57-300x183.jpg 300w, https:\/\/losperiodistas.com.mx\/portal\/wp-content\/uploads\/2021\/04\/Captura-de-Pantalla-2021-04-15-a-las-9.28.57-768x469.jpg 768w, https:\/\/losperiodistas.com.mx\/portal\/wp-content\/uploads\/2021\/04\/Captura-de-Pantalla-2021-04-15-a-las-9.28.57.jpg 1306w\" sizes=\"(max-width: 1024px) 100vw, 1024px\" \/><\/figure>\n\n\n\n<p><\/p>\n\n\n\n<p class=\"has-vivid-cyan-blue-color has-text-color has-medium-font-size\">SANDRA TOVAR \/ EL ESPA\u00d1OL<\/p>\n\n\n\n<p id=\"paragraph_1\">Despu\u00e9s de tres a\u00f1os de reformas y&nbsp;<a href=\"https:\/\/www.elespanol.com\/invertia\/empresas\/turismo\/20201008\/hotel-ritz-madrid-reabrira-puertas-partir-marzo\/526698728_0.html\">tras varios retrasos fruto de la pandemia<\/a>, el&nbsp;<strong>hist\u00f3rico hotel Ritz reabre sus puertas en Madrid<\/strong>&nbsp;con el objetivo de atraer al turista nacional de lujo a la espera de la llegada de los viajeros internacionales.&nbsp;<\/p>\n\n\n\n<p id=\"paragraph_2\"><strong>Mandarin Oriental Ritz reabre con 153 habitaciones, incluyendo 53 suites<\/strong>. La oferta gastron\u00f3mica est\u00e1 dirigida por el cocinero espa\u00f1ol Quique Dacosta, quien desarrollar\u00e1 y dirigir\u00e1 todas las propuestas gastron\u00f3micas de los cinco restaurantes y bares del hotel.<\/p>\n\n\n\n<p>Durante los tres a\u00f1os que ha durado la reforma,\u00a0<strong>el arquitecto espa\u00f1ol Rafael de La-Hoz<\/strong>\u00a0y los dise\u00f1adores parisinos Gilles &amp; Boissier han colaborado estrechamente en el nuevo dise\u00f1o. Adem\u00e1s, el hotel exhibe una selecci\u00f3n de obras de arte y piezas inspiradas en el fuerte v\u00ednculo que lo une a la ciudad que lo acoge.<\/p>\n\n\n\n<p>Mandarin Oriental International cerr\u00f3 el hotel\u00a0<strong>para someterlo a una renovaci\u00f3n de 99 millones de euros que anunci\u00f3 en 2016<\/strong>\u00a0tras adquirirlo, por 148 millones de d\u00f3lares, junto con el grupo saud\u00ed Olayan.<\/p>\n\n\n\n<p>Mandarin Oriental International cerr\u00f3 el hotel\u00a0<strong>para someterlo a una renovaci\u00f3n de 99 millones de euros que anunci\u00f3 en 2016<\/strong>\u00a0tras adquirirlo, por 148 millones de d\u00f3lares, junto con el grupo saud\u00ed Olayan.<\/p>\n\n\n\n<p id=\"paragraph_5\">El hotel fue comprado a Belmond Spanish Holdings (la antigua Orient-Express) y Landis Inversiones (sociedad de inversi\u00f3n de Alicia Koplowitz) mediante una sociedad de riesgo compartido en la que Mandarin y Olayan ostentan cada uno el 50%.<\/p>\n\n\n\n<h3 class=\"wp-block-heading\">Ayuso y Almeida<\/h3>\n\n\n\n<p id=\"paragraph_6\">Este jueves ha tenido lugar el tradicional corte de cinta de Mandarin Oriental Ritz, Madrid. James Riley, chief executive Officer de Mandarin Oriental Hotel Group y Greg Liddell, General Manager de Mandarin Oriental Ritz, Madrid y Area Vice President Operations, han estado presentes en la reapertura del emblem\u00e1tico hotel de la capital.<img decoding=\"async\" src=\"https:\/\/s1.eestatic.com\/2021\/04\/15\/actualidad\/573954337_178266961_1024x576.jpg\" srcset=\"https:\/\/s1.eestatic.com\/2021\/04\/15\/actualidad\/573954337_178266964_320x180.jpg 320w, https:\/\/s1.eestatic.com\/2021\/04\/15\/actualidad\/573954337_178266963_640x360.jpg 640w, https:\/\/s1.eestatic.com\/2021\/04\/15\/actualidad\/573954337_178266962_864x486.jpg 864w, https:\/\/s1.eestatic.com\/2021\/04\/15\/actualidad\/573954337_178266961_1024x576.jpg 1024w, https:\/\/s1.eestatic.com\/2021\/04\/15\/actualidad\/573954337_178266960_1706x960.jpg 1706w\" width=\"320\" height=\"180\" alt=\"Greg Liddell, General Manager de Mandarin Oriental Ritz de Madrid y la presidenta de la Comunidad de Madrid, Isabel D\u00edaz Ayuso.\"><\/p>\n\n\n\n<p>Greg Liddell, General Manager de Mandarin Oriental Ritz de Madrid y la presidenta de la Comunidad de Madrid, Isabel D\u00edaz Ayuso.&nbsp;Jorge Barreno.<\/p>\n\n\n\n<p id=\"paragraph_7\">\u201cMadrid y el Ritz han viajado juntos desde hace m\u00e1s de un siglo y han vivido experiencias \u00fanicas. Hoy soy un hombre ilusionado despu\u00e9s de tres a\u00f1os intensos por fin abriremos en hotel\u201d, ha destacado Greg Liddell.<\/p>\n\n\n\n<p id=\"paragraph_8\">El acto tambi\u00e9n ha contado con la presencia<strong>&nbsp;del alcalde de Madrid, Jos\u00e9 Luis Mart\u00ednez-Almeida;<\/strong>&nbsp;la presidenta de la Comunidad de Madrid, Isabel D\u00edaz Ayuso; y el director de Turespa\u00f1a, Miguel S\u00e1nz.&nbsp;<\/p>\n\n\n\n<p id=\"paragraph_9\">\u201cEl target tur\u00edstico en Madrid es de alto poder adquisitivo con gasto de m\u00e1s de 270 euros diarios. Por eso el hotel Ritz nos va a seguir ayudando a potenciar Madrid como destino tur\u00edstico de excelencia\u201d, ha indicado Almeida.<\/p>\n\n\n\n<p id=\"paragraph_10\">Por su parte, Ayuso ha destacado que \u201cya contamos con 11.000 plazas hotelera de cinco estrellas, donde ya incluimos al hotel Ritz\u201d.<img decoding=\"async\" src=\"https:\/\/s1.eestatic.com\/2021\/04\/15\/actualidad\/573954338_178266992_1024x576.jpg\" srcset=\"https:\/\/s1.eestatic.com\/2021\/04\/15\/actualidad\/573954338_178266995_320x180.jpg 320w, https:\/\/s1.eestatic.com\/2021\/04\/15\/actualidad\/573954338_178266994_640x360.jpg 640w, https:\/\/s1.eestatic.com\/2021\/04\/15\/actualidad\/573954338_178266993_864x486.jpg 864w, https:\/\/s1.eestatic.com\/2021\/04\/15\/actualidad\/573954338_178266992_1024x576.jpg 1024w, https:\/\/s1.eestatic.com\/2021\/04\/15\/actualidad\/573954338_178266991_1706x960.jpg 1706w\" width=\"320\" height=\"180\" alt=\"Greg Liddell, General Manager de Mandarin Oriental Ritz Madrid junto a dos trabajadores.\"><\/p>\n\n\n\n<p>Greg Liddell, General Manager de Mandarin Oriental Ritz Madrid junto a dos trabajadores.&nbsp;Jorge Barreno<\/p>\n\n\n\n<p id=\"paragraph_11\">Despu\u00e9s del acto oficial, la representante de los trabajadores jubilados del hotel, as\u00ed como el trabajador activo que entr\u00f3 hace m\u00e1s tiempo en el Ritz (1971) han abierto las puertas junto con el director de este.<\/p>\n\n\n\n<p>Fuente: https:\/\/www.elespanol.com\/invertia\/empresas\/turismo\/20210415\/historico-hotel-ritz-reabre-puertas-madrid-reformas\/573943207_0.html<\/p>\n","protected":false},"excerpt":{"rendered":"<p>El establecimiento cuenta ahora con 153 habitaciones, incluyendo 53 suites, y una\u00a0oferta gastron\u00f3mica dirigida por el cocinero espa\u00f1ol Quique Dacosta. [&hellip;]<\/p>\n","protected":false},"author":1,"featured_media":6966,"comment_status":"open","ping_status":"open","sticky":false,"template":"","format":"standard","meta":{"site-sidebar-layout":"default","site-content-layout":"","ast-site-content-layout":"default","site-content-style":"default","site-sidebar-style":"default","ast-global-header-display":"","ast-banner-title-visibility":"","ast-main-header-display":"","ast-hfb-above-header-display":"","ast-hfb-below-header-display":"","ast-hfb-mobile-header-display":"","site-post-title":"","ast-breadcrumbs-content":"","ast-featured-img":"","footer-sml-layout":"","theme-transparent-header-meta":"","adv-header-id-meta":"","stick-header-meta":"","header-above-stick-meta":"","header-main-stick-meta":"","header-below-stick-meta":"","astra-migrate-meta-layouts":"default","ast-page-background-enabled":"default","ast-page-background-meta":{"desktop":{"background-color":"var(--ast-global-color-4)","background-image":"","background-repeat":"repeat","background-position":"center center","background-size":"auto","background-attachment":"scroll","background-type":"","background-media":"","overlay-type":"","overlay-color":"","overlay-opacity":"","overlay-gradient":""},"tablet":{"background-color":"","background-image":"","background-repeat":"repeat","background-position":"center center","background-size":"auto","background-attachment":"scroll","background-type":"","background-media":"","overlay-type":"","overlay-color":"","overlay-opacity":"","overlay-gradient":""},"mobile":{"background-color":"","background-image":"","background-repeat":"repeat","background-position":"center center","background-size":"auto","background-attachment":"scroll","background-type":"","background-media":"","overlay-type":"","overlay-color":"","overlay-opacity":"","overlay-gradient":""}},"ast-content-background-meta":{"desktop":{"background-color":"var(--ast-global-color-5)","background-image":"","background-repeat":"repeat","background-position":"center center","background-size":"auto","background-attachment":"scroll","background-type":"","background-media":"","overlay-type":"","overlay-color":"","overlay-opacity":"","overlay-gradient":""},"tablet":{"background-color":"var(--ast-global-color-5)","background-image":"","background-repeat":"repeat","background-position":"center center","background-size":"auto","background-attachment":"scroll","background-type":"","background-media":"","overlay-type":"","overlay-color":"","overlay-opacity":"","overlay-gradient":""},"mobile":{"background-color":"var(--ast-global-color-5)","background-image":"","background-repeat":"repeat","background-position":"center center","background-size":"auto","background-attachment":"scroll","background-type":"","background-media":"","overlay-type":"","overlay-color":"","overlay-opacity":"","overlay-gradient":""}},"footnotes":""},"categories":[8],"tags":[1043],"class_list":["post-6965","post","type-post","status-publish","format-standard","has-post-thumbnail","hentry","category-noticias","tag-ritz-madrid-reapertura"],"_links":{"self":[{"href":"https:\/\/losperiodistas.com.mx\/portal\/wp-json\/wp\/v2\/posts\/6965","targetHints":{"allow":["GET"]}}],"collection":[{"href":"https:\/\/losperiodistas.com.mx\/portal\/wp-json\/wp\/v2\/posts"}],"about":[{"href":"https:\/\/losperiodistas.com.mx\/portal\/wp-json\/wp\/v2\/types\/post"}],"author":[{"embeddable":true,"href":"https:\/\/losperiodistas.com.mx\/portal\/wp-json\/wp\/v2\/users\/1"}],"replies":[{"embeddable":true,"href":"https:\/\/losperiodistas.com.mx\/portal\/wp-json\/wp\/v2\/comments?post=6965"}],"version-history":[{"count":1,"href":"https:\/\/losperiodistas.com.mx\/portal\/wp-json\/wp\/v2\/posts\/6965\/revisions"}],"predecessor-version":[{"id":6967,"href":"https:\/\/losperiodistas.com.mx\/portal\/wp-json\/wp\/v2\/posts\/6965\/revisions\/6967"}],"wp:featuredmedia":[{"embeddable":true,"href":"https:\/\/losperiodistas.com.mx\/portal\/wp-json\/wp\/v2\/media\/6966"}],"wp:attachment":[{"href":"https:\/\/losperiodistas.com.mx\/portal\/wp-json\/wp\/v2\/media?parent=6965"}],"wp:term":[{"taxonomy":"category","embeddable":true,"href":"https:\/\/losperiodistas.com.mx\/portal\/wp-json\/wp\/v2\/categories?post=6965"},{"taxonomy":"post_tag","embeddable":true,"href":"https:\/\/losperiodistas.com.mx\/portal\/wp-json\/wp\/v2\/tags?post=6965"}],"curies":[{"name":"wp","href":"https:\/\/api.w.org\/{rel}","templated":true}]}}