{"id":6962,"date":"2021-04-15T09:24:04","date_gmt":"2021-04-15T14:24:04","guid":{"rendered":"http:\/\/losperiodistas.com.mx\/portal\/?p=6962"},"modified":"2021-04-15T09:24:06","modified_gmt":"2021-04-15T14:24:06","slug":"amlo-la-ultima-palabra-la-tiene-el-tepjf-no-el-ine-la-jornada","status":"publish","type":"post","link":"https:\/\/losperiodistas.com.mx\/portal\/amlo-la-ultima-palabra-la-tiene-el-tepjf-no-el-ine-la-jornada\/","title":{"rendered":"AMLO: \u00abla \u00faltima palabra\u00bb la tiene el TEPJF, no el INE | La Jornada"},"content":{"rendered":"\n<figure class=\"wp-block-image size-large\"><img fetchpriority=\"high\" decoding=\"async\" width=\"1024\" height=\"574\" src=\"https:\/\/losperiodistas.com.mx\/portal\/wp-content\/uploads\/2021\/04\/Captura-de-Pantalla-2021-04-15-a-las-9.22.31-1024x574.jpg\" alt=\"\" class=\"wp-image-6963\" srcset=\"https:\/\/losperiodistas.com.mx\/portal\/wp-content\/uploads\/2021\/04\/Captura-de-Pantalla-2021-04-15-a-las-9.22.31-1024x574.jpg 1024w, https:\/\/losperiodistas.com.mx\/portal\/wp-content\/uploads\/2021\/04\/Captura-de-Pantalla-2021-04-15-a-las-9.22.31-300x168.jpg 300w, https:\/\/losperiodistas.com.mx\/portal\/wp-content\/uploads\/2021\/04\/Captura-de-Pantalla-2021-04-15-a-las-9.22.31-768x431.jpg 768w, https:\/\/losperiodistas.com.mx\/portal\/wp-content\/uploads\/2021\/04\/Captura-de-Pantalla-2021-04-15-a-las-9.22.31.jpg 1284w\" sizes=\"(max-width: 1024px) 100vw, 1024px\" \/><\/figure>\n\n\n\n<p class=\"has-vivid-cyan-blue-color has-text-color has-medium-font-size\">FABIOLA MART\u00cdNEZ \/ N\u00c9STOR JIM\u00c9NEZ \/ LA JORNADA<\/p>\n\n\n\n<p><em>Ciudad de M\u00e9xico.<\/em>&nbsp;La decisi\u00f3n del Instituto Nacional Electoral (INE) de retirar las candidaturas a F\u00e9lix Salgado y Ra\u00fal Mor\u00f3n a las gubernaturas de Guerrero y Michoac\u00e1n es un \u201catentado a la democracia\u201d y una expresi\u00f3n de fobia, asegur\u00f3 el presidente Andr\u00e9s Manuel L\u00f3pez Obrador.<\/p>\n\n\n\n<p>Sostuvo que el Tribunal Electoral del Poder Judicial de la Federaci\u00f3n (TEPJF) tendr\u00e1 la \u00faltima palabra, aunque por lo pronto sugiri\u00f3 a los magistrados hacer una encuesta telef\u00f3nica para conocer si los ciudadanos est\u00e1n de acuerdo en que los morenistas aparezcan en la boleta.<\/p>\n\n\n\n<p>\u201cEstoy seguro que la gente va a decir: \u2018que participen\u2019, aun los que no van a votar por ellos porque no se debe de descalificar; en la democracia el pueblo es el que tiene siempre la \u00faltima palabra\u201d, manifest\u00f3.<\/p>\n\n\n\n<p>En opini\u00f3n del mandatario, la decisi\u00f3n del INE fue excesiva, totalmente antidemocr\u00e1tica, \u201cporque en nuestro sistema deben decidir los ciudadanos, no los notables\u201d.<\/p>\n\n\n\n<p>Llam\u00f3 a las partes a serenarse y esperar la decisi\u00f3n del Tribunal, aunque de entrada record\u00f3 que el proyecto, con base en el cual se orden\u00f3 al INE una nueva evaluaci\u00f3n de los casos, no consideraba cancelar las candidaturas.<\/p>\n\n\n\n<p>\u201cYo incluso le\u00ed la resoluci\u00f3n del tribunal y, si no me equivoco, era para que se sancionara o no a los candidatos, pero que no se les quitara su derecho a participar, ese es el esp\u00edritu de la resoluci\u00f3n. Entonces, lo que hizo el consejo (del INE) ayer es no tomar en cuenta esa recomendaci\u00f3n\u201d, subray\u00f3.<\/p>\n\n\n\n<p>La esencia del asunto \u2013destac\u00f3 L\u00f3pez Obrador\u2013 es el respeto a la democracia.&nbsp;<em>Demos<\/em>&nbsp;es pueblo,&nbsp;<em>kr\u00e1tos<\/em>&nbsp;es poder, es el poder del pueblo soberano, no de los aparatos o de la estructura.<\/p>\n\n\n\n<p>Entonces, pregunt\u00f3, \u00bfpor qu\u00e9 impedir que el pueblo sea el que decida?, \u00bfpor qu\u00e9 no se le deja a la gente de Michoac\u00e1n, a los de Guerrero que decidan?<\/p>\n\n\n\n<p>\u201cSi son malos ciudadanos, \u00bfqu\u00e9?, \u00bfno puede el pueblo calificarlos, reprobarlos o elegirlos?\u201d<\/p>\n\n\n\n<p>Por tanto, subray\u00f3 el mandatario, la eventual cancelaci\u00f3n de esa posibilidad ser\u00eda un hecho in\u00e9dito en momentos en que el pa\u00eds da \u201clos primeros pasos\u201d para establecer una aut\u00e9ntica democracia.<\/p>\n\n\n\n<p>\u201c\u00bfY vamos a golpear as\u00ed la democracia? No es exagerado lo que dije, es un atentado a la democracia\u201d, sostuvo.<\/p>\n\n\n\n<p>En la v\u00edspera anticip\u00f3 que enviar\u00e1 una iniciativa de reforma electoral, incluida la integraci\u00f3n del INE.<\/p>\n\n\n\n<p>En su opini\u00f3n, los \u201cconservadores\u201d simulan porque en realidad violan la Constituci\u00f3n y las leyes, son ejecutores o aplaudidores de los fraudes electorales pero se muestran como si fueran paladines de la democracia, por lo cual confi\u00f3 en que el tribunal \u201cresuelva bien este asunto\u201d.<\/p>\n\n\n\n<p>Antes, mencion\u00f3, se comet\u00edan muchas injusticias por instrucci\u00f3n emitida desde Los Pinos, como cuando en 2005 le quitaron el fuero para sacarlo as\u00ed de la contienda presidencial del a\u00f1o siguiente. Destac\u00f3 la defensa del pueblo frente a la maquinaria del Ejecutivo, al grado que un pri\u00edsta se quej\u00f3: \u201cya se nos raj\u00f3 Fox\u201d.<\/p>\n\n\n\n<p>\u201cEs que el conservadurismo es \u2018cosita\u2019, acu\u00e9rdense de la historia, de lo que son capaces de hacer\u201d, manifest\u00f3.<\/p>\n\n\n\n<p>Fuente: https:\/\/www.jornada.com.mx\/notas\/2021\/04\/15\/politica\/amlo-la-ultima-palabra-la-tiene-el-tepjf-no-el-ine\/<\/p>\n\n\n\n<hr class=\"wp-block-separator\"\/>\n","protected":false},"excerpt":{"rendered":"<p>FABIOLA MART\u00cdNEZ \/ N\u00c9STOR JIM\u00c9NEZ \/ LA JORNADA Ciudad de M\u00e9xico.&nbsp;La decisi\u00f3n del Instituto Nacional Electoral (INE) de retirar las [&hellip;]<\/p>\n","protected":false},"author":1,"featured_media":6963,"comment_status":"open","ping_status":"open","sticky":false,"template":"","format":"standard","meta":{"site-sidebar-layout":"default","site-content-layout":"","ast-site-content-layout":"default","site-content-style":"default","site-sidebar-style":"default","ast-global-header-display":"","ast-banner-title-visibility":"","ast-main-header-display":"","ast-hfb-above-header-display":"","ast-hfb-below-header-display":"","ast-hfb-mobile-header-display":"","site-post-title":"","ast-breadcrumbs-content":"","ast-featured-img":"","footer-sml-layout":"","theme-transparent-header-meta":"","adv-header-id-meta":"","stick-header-meta":"","header-above-stick-meta":"","header-main-stick-meta":"","header-below-stick-meta":"","astra-migrate-meta-layouts":"default","ast-page-background-enabled":"default","ast-page-background-meta":{"desktop":{"background-color":"var(--ast-global-color-4)","background-image":"","background-repeat":"repeat","background-position":"center center","background-size":"auto","background-attachment":"scroll","background-type":"","background-media":"","overlay-type":"","overlay-color":"","overlay-opacity":"","overlay-gradient":""},"tablet":{"background-color":"","background-image":"","background-repeat":"repeat","background-position":"center center","background-size":"auto","background-attachment":"scroll","background-type":"","background-media":"","overlay-type":"","overlay-color":"","overlay-opacity":"","overlay-gradient":""},"mobile":{"background-color":"","background-image":"","background-repeat":"repeat","background-position":"center center","background-size":"auto","background-attachment":"scroll","background-type":"","background-media":"","overlay-type":"","overlay-color":"","overlay-opacity":"","overlay-gradient":""}},"ast-content-background-meta":{"desktop":{"background-color":"var(--ast-global-color-5)","background-image":"","background-repeat":"repeat","background-position":"center center","background-size":"auto","background-attachment":"scroll","background-type":"","background-media":"","overlay-type":"","overlay-color":"","overlay-opacity":"","overlay-gradient":""},"tablet":{"background-color":"var(--ast-global-color-5)","background-image":"","background-repeat":"repeat","background-position":"center center","background-size":"auto","background-attachment":"scroll","background-type":"","background-media":"","overlay-type":"","overlay-color":"","overlay-opacity":"","overlay-gradient":""},"mobile":{"background-color":"var(--ast-global-color-5)","background-image":"","background-repeat":"repeat","background-position":"center center","background-size":"auto","background-attachment":"scroll","background-type":"","background-media":"","overlay-type":"","overlay-color":"","overlay-opacity":"","overlay-gradient":""}},"footnotes":""},"categories":[8],"tags":[197,885,1042],"class_list":["post-6962","post","type-post","status-publish","format-standard","has-post-thumbnail","hentry","category-noticias","tag-felix-salgado-macedonio","tag-ine","tag-tepjf"],"_links":{"self":[{"href":"https:\/\/losperiodistas.com.mx\/portal\/wp-json\/wp\/v2\/posts\/6962","targetHints":{"allow":["GET"]}}],"collection":[{"href":"https:\/\/losperiodistas.com.mx\/portal\/wp-json\/wp\/v2\/posts"}],"about":[{"href":"https:\/\/losperiodistas.com.mx\/portal\/wp-json\/wp\/v2\/types\/post"}],"author":[{"embeddable":true,"href":"https:\/\/losperiodistas.com.mx\/portal\/wp-json\/wp\/v2\/users\/1"}],"replies":[{"embeddable":true,"href":"https:\/\/losperiodistas.com.mx\/portal\/wp-json\/wp\/v2\/comments?post=6962"}],"version-history":[{"count":1,"href":"https:\/\/losperiodistas.com.mx\/portal\/wp-json\/wp\/v2\/posts\/6962\/revisions"}],"predecessor-version":[{"id":6964,"href":"https:\/\/losperiodistas.com.mx\/portal\/wp-json\/wp\/v2\/posts\/6962\/revisions\/6964"}],"wp:featuredmedia":[{"embeddable":true,"href":"https:\/\/losperiodistas.com.mx\/portal\/wp-json\/wp\/v2\/media\/6963"}],"wp:attachment":[{"href":"https:\/\/losperiodistas.com.mx\/portal\/wp-json\/wp\/v2\/media?parent=6962"}],"wp:term":[{"taxonomy":"category","embeddable":true,"href":"https:\/\/losperiodistas.com.mx\/portal\/wp-json\/wp\/v2\/categories?post=6962"},{"taxonomy":"post_tag","embeddable":true,"href":"https:\/\/losperiodistas.com.mx\/portal\/wp-json\/wp\/v2\/tags?post=6962"}],"curies":[{"name":"wp","href":"https:\/\/api.w.org\/{rel}","templated":true}]}}