{"id":6940,"date":"2021-04-15T07:17:00","date_gmt":"2021-04-15T12:17:00","guid":{"rendered":"http:\/\/losperiodistas.com.mx\/portal\/?p=6940"},"modified":"2021-04-15T07:17:03","modified_gmt":"2021-04-15T12:17:03","slug":"partidos-toman-el-dinero-de-los-mexicanos-y-devuelven-discordia-y-odio-disfrazados-de-campanas-sinembargo","status":"publish","type":"post","link":"https:\/\/losperiodistas.com.mx\/portal\/partidos-toman-el-dinero-de-los-mexicanos-y-devuelven-discordia-y-odio-disfrazados-de-campanas-sinembargo\/","title":{"rendered":"Partidos toman el dinero de los mexicanos y devuelven discordia y odio disfrazados de \u201ccampa\u00f1as\u201d | SinEmbargo"},"content":{"rendered":"\n<h3 class=\"wp-block-heading\" style=\"font-size:18px\"><em>\u201cVota bien y limpiemos a M\u00e9xico del kkas\u201d, \u201cMorena no sabe gobernar, son ineptos\u201d, \u201cExtirpemos el tumor del PRIAN\u201d\u2026 Estas y m\u00e1s expresiones de odio han sido utilizadas en\u00a0spots\u00a0de campa\u00f1as de los partidos pol\u00edticos y en sus grupos afines, de acuerdo con los monitoreos que realizan por separado el Colmex y la UNAM. En este proceso electoral, dicen los expertos, los partidos han estado m\u00e1s presentes en las redes sociales por dos caracter\u00edsticas que las hacen diferentes a los medios tradicionales: la\u00a0propagaci\u00f3n inmediata del mensaje y los usuarios, que en su mayor\u00eda son j\u00f3venes que votar\u00e1n por primera vez.<\/em><\/h3>\n\n\n\n<figure class=\"wp-block-embed is-type-video is-provider-youtube wp-block-embed-youtube wp-embed-aspect-16-9 wp-has-aspect-ratio\"><div class=\"wp-block-embed__wrapper\">\n<iframe title=\"Partidos toman el dinero de los mexicanos y devuelven discordia y odio disfrazados de \u201ccampa\u00f1as\u201d\" width=\"500\" height=\"281\" src=\"https:\/\/www.youtube.com\/embed\/jp6ZaRe9z6U?feature=oembed\" frameborder=\"0\" allow=\"accelerometer; autoplay; clipboard-write; encrypted-media; gyroscope; picture-in-picture; web-share\" referrerpolicy=\"strict-origin-when-cross-origin\" allowfullscreen><\/iframe>\n<\/div><\/figure>\n\n\n\n<p><\/p>\n\n\n\n<p class=\"has-vivid-cyan-blue-color has-text-color has-medium-font-size\">GUADALUPE FUENTES L\u00d3PEZ \/ SINEMBARGO<\/p>\n\n\n\n<p>Ciudad de M\u00e9xico, 15 de abril (SinEmbargo).\u2013 \u201cDesperdicio de recursos en Harvard con la colaboracionista R\u00edos. La Viri siempre responder\u00e1 a su origen, ni los filtros que utiliza la disimulan. La mona, aunque se vista de seda, mona se queda\u201d, escribi\u00f3 el pasado 8 de abril Mar\u00eda Elena P\u00e9rez-Ja\u00e9n Zerme\u00f1o, candidata a Diputada plurinominal por el Partido Acci\u00f3n Nacional (<strong>PAN<\/strong>). Aunque este mensaje no iba dirigido hacia alg\u00fan integrante de un&nbsp;<strong>partido pol\u00edtico<\/strong>, s\u00ed lo realiz\u00f3 una persona que contiende por un cargo p\u00fablico y se enmarca dentro del&nbsp;<strong>proceso electoral 2021<\/strong>, donde las&nbsp;<strong>campa\u00f1as pol\u00edticas,&nbsp;<\/strong>costeadas con recursos p\u00fablicos,&nbsp;se han caracterizado por&nbsp;<strong>discursos de odio<\/strong>&nbsp;que generan&nbsp;<strong>polarizaci\u00f3n<\/strong>.<\/p>\n\n\n\n<p>De acuerdo con el \u201cProyecto Odio y Concordia\u201d del Seminario sobre Violencia y Paz, organizado por el Colegio de M\u00e9xico (Colmex), estas campa\u00f1as son difundidas por todos los partidos a trav\u00e9s de las redes sociales y su finalidad es atraer votantes por medio de un discurso de odio. Pero esta no es la primera vez que ocurre algo similar en M\u00e9xico, en las elecciones presidenciales de 2006 la estrategia del PAN consisti\u00f3 precisamente en hacer creer a los votantes que\u00a0<strong>Andr\u00e9s Manuel L\u00f3pez Obrador<\/strong>, entonces candidato de la coalici\u00f3n Por el Bien de Todos, conformada por el Partido de la Revoluci\u00f3n Democr\u00e1tica (PRD), el Partido del Trabajo (PT) y el Partido Convergencia, era \u201cun peligro\u201d para el pa\u00eds. <\/p>\n\n\n\n<figure class=\"wp-block-embed is-type-rich is-provider-twitter wp-block-embed-twitter\"><div class=\"wp-block-embed__wrapper\">\n<blockquote class=\"twitter-tweet\" data-width=\"500\" data-dnt=\"true\"><p lang=\"es\" dir=\"ltr\">Morena no sabe gobernar, son ineptos, mentirosos y corruptos, no les importan las mujeres, no cumplen sus promesas y solo le echan la culpa de su fracaso al pasado. No permitamos m\u00e1s destrucci\u00f3n y pongamos un <a href=\"https:\/\/twitter.com\/hashtag\/AltoAMorena?src=hash&amp;ref_src=twsrc%5Etfw\">#AltoAMorena<\/a>.<a href=\"https:\/\/twitter.com\/hashtag\/VaPorM%C3%A9xico?src=hash&amp;ref_src=twsrc%5Etfw\">#VaPorM\u00e9xico<\/a> <a href=\"https:\/\/t.co\/IRM9SzEqTE\">pic.twitter.com\/IRM9SzEqTE<\/a><\/p>&mdash; Acci\u00f3n Nacional (@AccionNacional) <a href=\"https:\/\/twitter.com\/AccionNacional\/status\/1378731692119240706?ref_src=twsrc%5Etfw\">April 4, 2021<\/a><\/blockquote><script async src=\"https:\/\/platform.twitter.com\/widgets.js\" charset=\"utf-8\"><\/script>\n<\/div><\/figure>\n\n\n\n<blockquote class=\"wp-block-quote is-layout-flow wp-block-quote-is-layout-flow\"><p>\u201cLa frase \u2018L\u00f3pez Obrador es un peligro para M\u00e9xico\u2019 tuvo impacto porque mis adversarios ten\u00edan el control casi absoluto de todos los medios de informaci\u00f3n y usaron una estrategia hitleriana para repetir el mensaje d\u00eda y noche\u201d, record\u00f3 el pasado 9 de marzo el Presidente L\u00f3pez Obrador durante su conferencia matutina al referirse al proceso electoral de este a\u00f1o.<\/p><\/blockquote>\n\n\n\n<p>En la elecci\u00f3n del pr\u00f3ximo 6 de junio, la m\u00e1s grande de M\u00e9xico porque se renovar\u00e1n la C\u00e1mara de Diputados, 15 gubernaturas, 30 congresos locales y las alcald\u00edas en 30 estados, este tipo de discurso y de descalificaciones se han presentado en las campa\u00f1as de la alianza \u201cVa por M\u00e9xico\u201d (PAN-PRI-PRD) y Morena, de acuerdo con los monitoreos que han realizado&nbsp;por separado investigadores del Colmex y de la Universidad Nacional Aut\u00f3noma de M\u00e9xico (UNAM).<\/p>\n\n\n\n<blockquote class=\"wp-block-quote is-layout-flow wp-block-quote-is-layout-flow\"><p>\u201cEn el transcurrir de la investigaci\u00f3n nos hemos dado cuenta de que esto, (el discurso de odio), no es caracter\u00edstica de un solo partido ni de un lado ideol\u00f3gico\u201d, dijo en entrevista el doctor Rodrigo Pe\u00f1a, vocero del proyecto \u201cOdio y Concordia\u201d del Seminario sobre Violencia y Paz del Colmex. \u201cEst\u00e1 siendo muy rentable desde el punto de vista pol\u00edtico-electoral. Funciona para recaudar votos y generar simpat\u00eda\u201d.<\/p><\/blockquote>\n\n\n\n<p><img decoding=\"async\" src=\"https:\/\/i0.wp.com\/sinembargo.mx\/wp-content\/uploads\/2021\/04\/10votosok.jpg\" alt=\"\"><\/p>\n\n\n\n<h4 class=\"wp-block-heading\"><a href=\"https:\/\/www.sinembargo.mx\/05-04-2021\/3958342\">VER M\u00c1S<\/a><\/h4>\n\n\n\n<h5 class=\"wp-block-heading\"><a href=\"https:\/\/www.sinembargo.mx\/05-04-2021\/3958342\" target=\"_blank\" rel=\"noreferrer noopener\">L\u00edderes grises, con manos sucias y hasta antag\u00f3nicos entre s\u00ed son la \u201ccarne\u201d en el asador opositor<\/a><\/h5>\n\n\n\n<p>Citlalli Hern\u00e1ndez, Secretaria General de Morena, dijo en entrevista que la derecha en M\u00e9xico ha construido un discurso basado en el odio y su estrategia est\u00e1 provocando que los simpatizantes de su partido \u201ccaigan en esa trampa y el discurso se diluya en un debate de dimes y diretes\u201d.<\/p>\n\n\n\n<p>Este discurso de odio en las campa\u00f1as, refieren a su vez los especialistas, empobrece el debate p\u00fablico al dejar a un lado iniciativas concretas para en su lugar discutir sobre descalificaciones.<\/p>\n\n\n\n<blockquote class=\"wp-block-quote is-layout-flow wp-block-quote-is-layout-flow\"><p>\u201cEl discurso de odio supone una desacreditaci\u00f3n que puede ser a la persona o un partido, pero por razones que apelan a factores discriminatorios, raciales, de misoginia. Tiene formas racistas y clasistas\u201d, mencion\u00f3 el doctor Pe\u00f1a.<\/p><\/blockquote>\n\n\n\n<p>Un caso reciente ocurri\u00f3 el lunes pasado, cuando Felix Salgado Macedonio arremeti\u00f3 en contra de los consejeros del Instituto Nacional Electoral (INE) por negarle su candidatura a la gubernatura de Guerrero\u00a0por no presentar informes de precampa\u00f1a como establece la Ley.<\/p>\n\n\n\n<blockquote class=\"wp-block-quote is-layout-flow wp-block-quote-is-layout-flow\"><p>El pol\u00edtico de Morena, acusado de abuso sexual, declar\u00f3 el lunes 12 de abril:&nbsp;\u201cSi se reivindica el INE, le vamos a tapizar de flores. Pero si no se reivindican, lo decimos de una vez, los vamos a buscar [a los siete consejeras y consejeros], los vamos a hallar, los vamos a encontrar. Y vamos a ver a C\u00f3rdova, \u00bfno les gustar\u00eda saber d\u00f3nde vive Lorenzo C\u00f3rdova? \u00bfLes gustar\u00eda saber c\u00f3mo est\u00e1 su casita de l\u00e1mina negra? Cabroncito. No sabe por lo que estamos luchando en Guerrero\u201d.<\/p><\/blockquote>\n\n\n\n<p>Finalmente el INE ratific\u00f3 su decisi\u00f3n y el pasado martes neg\u00f3 la candidatura a F\u00e9lix Salgado, quien en esta ocasi\u00f3n no lanz\u00f3 amenazas y asegur\u00f3 que esperar\u00e1 a la decisi\u00f3n del TEPJF.<img decoding=\"async\" src=\"https:\/\/i0.wp.com\/sinembargo.mx\/wp-content\/uploads\/2021\/01\/partidosredes.jpg\" alt=\"\"><\/p>\n\n\n\n<h4 class=\"wp-block-heading\"><a href=\"https:\/\/www.sinembargo.mx\/28-01-2021\/3929841\">VER M\u00c1S<\/a><\/h4>\n\n\n\n<h5 class=\"wp-block-heading\"><a href=\"https:\/\/www.sinembargo.mx\/28-01-2021\/3929841\" target=\"_blank\" rel=\"noreferrer noopener\">Partidos y pol\u00edticos derrochan millones en Face e Instagram. El Verde y Samuel Garc\u00eda a la cabeza<\/a><\/h5>\n\n\n\n<p><strong>EL USO DE REDES SOCIALES&nbsp;<\/strong><\/p>\n\n\n\n<p>En este proceso electoral el uso de las redes sociales ha sido fundamental para los partidos pol\u00edticos, pues su objetivo es captar a los votantes indecisos, que por lo general son los que votan por primera vez. De acuerdo con el INE, m\u00e1s de 25 millones 662 mil 773 j\u00f3venes entre 18 y 29 a\u00f1os podr\u00e1n participar en los comicios de junio, lo que representa el 29 por ciento de la lista nominal.<\/p>\n\n\n\n<blockquote class=\"wp-block-quote is-layout-flow wp-block-quote-is-layout-flow\"><p>\u201cLas redes sociales son una forma de comunicaci\u00f3n eficiente porque tienen la particularidad del factor de propagaci\u00f3n. En medios tradicionales, como TV y radio, las campa\u00f1as s\u00ed producen un impacto, pero es menos visible la forma en la que se produce esa reacci\u00f3n. Por ejemplo, en las redes se puede ver esa reacci\u00f3n a trav\u00e9s de los emoticonos\u201d, asegur\u00f3 Rodrigo Pe\u00f1a, investigador del Colmex.<\/p><\/blockquote>\n\n\n\n<p>La maestra Sonia Ju\u00e1rez Moreno, acad\u00e9mica de la Facultad de Estudios Superiores Arag\u00f3n de la UNAM, coincidi\u00f3: \u201cLos partidos pol\u00edticos en este periodo electoral est\u00e1n utilizando las cuestiones de las redes porque ven que la juventud va a emitir su voto por primera vez y quieren captarlo\u201d.<\/p>\n\n\n\n<blockquote class=\"wp-block-quote is-layout-flow wp-block-quote-is-layout-flow\"><p>\u201cEstas campa\u00f1as s\u00ed influyen en los votantes indecisos\u201d, agreg\u00f3 la profesora. \u201cSon una navaja de doble filo porque las personas que pertenecen al grupo del voto duro, es decir los votantes seguros, van a reafirmar su voto entre m\u00e1s se descalifique a su partido\u201d.<\/p><\/blockquote>\n\n\n\n<p>Para el doctor Rodrigo Pe\u00f1a, este tipo de campa\u00f1as \u201ctienen un impacto directo porque m\u00e1s all\u00e1 del voto duro, el discurso de odio tiende a generar emociones m\u00e1s que informaci\u00f3n, y esas emociones tienen efectos sobre las decisiones que toman los ciudadanos en el d\u00eda a d\u00eda\u201d.<img decoding=\"async\" src=\"https:\/\/i0.wp.com\/sinembargo.mx\/wp-content\/uploads\/2020\/12\/partiface.jpg\" alt=\"\"><\/p>\n\n\n\n<h4 class=\"wp-block-heading\"><a href=\"https:\/\/www.sinembargo.mx\/15-12-2020\/3908022\">VER M\u00c1S<\/a><\/h4>\n\n\n\n<h5 class=\"wp-block-heading\"><a href=\"https:\/\/www.sinembargo.mx\/15-12-2020\/3908022\" target=\"_blank\" rel=\"noreferrer noopener\">MC, PAN y PRI le echan todos los kilos a las redes. En Facebook, al menos, son los reyes del gasto<\/a><\/h5>\n\n\n\n<p>En el caso mexicano, detall\u00f3 el profesor del Colmex, a\u00fan se explora c\u00f3mo es este impacto, pero hay referentes como lo que ocurri\u00f3 en Estados Unidos. \u201cLo que pas\u00f3 en el Capitolio hace unos meses fue reflejo de un discurso de odio que se ven\u00eda alimentando desde hace a\u00f1os y que ten\u00eda efectos reales sobre los ciudadanos de ese pa\u00eds, quienes estaban convencidos de las ideas promovidas en las redes sociales\u201d.<\/p>\n\n\n\n<p>Facebook, la red social que cuenta con 85 millones de usuarios en M\u00e9xico (2019), tiene una definici\u00f3n amplia de lo que constituye el discurso de odio y su estrategia de disuasi\u00f3n se enfoca en contrarrestar el uso de lenguaje violento o deshumanizante.<\/p>\n\n\n\n<blockquote class=\"wp-block-quote is-layout-flow wp-block-quote-is-layout-flow\"><p>Sus esfuerzos incluyen ciencia de datos para la detecci\u00f3n de tal lenguaje y la consecuente eliminaci\u00f3n de la plataforma de esos comentarios. Al mismo tiempo monitorea \u201cactividades coordinadas inaut\u00e9nticas\u201d, es decir, el uso de cuentas falsas y automatizadas enfocadas en la manipulaci\u00f3n de la opini\u00f3n p\u00fablica.<\/p><\/blockquote>\n\n\n\n<p>Pero de acuerdo con investigadores del Colmex, con los actuales t\u00e9rminos de uso, la empresa creada en 2004 por Mark Zuckerberg justifica su omisi\u00f3n en la propagaci\u00f3n de discurso de odio porque considera aut\u00e9nticas las expresiones de \u201crechazo\u201d vertidas, es decir, hay indicios de que son personas, y no&nbsp;<em>bots<\/em>&nbsp;quienes est\u00e1n detr\u00e1s de ellas.<\/p>\n\n\n\n<blockquote class=\"wp-block-quote is-layout-flow wp-block-quote-is-layout-flow\"><p>\u201cEn M\u00e9xico, las c\u00e1maras de eco de las plataformas digitales pueden propiciar la conformaci\u00f3n de comunidades de odio toda vez que son una fuente para captar la atenci\u00f3n de simpatizantes de pol\u00edticos y partidos. Muchos de ellos guardan un silencio ominoso frente a discursos de odio y desinformaci\u00f3n animados por el potencial beneficio que les puede redituar entre sus bases\u201d, destac\u00f3 el Colmex en su seminario \u201cViolencia y Paz\u201d.<\/p><\/blockquote>\n\n\n\n<p><strong>EL DISCURSO DESDE EL \u201cFRENTE COM\u00daN ANTI-AMLO\u201d<\/strong><\/p>\n\n\n\n<p>El estudio \u201cConstrucci\u00f3n del odio en las campa\u00f1as pol\u00edticas 2021\u201d, elaborado por los investigadores Abraham Trejo y Gabriela Cruz del Colegio de M\u00e9xico, analiz\u00f3 al grupo \u201cFrente com\u00fan anti-AMLO\u201d y el discurso de odio que emplea en las plataformas digitales durante este proceso electoral.<\/p>\n\n\n\n<blockquote class=\"wp-block-quote is-layout-flow wp-block-quote-is-layout-flow\"><p>La conclusi\u00f3n a la que llegaron fue que la antipat\u00eda de algunos grupos opositores al Presidente L\u00f3pez Obrador ha generado el surgimiento de comunidades en redes sociales cuyo discurso fomenta el odio. Esta comunidad se caracteriza por compartir mensajes que atacan con lenguaje agresivo al titular del Ejecutivo federal, a su partido Morena, y a simpatizantes de la llamada Cuarta Transformaci\u00f3n.<\/p><\/blockquote>\n\n\n\n<p>La elecci\u00f3n del Colmex para el an\u00e1lisis del grupo \u201cFrente com\u00fan anti-AMLO\u201d respondi\u00f3 a dos consideraciones primordiales: en primer lugar se trata de un superdifusor, es decir, sus mensajes se esparcen con gran rapidez gracias a que sus seguidores los comparten, comentan y generan gran cantidad de&nbsp;<em>likes<\/em>; en segundo lugar, sus publicaciones utilizan un lenguaje de descalificaci\u00f3n que apela de forma sistem\u00e1tica a las emociones.<img fetchpriority=\"high\" decoding=\"async\" src=\"https:\/\/i0.wp.com\/sinembargo.mx\/wp-content\/uploads\/2021\/04\/image-2021-04-12-19_53_25.jpg\" alt=\"CAMPA\u00d1AS-ANTI-AMLO\" width=\"700\" height=\"768\" srcset=\"https:\/\/i0.wp.com\/sinembargo.mx\/wp-content\/uploads\/2021\/04\/image-2021-04-12-19_53_25.jpg 700w, https:\/\/i0.wp.com\/sinembargo.mx\/wp-content\/uploads\/2021\/04\/image-2021-04-12-19_53_25-273x300.jpg 273w\"><\/p>\n\n\n\n<p>Esta comunidad se caracteriza por compartir mensajes que atacan con lenguaje agresivo al Ejecutivo federal y a su partido Morena. Foto tomada de Facebook.<\/p>\n\n\n\n<blockquote class=\"wp-block-quote is-layout-flow wp-block-quote-is-layout-flow\"><p>\u201cEl grupo se cre\u00f3 el 8 de junio de 2017 y entre sus objetivos se encuentran \u2018vigilar la vigencia de la libertad y la democracia\u2019 y la divulgaci\u00f3n de \u2018informaci\u00f3n objetiva para el verdadero empoderamiento ciudadano\u2019. No obstante, en los hechos gana seguidores con un discurso reiterado de insultos y descalificaciones al Presidente Andr\u00e9s Manuel L\u00f3pez Obrador\u201d, se\u00f1ala el an\u00e1lisis del Colmex.<\/p><\/blockquote>\n\n\n\n<p>La morenista Citlalli Hern\u00e1ndez denunci\u00f3 que militantes de su partido han sido v\u00edctimas de ataques de simpatizantes de la coalici\u00f3n&nbsp;Va por M\u00e9xico, la cual, dijo, \u201cest\u00e1 tratando de capitalizar el odio hacia el Presidente y Morena para convertirlo en votos\u201d.<\/p>\n\n\n\n<blockquote class=\"wp-block-quote is-layout-flow wp-block-quote-is-layout-flow\"><p>\u201cLas palabras m\u00e1s frecuentes que usan para atacarnos rayan en el racismo, nos dicen pobres, nacos, chairos, pejezombies. Se nos ataca por nuestro origen social, por nuestra condici\u00f3n y no con argumentos\u201d, mencion\u00f3.<\/p><\/blockquote>\n\n\n\n<p>De acuerdo con el estudio, el n\u00famero de miembros del grupo aument\u00f3 considerablemente, al pasar de 12 mil 758 en marzo en 2020 a 33 mil 263 en marzo del presente a\u00f1o, lo que representa un crecimiento del 160.72 por ciento. Dicho aumento coincidi\u00f3 con el fortalecimiento de una comunidad de opositores de AMLO caracterizada por el discurso de odio.<img decoding=\"async\" src=\"https:\/\/i0.wp.com\/sinembargo.mx\/wp-content\/uploads\/2021\/04\/captura-de-pantalla-2021-04-12-a-las-19-21-49.jpg\" alt=\"\" width=\"700\" height=\"899\" srcset=\"https:\/\/i0.wp.com\/sinembargo.mx\/wp-content\/uploads\/2021\/04\/captura-de-pantalla-2021-04-12-a-las-19-21-49.jpg 700w, https:\/\/i0.wp.com\/sinembargo.mx\/wp-content\/uploads\/2021\/04\/captura-de-pantalla-2021-04-12-a-las-19-21-49-234x300.jpg 234w\"><\/p>\n\n\n\n<p>En el monitoreo, el Colmex contabiliz\u00f3 un total de 141 mil 400 posts con un promedio mensual de 10 mil 661. Los meses con mayor actividad fueron mayo y junio. Foto captura de pantalla.<\/p>\n\n\n\n<blockquote class=\"wp-block-quote is-layout-flow wp-block-quote-is-layout-flow\"><p>En el monitoreo del Colmex se contabilizaron un total de 141 mil 400&nbsp;<em>posts<\/em>&nbsp;con un promedio mensual de 10 mil 661 entradas. Los meses con mayor actividad fueron mayo y junio, con 14 mil y 15 mil, respectivamente, y septiembre con 16 mil.<\/p><\/blockquote>\n\n\n\n<p>Del total de publicaciones analizadas por el Colmex, el 36.46 por ciento corresponde a fotos, 26.42 por ciento a videos y 25.15 por ciento a enlaces externos. Asimismo, hubo un total de 3.68 millones de interacciones con un promedio mensual de 277 mil 800, de las cuales 28.54 por ciento correspondieron a likes, 24.48 por ciento a compartidos y 16.23 por ciento a comentarios.<\/p>\n\n\n\n<p>El an\u00e1lisis arroj\u00f3 que la mayor\u00eda de los ataques de este grupo se dirigen al Presidente de la Rep\u00fablica refiri\u00e9ndose a \u00e9l como \u201cbasura\u201d, \u201cpendejo\u201d o \u201cel cacas\u201d, y empleando&nbsp;<em>hashtags<\/em>&nbsp;como #AMLOenfermomental #Amlocausto y #Lopezgenocida. La prevalencia de estos insultos retrata la estrategia de descalificaci\u00f3n.<img decoding=\"async\" src=\"https:\/\/i0.wp.com\/sinembargo.mx\/wp-content\/uploads\/2021\/04\/image-2021-04-12-19_50_46-1.jpg\" alt=\"\" width=\"700\" height=\"789\" srcset=\"https:\/\/i0.wp.com\/sinembargo.mx\/wp-content\/uploads\/2021\/04\/image-2021-04-12-19_50_46-1.jpg 700w, https:\/\/i0.wp.com\/sinembargo.mx\/wp-content\/uploads\/2021\/04\/image-2021-04-12-19_50_46-1-266x300.jpg 266w\"><\/p>\n\n\n\n<p>El \u201cFrente com\u00fan anti-AMLO\u201d es un superdifusor, es decir, sus mensajes se esparcen con gran rapidez. Foto captura de pantalla.<\/p>\n\n\n\n<p><strong>\u201cEXTIRPEMOS AL PRIAN\u201d, LA POLARIZACI\u00d3N DESDE MORENA<\/strong><\/p>\n\n\n\n<p>\u201cDurante d\u00e9cadas, M\u00e9xico sufri\u00f3 una grave enfermedad, un tumor maligno llamado PRIAN que saqueaba al pa\u00eds, se alternaba el poder y fing\u00edan competir entre ellos. Hoy finalmente se quitan la m\u00e1scara y se unen en una perversa alianza electoral. A ellos los une la corrupci\u00f3n, la ambici\u00f3n y el miedo de seguir perdiendo el poder. No permitas que se salga con la suya. Extirpemos el tumor de M\u00e9xico\u201d. Este\u00a0<em>spot<\/em>\u00a0del partido Morena que ha sido compartido tanto en medios de comunicaci\u00f3n como en redes sociales fue analizado por el Colmex debido a la polarizaci\u00f3n que gener\u00f3 en redes. <\/p>\n\n\n\n<figure class=\"wp-block-embed is-type-rich is-provider-twitter wp-block-embed-twitter\"><div class=\"wp-block-embed__wrapper\">\nhttps:\/\/twitter.com\/PartidoMorenaMx\/status\/1364074292363714565?ref_src=twsrc%5Etfw%7Ctwcamp%5Etweetembed%7Ctwterm%5E1364074292363714565%7Ctwgr%5E%7Ctwcon%5Es1_c10&#038;ref_url=https%3A%2F%2Fwww.sinembargo.mx%2F15-04-2021%2F3962391\n<\/div><\/figure>\n\n\n\n<p>En los primeros siete d\u00edas de marzo pasado, Morena invirti\u00f3 307 mil 266 pesos para aumentar el alcance de 35 anuncios en Facebook. En ocho de las publicaciones magnificadas por el pago a esta red social, el partido emple\u00f3 el&nbsp;<em>hashtag<\/em>&nbsp;#ExtirpemosAlPRIAN para posicionar la narrativa de que la coalici\u00f3n opositora, formada por los partidos PRI, PAN y PRD, representa un \u201ctumor\u201d de corrupci\u00f3n que es necesario \u201cextirpar\u201d de la vida pol\u00edtica del pa\u00eds.<\/p>\n\n\n\n<p>De acuerdo con el an\u00e1lisis del Colmex, la publicidad que se paga a Facebook implica que el anuncio se presenta a ciudadanos de todo el espectro ideol\u00f3gico y no exclusivamente a los simpatizantes de la 4T, por lo que para determinar los efectos que tiene la estrategia electoral de polarizaci\u00f3n en la discusi\u00f3n p\u00fablica examinaron los m\u00e1s de dos mil 100 comentarios que recibi\u00f3 la publicidad desde su fecha de publicaci\u00f3n y hasta el 19 de marzo de 2021, fecha de corte del an\u00e1lisis.<\/p>\n\n\n\n<blockquote class=\"wp-block-quote is-layout-flow wp-block-quote-is-layout-flow\"><p>\u201cEn estos pueden observarse comentarios favorables a la 4T que est\u00e1n en los linderos de incitaci\u00f3n a la violencia: \u2018A estos tumorosos hay que extirparlos con todo y la ra\u00edz. Incluyendo toda la bola de dinosaurios para luego pasarlos al incinerador de la historia\u2019; \u2018muertos los perros (del PRIAN) se acaba la corrupci\u00f3n\u2019, o la sugerencia de que \u2018los deben de quemar (a los pol\u00edticos del PRIAN) vivos como a las brujas&#8217;\u201d, destaca el estudio.<\/p><\/blockquote>\n\n\n\n<p><img loading=\"lazy\" decoding=\"async\" src=\"https:\/\/i0.wp.com\/sinembargo.mx\/wp-content\/uploads\/2021\/04\/nube-palabras-morena.jpg\" alt=\"NUBE-PALABRAS-MORENA\" width=\"700\" height=\"389\" srcset=\"https:\/\/i0.wp.com\/sinembargo.mx\/wp-content\/uploads\/2021\/04\/nube-palabras-morena.jpg 700w, https:\/\/i0.wp.com\/sinembargo.mx\/wp-content\/uploads\/2021\/04\/nube-palabras-morena-300x167.jpg 300w\"><\/p>\n\n\n\n<p>Gr\u00e1fico: Colmex.<\/p>\n\n\n\n<blockquote class=\"wp-block-quote is-layout-flow wp-block-quote-is-layout-flow\"><p>El an\u00e1lisis del Colmex indica que la publicidad deton\u00f3 el uso de calificativos como \u201crateros\u201d, \u201ccorruptos\u201d y \u201ctraidores\u201d, como se ilustra en la nube de palabras.<\/p><\/blockquote>\n\n\n\n<p>En estos casos, agrega el an\u00e1lisis, los usuarios emplearon dichas palabras para expresar su apoyo a la 4T (\u201cTodos con Morena. Hay que acabar con esas ratotas\u201d); criticar al partido gobernante (\u201cPerversa la alianza de Morena: ladrones, saqueadores y corruptos, adem\u00e1s de ineptos. Ni un voto para su asqueroso partido y la bola de mugrosos aliados\u201d), y tambi\u00e9n indicar desaprobaci\u00f3n a la clase pol\u00edtica (\u201cTodos los pol\u00edticos pelean el puesto para chingar al pueblo por eso andan cambi\u00e1ndose de partidos para seguir jodiendo\u201d).<\/p>\n\n\n\n<blockquote class=\"wp-block-quote is-layout-flow wp-block-quote-is-layout-flow\"><p>\u201cLa discusi\u00f3n que propici\u00f3 Morena no corresponde a un debate democr\u00e1tico de calidad como se esperar\u00eda que detonara el partido gobernante. Una consecuencia directa de lo anterior es que temas relevantes quedan fuera de la discusi\u00f3n, o suceden de forma superficial\u201d, concluye el Colmex en su an\u00e1lisis.<\/p><\/blockquote>\n\n\n\n<p>Sobre esta campa\u00f1a, la Secretaria General de Morena, Citlalli Hern\u00e1ndez, dijo que su partido \u201ctiene que ser muy cuidadoso de no ponerse a ese nivel de discusi\u00f3n porque puede haber debate p\u00fablico, denuncia y se\u00f1alamientos muy puntuales a quienes han lastimado este pa\u00eds sin caer en este discurso de odio\u201d.<\/p>\n\n\n\n<p>Fuente: https:\/\/www.sinembargo.mx\/15-04-2021\/3962391<\/p>\n","protected":false},"excerpt":{"rendered":"<p>\u201cVota bien y limpiemos a M\u00e9xico del kkas\u201d, \u201cMorena no sabe gobernar, son ineptos\u201d, \u201cExtirpemos el tumor del PRIAN\u201d\u2026 Estas [&hellip;]<\/p>\n","protected":false},"author":1,"featured_media":6941,"comment_status":"open","ping_status":"open","sticky":false,"template":"","format":"standard","meta":{"site-sidebar-layout":"default","site-content-layout":"","ast-site-content-layout":"default","site-content-style":"default","site-sidebar-style":"default","ast-global-header-display":"","ast-banner-title-visibility":"","ast-main-header-display":"","ast-hfb-above-header-display":"","ast-hfb-below-header-display":"","ast-hfb-mobile-header-display":"","site-post-title":"","ast-breadcrumbs-content":"","ast-featured-img":"","footer-sml-layout":"","theme-transparent-header-meta":"","adv-header-id-meta":"","stick-header-meta":"","header-above-stick-meta":"","header-main-stick-meta":"","header-below-stick-meta":"","astra-migrate-meta-layouts":"default","ast-page-background-enabled":"default","ast-page-background-meta":{"desktop":{"background-color":"var(--ast-global-color-4)","background-image":"","background-repeat":"repeat","background-position":"center center","background-size":"auto","background-attachment":"scroll","background-type":"","background-media":"","overlay-type":"","overlay-color":"","overlay-opacity":"","overlay-gradient":""},"tablet":{"background-color":"","background-image":"","background-repeat":"repeat","background-position":"center center","background-size":"auto","background-attachment":"scroll","background-type":"","background-media":"","overlay-type":"","overlay-color":"","overlay-opacity":"","overlay-gradient":""},"mobile":{"background-color":"","background-image":"","background-repeat":"repeat","background-position":"center center","background-size":"auto","background-attachment":"scroll","background-type":"","background-media":"","overlay-type":"","overlay-color":"","overlay-opacity":"","overlay-gradient":""}},"ast-content-background-meta":{"desktop":{"background-color":"var(--ast-global-color-5)","background-image":"","background-repeat":"repeat","background-position":"center center","background-size":"auto","background-attachment":"scroll","background-type":"","background-media":"","overlay-type":"","overlay-color":"","overlay-opacity":"","overlay-gradient":""},"tablet":{"background-color":"var(--ast-global-color-5)","background-image":"","background-repeat":"repeat","background-position":"center center","background-size":"auto","background-attachment":"scroll","background-type":"","background-media":"","overlay-type":"","overlay-color":"","overlay-opacity":"","overlay-gradient":""},"mobile":{"background-color":"var(--ast-global-color-5)","background-image":"","background-repeat":"repeat","background-position":"center center","background-size":"auto","background-attachment":"scroll","background-type":"","background-media":"","overlay-type":"","overlay-color":"","overlay-opacity":"","overlay-gradient":""}},"footnotes":""},"categories":[8],"tags":[1033,141],"class_list":["post-6940","post","type-post","status-publish","format-standard","has-post-thumbnail","hentry","category-noticias","tag-campanas-de-ofensas-en-mexico-2021","tag-elecciones-mexico-2021"],"_links":{"self":[{"href":"https:\/\/losperiodistas.com.mx\/portal\/wp-json\/wp\/v2\/posts\/6940","targetHints":{"allow":["GET"]}}],"collection":[{"href":"https:\/\/losperiodistas.com.mx\/portal\/wp-json\/wp\/v2\/posts"}],"about":[{"href":"https:\/\/losperiodistas.com.mx\/portal\/wp-json\/wp\/v2\/types\/post"}],"author":[{"embeddable":true,"href":"https:\/\/losperiodistas.com.mx\/portal\/wp-json\/wp\/v2\/users\/1"}],"replies":[{"embeddable":true,"href":"https:\/\/losperiodistas.com.mx\/portal\/wp-json\/wp\/v2\/comments?post=6940"}],"version-history":[{"count":1,"href":"https:\/\/losperiodistas.com.mx\/portal\/wp-json\/wp\/v2\/posts\/6940\/revisions"}],"predecessor-version":[{"id":6942,"href":"https:\/\/losperiodistas.com.mx\/portal\/wp-json\/wp\/v2\/posts\/6940\/revisions\/6942"}],"wp:featuredmedia":[{"embeddable":true,"href":"https:\/\/losperiodistas.com.mx\/portal\/wp-json\/wp\/v2\/media\/6941"}],"wp:attachment":[{"href":"https:\/\/losperiodistas.com.mx\/portal\/wp-json\/wp\/v2\/media?parent=6940"}],"wp:term":[{"taxonomy":"category","embeddable":true,"href":"https:\/\/losperiodistas.com.mx\/portal\/wp-json\/wp\/v2\/categories?post=6940"},{"taxonomy":"post_tag","embeddable":true,"href":"https:\/\/losperiodistas.com.mx\/portal\/wp-json\/wp\/v2\/tags?post=6940"}],"curies":[{"name":"wp","href":"https:\/\/api.w.org\/{rel}","templated":true}]}}