{"id":6931,"date":"2021-04-14T08:47:03","date_gmt":"2021-04-14T13:47:03","guid":{"rendered":"http:\/\/losperiodistas.com.mx\/portal\/?p=6931"},"modified":"2021-04-14T08:47:04","modified_gmt":"2021-04-14T13:47:04","slug":"la-amenaza-de-salgado-macedonio","status":"publish","type":"post","link":"https:\/\/losperiodistas.com.mx\/portal\/la-amenaza-de-salgado-macedonio\/","title":{"rendered":"La amenaza de Salgado Macedonio"},"content":{"rendered":"\n<figure class=\"wp-block-image size-large\"><img fetchpriority=\"high\" decoding=\"async\" width=\"1024\" height=\"312\" src=\"https:\/\/losperiodistas.com.mx\/portal\/wp-content\/uploads\/2021\/04\/Captura-de-Pantalla-2021-04-14-a-las-8.41.43-1024x312.jpg\" alt=\"\" class=\"wp-image-6932\" srcset=\"https:\/\/losperiodistas.com.mx\/portal\/wp-content\/uploads\/2021\/04\/Captura-de-Pantalla-2021-04-14-a-las-8.41.43-1024x312.jpg 1024w, https:\/\/losperiodistas.com.mx\/portal\/wp-content\/uploads\/2021\/04\/Captura-de-Pantalla-2021-04-14-a-las-8.41.43-300x92.jpg 300w, https:\/\/losperiodistas.com.mx\/portal\/wp-content\/uploads\/2021\/04\/Captura-de-Pantalla-2021-04-14-a-las-8.41.43-768x234.jpg 768w, https:\/\/losperiodistas.com.mx\/portal\/wp-content\/uploads\/2021\/04\/Captura-de-Pantalla-2021-04-14-a-las-8.41.43-1536x469.jpg 1536w, https:\/\/losperiodistas.com.mx\/portal\/wp-content\/uploads\/2021\/04\/Captura-de-Pantalla-2021-04-14-a-las-8.41.43.jpg 1632w\" sizes=\"(max-width: 1024px) 100vw, 1024px\" \/><\/figure>\n\n\n\n<p class=\"has-vivid-cyan-blue-color has-text-color\" style=\"font-size:26px\"><em>Por Humberto Aguilar Coronado<\/em><\/p>\n\n\n\n<p>Al margen de las acusaciones que pesan sobre el candidato que quiere el presidente para que sea el pr\u00f3ximo gobernador del estado de Guerrero y la actuaci\u00f3n que han tenido los \u00f3rganos partidistas de morena, el tribunal electoral y el instituto nacional electoral, est\u00e1 la declaraci\u00f3n de guerra contra los integrantes del INE, que de manera irresponsable ha hecho en d\u00edas pasados.<\/p>\n\n\n\n<p>En un mitin en las puertas del \u00f3rgano electoral, en el que trata de reivindicar su candidatura ante un grupo de seguidores, en un tono amenazante afirm\u00f3: \u201cel INE ha muerto y Lorenzo (C\u00f3rdova) tambi\u00e9n\u2026no le gustar\u00eda al pueblo de M\u00e9xico saber donde vive Lorenzo C\u00f3rdova?<\/p>\n\n\n\n<p>Esta actitud irresponsable y amenazante, no solo va en contra de la Instituci\u00f3n, sino que ahora, la amenaza es contra los integrantes del propio instituto.<\/p>\n\n\n\n<p>D\u00edas antes, en su traslado a la Ciudad de M\u00e9xico, Salgado Macedonio hab\u00eda afirmado que, si \u00e9l no iba en la boleta electoral, no habr\u00eda elecciones en Guerrero, en un tono parecido al que se le atribuye a Luis XV cuando acu\u00f1\u00f3 la frase. \u201cdespu\u00e9s de mi, el diluvio\u201d, haciendo clara referencia a que la democracia en Guerrero s\u00f3lo es posible si F\u00e9lix Salgado Macedonio est\u00e1 en la boleta electoral.<\/p>\n\n\n\n<p>Creo que el duro golpeteo a que ha sido sometido el INE tiene el visto bueno del presidente para tratar de debilitar al arbitro de las elecciones y que se ha utilizado como pretexto el caso del compadre Salgado Macedonio para lograrlo, y en su momento, desconocer los resultados el d\u00eda 06 de junio.<\/p>\n\n\n\n<p>Lo que es inadmisible es que se le permitan las expresiones de amenaza directa para consejeros y consejeras electorales al anunciar la visita a sus casas y afirmar: \u201cmandarlos al cielo, para que no se vayan al diablo\u201d. Eso se puede considerar como amenaza p\u00fablica y la autoridad deber\u00eda estar atenta a lo que pudiera derivar de este llamado a la barbarie.<\/p>\n\n\n\n<p>\u00bfDe verdad piensa que en un momento dado podr\u00e1 controlar a una masa enardecida por sus bravuconadas, amenazas y exigencias fuera de la ley, afuera de las casas de consejeros y consejeras?<\/p>\n\n\n\n<p>\u00bfDe verdad cree que ese es el camino para que la decisi\u00f3n sea revertida y se le de la candidatura para contender por la gubernatura del estado de Guerrero?<\/p>\n\n\n\n<p>Los dem\u00f3cratas creemos que debemos hacer todo lo posible para defender las instituciones de este pa\u00eds, en especial, por el momento pol\u00edtico que estamos viviendo, al Instituto Nacional Electoral de cualquier intento por coartar sus atribuciones o de cualquier intento de amenazar a sus integrantes para lograr un objetivo fuera de la ley y de la \u00e9tica pol\u00edtica.<\/p>\n\n\n\n<p>Defender la autonom\u00eda e independencia de los \u00f3rganos aut\u00f3nomos es lo m\u00e1s importante, pero estar pendientes de lo que en su momento les pueda pasar a sus integrantes, lo es a\u00fan m\u00e1s.<\/p>\n\n\n\n<p>*Es polit\u00f3logo y Maestro en Negociaci\u00f3n por la Universidad Carlos III de Madrid, Espa\u00f1a.<\/p>\n","protected":false},"excerpt":{"rendered":"<p>Por Humberto Aguilar Coronado Al margen de las acusaciones que pesan sobre el candidato que quiere el presidente para que [&hellip;]<\/p>\n","protected":false},"author":1,"featured_media":6932,"comment_status":"open","ping_status":"open","sticky":false,"template":"","format":"standard","meta":{"site-sidebar-layout":"default","site-content-layout":"","ast-site-content-layout":"default","site-content-style":"default","site-sidebar-style":"default","ast-global-header-display":"","ast-banner-title-visibility":"","ast-main-header-display":"","ast-hfb-above-header-display":"","ast-hfb-below-header-display":"","ast-hfb-mobile-header-display":"","site-post-title":"","ast-breadcrumbs-content":"","ast-featured-img":"","footer-sml-layout":"","theme-transparent-header-meta":"","adv-header-id-meta":"","stick-header-meta":"","header-above-stick-meta":"","header-main-stick-meta":"","header-below-stick-meta":"","astra-migrate-meta-layouts":"default","ast-page-background-enabled":"default","ast-page-background-meta":{"desktop":{"background-color":"var(--ast-global-color-4)","background-image":"","background-repeat":"repeat","background-position":"center center","background-size":"auto","background-attachment":"scroll","background-type":"","background-media":"","overlay-type":"","overlay-color":"","overlay-opacity":"","overlay-gradient":""},"tablet":{"background-color":"","background-image":"","background-repeat":"repeat","background-position":"center center","background-size":"auto","background-attachment":"scroll","background-type":"","background-media":"","overlay-type":"","overlay-color":"","overlay-opacity":"","overlay-gradient":""},"mobile":{"background-color":"","background-image":"","background-repeat":"repeat","background-position":"center center","background-size":"auto","background-attachment":"scroll","background-type":"","background-media":"","overlay-type":"","overlay-color":"","overlay-opacity":"","overlay-gradient":""}},"ast-content-background-meta":{"desktop":{"background-color":"var(--ast-global-color-5)","background-image":"","background-repeat":"repeat","background-position":"center center","background-size":"auto","background-attachment":"scroll","background-type":"","background-media":"","overlay-type":"","overlay-color":"","overlay-opacity":"","overlay-gradient":""},"tablet":{"background-color":"var(--ast-global-color-5)","background-image":"","background-repeat":"repeat","background-position":"center center","background-size":"auto","background-attachment":"scroll","background-type":"","background-media":"","overlay-type":"","overlay-color":"","overlay-opacity":"","overlay-gradient":""},"mobile":{"background-color":"var(--ast-global-color-5)","background-image":"","background-repeat":"repeat","background-position":"center center","background-size":"auto","background-attachment":"scroll","background-type":"","background-media":"","overlay-type":"","overlay-color":"","overlay-opacity":"","overlay-gradient":""}},"footnotes":""},"categories":[8,18],"tags":[],"class_list":["post-6931","post","type-post","status-publish","format-standard","has-post-thumbnail","hentry","category-noticias","category-palabra-de-tigre"],"_links":{"self":[{"href":"https:\/\/losperiodistas.com.mx\/portal\/wp-json\/wp\/v2\/posts\/6931","targetHints":{"allow":["GET"]}}],"collection":[{"href":"https:\/\/losperiodistas.com.mx\/portal\/wp-json\/wp\/v2\/posts"}],"about":[{"href":"https:\/\/losperiodistas.com.mx\/portal\/wp-json\/wp\/v2\/types\/post"}],"author":[{"embeddable":true,"href":"https:\/\/losperiodistas.com.mx\/portal\/wp-json\/wp\/v2\/users\/1"}],"replies":[{"embeddable":true,"href":"https:\/\/losperiodistas.com.mx\/portal\/wp-json\/wp\/v2\/comments?post=6931"}],"version-history":[{"count":1,"href":"https:\/\/losperiodistas.com.mx\/portal\/wp-json\/wp\/v2\/posts\/6931\/revisions"}],"predecessor-version":[{"id":6933,"href":"https:\/\/losperiodistas.com.mx\/portal\/wp-json\/wp\/v2\/posts\/6931\/revisions\/6933"}],"wp:featuredmedia":[{"embeddable":true,"href":"https:\/\/losperiodistas.com.mx\/portal\/wp-json\/wp\/v2\/media\/6932"}],"wp:attachment":[{"href":"https:\/\/losperiodistas.com.mx\/portal\/wp-json\/wp\/v2\/media?parent=6931"}],"wp:term":[{"taxonomy":"category","embeddable":true,"href":"https:\/\/losperiodistas.com.mx\/portal\/wp-json\/wp\/v2\/categories?post=6931"},{"taxonomy":"post_tag","embeddable":true,"href":"https:\/\/losperiodistas.com.mx\/portal\/wp-json\/wp\/v2\/tags?post=6931"}],"curies":[{"name":"wp","href":"https:\/\/api.w.org\/{rel}","templated":true}]}}