{"id":69297,"date":"2024-02-25T19:11:51","date_gmt":"2024-02-26T01:11:51","guid":{"rendered":"https:\/\/losperiodistas.com.mx\/portal\/?p=69297"},"modified":"2024-02-25T19:11:53","modified_gmt":"2024-02-26T01:11:53","slug":"talamontes-asesinan-a-tres-guardabosques-en-puebla-proceso","status":"publish","type":"post","link":"https:\/\/losperiodistas.com.mx\/portal\/talamontes-asesinan-a-tres-guardabosques-en-puebla-proceso\/","title":{"rendered":"Talamontes asesinan a tres guardabosques en Puebla | Proceso"},"content":{"rendered":"\n<p class=\"has-light-green-cyan-background-color has-background has-medium-font-size\"><strong>\u00abLos masculinos trabajaban cuando fueron agredidos con armas de fuego por otras personas, presuntamente dedicadas a la tala clandestina\u00bb, se\u00f1al\u00f3\u00a0la SSP<\/strong><\/p>\n\n\n\n<p><\/p>\n\n\n\n<figure class=\"wp-block-image size-full\"><img fetchpriority=\"high\" decoding=\"async\" width=\"685\" height=\"385\" src=\"https:\/\/losperiodistas.com.mx\/portal\/wp-content\/uploads\/2024\/02\/f685x385-194289_231982_4120.jpeg\" alt=\"\" class=\"wp-image-69298\" srcset=\"https:\/\/losperiodistas.com.mx\/portal\/wp-content\/uploads\/2024\/02\/f685x385-194289_231982_4120.jpeg 685w, https:\/\/losperiodistas.com.mx\/portal\/wp-content\/uploads\/2024\/02\/f685x385-194289_231982_4120-300x169.jpeg 300w\" sizes=\"(max-width: 685px) 100vw, 685px\" \/><figcaption><strong>Operativo de vigilancia.<\/strong>\u00a0Seguridad. Foto: Especial<\/figcaption><\/figure>\n\n\n\n<p class=\"has-vivid-red-color has-text-color has-medium-font-size\"><strong>GABRIELA HERN\u00c1NDEZ \/ PROCESO<\/strong><\/p>\n\n\n\n<p>PUEBLA&nbsp;(proceso.com.mx).-Tres personas que desempe\u00f1aban labores de guardabosques&nbsp; en la comunidad de Andr\u00e9s Hueyacatitla, municipio de San Salvador El Verde, fueron asesinadas la madrugada de este domingo con armas de fuego por presuntos talamontes, inform\u00f3 la Secretar\u00eda de Seguridad P\u00fablica del Estado.<\/p>\n\n\n\n<p>La dependencia confirm\u00f3 que adem\u00e1s un cuarto poblador result\u00f3 herido por lo que fue trasladado a un hospital de la zona para recibir atenci\u00f3n m\u00e9dica.<\/p>\n\n\n\n<p>\u00abLos masculinos trabajaban cuando fueron agredidos con armas de fuego por otras personas, presuntamente dedicadas a la tala clandestina\u00bb, se\u00f1al\u00f3&nbsp;la SSP en un comunicado. .<\/p>\n\n\n\n<p>En la localidad de Hueyacatitla, en las faldas del Iztacc\u00edhuatl, los pobladores informaron que las personas asesinadas realizaban trabajos con trascabo para abrir zanjas que impidan la salida de los camiones que usan los talamontes para sacar madera de los bosques en esa zona.<\/p>\n\n\n\n<p>Fuente: <a href=\"https:\/\/www.proceso.com.mx\/nacional\/2024\/2\/25\/talamontes-asesinan-tres-guardabosques-en-puebla-324586.html\">https:\/\/www.proceso.com.mx\/nacional\/2024\/2\/25\/talamontes-asesinan-tres-guardabosques-en-puebla-324586.html<\/a><\/p>\n","protected":false},"excerpt":{"rendered":"<p>\u00abLos masculinos trabajaban cuando fueron agredidos con armas de fuego por otras personas, presuntamente dedicadas a la tala clandestina\u00bb, se\u00f1al\u00f3\u00a0la [&hellip;]<\/p>\n","protected":false},"author":1,"featured_media":69299,"comment_status":"open","ping_status":"open","sticky":false,"template":"","format":"standard","meta":{"site-sidebar-layout":"default","site-content-layout":"","ast-site-content-layout":"default","site-content-style":"default","site-sidebar-style":"default","ast-global-header-display":"","ast-banner-title-visibility":"","ast-main-header-display":"","ast-hfb-above-header-display":"","ast-hfb-below-header-display":"","ast-hfb-mobile-header-display":"","site-post-title":"","ast-breadcrumbs-content":"","ast-featured-img":"","footer-sml-layout":"","theme-transparent-header-meta":"","adv-header-id-meta":"","stick-header-meta":"","header-above-stick-meta":"","header-main-stick-meta":"","header-below-stick-meta":"","astra-migrate-meta-layouts":"default","ast-page-background-enabled":"default","ast-page-background-meta":{"desktop":{"background-color":"var(--ast-global-color-4)","background-image":"","background-repeat":"repeat","background-position":"center center","background-size":"auto","background-attachment":"scroll","background-type":"","background-media":"","overlay-type":"","overlay-color":"","overlay-opacity":"","overlay-gradient":""},"tablet":{"background-color":"","background-image":"","background-repeat":"repeat","background-position":"center center","background-size":"auto","background-attachment":"scroll","background-type":"","background-media":"","overlay-type":"","overlay-color":"","overlay-opacity":"","overlay-gradient":""},"mobile":{"background-color":"","background-image":"","background-repeat":"repeat","background-position":"center center","background-size":"auto","background-attachment":"scroll","background-type":"","background-media":"","overlay-type":"","overlay-color":"","overlay-opacity":"","overlay-gradient":""}},"ast-content-background-meta":{"desktop":{"background-color":"var(--ast-global-color-5)","background-image":"","background-repeat":"repeat","background-position":"center center","background-size":"auto","background-attachment":"scroll","background-type":"","background-media":"","overlay-type":"","overlay-color":"","overlay-opacity":"","overlay-gradient":""},"tablet":{"background-color":"var(--ast-global-color-5)","background-image":"","background-repeat":"repeat","background-position":"center center","background-size":"auto","background-attachment":"scroll","background-type":"","background-media":"","overlay-type":"","overlay-color":"","overlay-opacity":"","overlay-gradient":""},"mobile":{"background-color":"var(--ast-global-color-5)","background-image":"","background-repeat":"repeat","background-position":"center center","background-size":"auto","background-attachment":"scroll","background-type":"","background-media":"","overlay-type":"","overlay-color":"","overlay-opacity":"","overlay-gradient":""}},"footnotes":""},"categories":[8],"tags":[22753,22751],"class_list":["post-69297","post","type-post","status-publish","format-standard","has-post-thumbnail","hentry","category-noticias","tag-san-salvador-el-verde","tag-talamontes-puebla"],"_links":{"self":[{"href":"https:\/\/losperiodistas.com.mx\/portal\/wp-json\/wp\/v2\/posts\/69297","targetHints":{"allow":["GET"]}}],"collection":[{"href":"https:\/\/losperiodistas.com.mx\/portal\/wp-json\/wp\/v2\/posts"}],"about":[{"href":"https:\/\/losperiodistas.com.mx\/portal\/wp-json\/wp\/v2\/types\/post"}],"author":[{"embeddable":true,"href":"https:\/\/losperiodistas.com.mx\/portal\/wp-json\/wp\/v2\/users\/1"}],"replies":[{"embeddable":true,"href":"https:\/\/losperiodistas.com.mx\/portal\/wp-json\/wp\/v2\/comments?post=69297"}],"version-history":[{"count":1,"href":"https:\/\/losperiodistas.com.mx\/portal\/wp-json\/wp\/v2\/posts\/69297\/revisions"}],"predecessor-version":[{"id":69300,"href":"https:\/\/losperiodistas.com.mx\/portal\/wp-json\/wp\/v2\/posts\/69297\/revisions\/69300"}],"wp:featuredmedia":[{"embeddable":true,"href":"https:\/\/losperiodistas.com.mx\/portal\/wp-json\/wp\/v2\/media\/69299"}],"wp:attachment":[{"href":"https:\/\/losperiodistas.com.mx\/portal\/wp-json\/wp\/v2\/media?parent=69297"}],"wp:term":[{"taxonomy":"category","embeddable":true,"href":"https:\/\/losperiodistas.com.mx\/portal\/wp-json\/wp\/v2\/categories?post=69297"},{"taxonomy":"post_tag","embeddable":true,"href":"https:\/\/losperiodistas.com.mx\/portal\/wp-json\/wp\/v2\/tags?post=69297"}],"curies":[{"name":"wp","href":"https:\/\/api.w.org\/{rel}","templated":true}]}}