{"id":69294,"date":"2024-02-25T19:01:35","date_gmt":"2024-02-26T01:01:35","guid":{"rendered":"https:\/\/losperiodistas.com.mx\/portal\/?p=69294"},"modified":"2024-02-25T19:01:37","modified_gmt":"2024-02-26T01:01:37","slug":"amlo-acusa-a-youtube-de-una-actitud-autoritaria-por-bajar-una-conferencia-mananera-el-heraldo-de-mexico","status":"publish","type":"post","link":"https:\/\/losperiodistas.com.mx\/portal\/amlo-acusa-a-youtube-de-una-actitud-autoritaria-por-bajar-una-conferencia-mananera-el-heraldo-de-mexico\/","title":{"rendered":"AMLO acusa a YouTube de una actitud autoritaria por bajar una conferencia Ma\u00f1anera | El Heraldo de M\u00e9xico"},"content":{"rendered":"\n<h2 class=\"has-vivid-cyan-blue-background-color has-background has-medium-font-size wp-block-heading\">El mandatario se habr\u00eda quejado de la situaci\u00f3n a trav\u00e9s de un video<\/h2>\n\n\n\n<figure class=\"wp-block-image size-full is-resized\"><img fetchpriority=\"high\" decoding=\"async\" src=\"https:\/\/losperiodistas.com.mx\/portal\/wp-content\/uploads\/2024\/02\/f960x540-898251_972326_0.jpeg\" alt=\"\" class=\"wp-image-69295\" width=\"840\" height=\"472\" srcset=\"https:\/\/losperiodistas.com.mx\/portal\/wp-content\/uploads\/2024\/02\/f960x540-898251_972326_0.jpeg 960w, https:\/\/losperiodistas.com.mx\/portal\/wp-content\/uploads\/2024\/02\/f960x540-898251_972326_0-300x169.jpeg 300w, https:\/\/losperiodistas.com.mx\/portal\/wp-content\/uploads\/2024\/02\/f960x540-898251_972326_0-768x432.jpeg 768w\" sizes=\"(max-width: 840px) 100vw, 840px\" \/><figcaption><em>El presidente se habr\u00eda manifestado en contra de la eliminaci\u00f3n de un clipCr\u00e9ditos: Especial<\/em><\/figcaption><\/figure>\n\n\n\n<p class=\"has-vivid-red-color has-white-background-color has-text-color has-background has-medium-font-size\"><strong>GUILLERMO DOM\u00cdNGUEZ \/ EL HERALDO DE M\u00c9XICO<\/strong><\/p>\n\n\n\n<p>A trav\u00e9s de la&nbsp;cuenta oficial de YouTube el presidente&nbsp;<a href=\"https:\/\/heraldodemexico.com.mx\/edicion-impresa\/2024\/2\/24\/amlo-califica-de-vergonzosola-filtracion-de-telefonos-de-su-hijo-integrantes-de-la-4t-580652.html\">Andr\u00e9s Manuel L\u00f3pez Obrador<\/a>, se public\u00f3 un mensaje en el que se acusa a la plataforma de videos YouTube de incurrir en una actitud prepotente y autoritaria en su contra.&nbsp;<\/p>\n\n\n\n<p>De\u00a0acuerdo con este clip la inconformidad se debe a que la empresa propiedad de Google decidi\u00f3 bajar la\u00a0<a href=\"https:\/\/heraldodemexico.com.mx\/nacional\/2024\/2\/23\/me-van-seguir-haciendo-lo-que-el-viento-juarez-amlo-ante-acusaciones-de-narcopresidente-580537.html\">conferencia de prensa<\/a>\u00a0que se llev\u00f3 a cabo el pasado 22 de febrero por incumplir con las normas de la comunidad. Esto, indica la cuenta del mandatario del pa\u00eds, deja en evidencia que la tambi\u00e9n aplicaci\u00f3n est\u00e1 en plena decadencia.\u00a0<\/p>\n\n\n\n<figure class=\"wp-block-embed is-type-video is-provider-youtube wp-block-embed-youtube wp-embed-aspect-16-9 wp-has-aspect-ratio\"><div class=\"wp-block-embed__wrapper\">\n<iframe title=\"Postura del presidente sobre la plataforma digital YouTube\" width=\"500\" height=\"281\" src=\"https:\/\/www.youtube.com\/embed\/sg6u9yqIJJo?feature=oembed\" frameborder=\"0\" allow=\"accelerometer; autoplay; clipboard-write; encrypted-media; gyroscope; picture-in-picture; web-share\" referrerpolicy=\"strict-origin-when-cross-origin\" allowfullscreen><\/iframe>\n<\/div><\/figure>\n\n\n\n<p><\/p>\n\n\n\n<p>Sigue leyendo:&nbsp;<\/p>\n\n\n\n<p><a href=\"https:\/\/heraldodemexico.com.mx\/nacional\/2024\/2\/25\/amlo-confia-en-que-seguira-la-transformacion-en-entregar-plan-de-justicia-yaki-su-sucesor-580855.html\">AMLO conf\u00eda en que seguir\u00e1 la transformaci\u00f3n y en entregar plan de Justicia Yaki a su sucesor<\/a><\/p>\n\n\n\n<p><a href=\"https:\/\/heraldodemexico.com.mx\/opinion\/2024\/2\/25\/amlo-vs-el-new-york-times-quien-compro-el-pleito-580751.html\">AMLO vs el New York Times: \u00bfQui\u00e9n compr\u00f3 el pleito?<\/a><\/p>\n\n\n\n<p>\u00abLa estatua de la libertad se ha convertido en un s\u00edmbolo vac\u00edo\u00bb.<\/p>\n\n\n\n<p>El mensaje no ha sido atribuido al mandatario del pa\u00eds e inclusive coloca al final una leyenda que dice: \u00abSigue las actividades del presidente de M\u00e9xico\u00bb.&nbsp;<\/p>\n\n\n\n<h2 class=\"wp-block-heading\">AMLO repiti\u00f3 el mensaje en Twitter<\/h2>\n\n\n\n<p>\u00abComo dir\u00eda el Quijote: \u201cLa libertad, Sancho, es uno de los m\u00e1s preciosos dones que a los hombres dieron los cielos; con ella no pueden igualarse los tesoros que encierra la tierra ni el mar encubre; por la libertad, as\u00ed como por la honra, se puede y debe aventurar la vida\u201d\u00bb.<\/p>\n\n\n\n<p>No obstante, a trav\u00e9s de su cuenta de Twitter, el mandatario repiti\u00f3 este mensaje y lo acompa\u00f1\u00f3 con una fotograf\u00eda de la Estatua de la Libertad.&nbsp;<\/p>\n\n\n\n<figure class=\"wp-block-image\"><img decoding=\"async\" src=\"https:\/\/heraldodemexico.com.mx\/u\/fotografias\/m\/2024\/2\/25\/f768x1-898256_898383_164.png\" alt=\"\"\/><figcaption>En Twitter se repiti\u00f3 el mismo mensaje. FOTO: X: @lopezobrador_<\/figcaption><\/figure>\n\n\n\n<p>Fuente: <a href=\"https:\/\/heraldodemexico.com.mx\/nacional\/2024\/2\/25\/amlo-acusa-youtube-de-una-actitud-autoritaria-por-bajar-una-conferencia-mananera-580892.html\">https:\/\/heraldodemexico.com.mx\/nacional\/2024\/2\/25\/amlo-acusa-youtube-de-una-actitud-autoritaria-por-bajar-una-conferencia-mananera-580892.html<\/a><\/p>\n","protected":false},"excerpt":{"rendered":"<p>El mandatario se habr\u00eda quejado de la situaci\u00f3n a trav\u00e9s de un video GUILLERMO DOM\u00cdNGUEZ \/ EL HERALDO DE M\u00c9XICO [&hellip;]<\/p>\n","protected":false},"author":1,"featured_media":69295,"comment_status":"open","ping_status":"open","sticky":false,"template":"","format":"standard","meta":{"site-sidebar-layout":"default","site-content-layout":"","ast-site-content-layout":"default","site-content-style":"default","site-sidebar-style":"default","ast-global-header-display":"","ast-banner-title-visibility":"","ast-main-header-display":"","ast-hfb-above-header-display":"","ast-hfb-below-header-display":"","ast-hfb-mobile-header-display":"","site-post-title":"","ast-breadcrumbs-content":"","ast-featured-img":"","footer-sml-layout":"","theme-transparent-header-meta":"","adv-header-id-meta":"","stick-header-meta":"","header-above-stick-meta":"","header-main-stick-meta":"","header-below-stick-meta":"","astra-migrate-meta-layouts":"default","ast-page-background-enabled":"default","ast-page-background-meta":{"desktop":{"background-color":"var(--ast-global-color-4)","background-image":"","background-repeat":"repeat","background-position":"center center","background-size":"auto","background-attachment":"scroll","background-type":"","background-media":"","overlay-type":"","overlay-color":"","overlay-opacity":"","overlay-gradient":""},"tablet":{"background-color":"","background-image":"","background-repeat":"repeat","background-position":"center center","background-size":"auto","background-attachment":"scroll","background-type":"","background-media":"","overlay-type":"","overlay-color":"","overlay-opacity":"","overlay-gradient":""},"mobile":{"background-color":"","background-image":"","background-repeat":"repeat","background-position":"center center","background-size":"auto","background-attachment":"scroll","background-type":"","background-media":"","overlay-type":"","overlay-color":"","overlay-opacity":"","overlay-gradient":""}},"ast-content-background-meta":{"desktop":{"background-color":"var(--ast-global-color-5)","background-image":"","background-repeat":"repeat","background-position":"center center","background-size":"auto","background-attachment":"scroll","background-type":"","background-media":"","overlay-type":"","overlay-color":"","overlay-opacity":"","overlay-gradient":""},"tablet":{"background-color":"var(--ast-global-color-5)","background-image":"","background-repeat":"repeat","background-position":"center center","background-size":"auto","background-attachment":"scroll","background-type":"","background-media":"","overlay-type":"","overlay-color":"","overlay-opacity":"","overlay-gradient":""},"mobile":{"background-color":"var(--ast-global-color-5)","background-image":"","background-repeat":"repeat","background-position":"center center","background-size":"auto","background-attachment":"scroll","background-type":"","background-media":"","overlay-type":"","overlay-color":"","overlay-opacity":"","overlay-gradient":""}},"footnotes":""},"categories":[8],"tags":[199,22750,22749,5432],"class_list":["post-69294","post","type-post","status-publish","format-standard","has-post-thumbnail","hentry","category-noticias","tag-amlo","tag-amlo-vs-youtube","tag-autoritarismo-medios","tag-youtube"],"_links":{"self":[{"href":"https:\/\/losperiodistas.com.mx\/portal\/wp-json\/wp\/v2\/posts\/69294","targetHints":{"allow":["GET"]}}],"collection":[{"href":"https:\/\/losperiodistas.com.mx\/portal\/wp-json\/wp\/v2\/posts"}],"about":[{"href":"https:\/\/losperiodistas.com.mx\/portal\/wp-json\/wp\/v2\/types\/post"}],"author":[{"embeddable":true,"href":"https:\/\/losperiodistas.com.mx\/portal\/wp-json\/wp\/v2\/users\/1"}],"replies":[{"embeddable":true,"href":"https:\/\/losperiodistas.com.mx\/portal\/wp-json\/wp\/v2\/comments?post=69294"}],"version-history":[{"count":1,"href":"https:\/\/losperiodistas.com.mx\/portal\/wp-json\/wp\/v2\/posts\/69294\/revisions"}],"predecessor-version":[{"id":69296,"href":"https:\/\/losperiodistas.com.mx\/portal\/wp-json\/wp\/v2\/posts\/69294\/revisions\/69296"}],"wp:featuredmedia":[{"embeddable":true,"href":"https:\/\/losperiodistas.com.mx\/portal\/wp-json\/wp\/v2\/media\/69295"}],"wp:attachment":[{"href":"https:\/\/losperiodistas.com.mx\/portal\/wp-json\/wp\/v2\/media?parent=69294"}],"wp:term":[{"taxonomy":"category","embeddable":true,"href":"https:\/\/losperiodistas.com.mx\/portal\/wp-json\/wp\/v2\/categories?post=69294"},{"taxonomy":"post_tag","embeddable":true,"href":"https:\/\/losperiodistas.com.mx\/portal\/wp-json\/wp\/v2\/tags?post=69294"}],"curies":[{"name":"wp","href":"https:\/\/api.w.org\/{rel}","templated":true}]}}