{"id":69291,"date":"2024-02-25T12:57:03","date_gmt":"2024-02-25T18:57:03","guid":{"rendered":"https:\/\/losperiodistas.com.mx\/portal\/?p=69291"},"modified":"2024-02-25T12:57:05","modified_gmt":"2024-02-25T18:57:05","slug":"la-reputacion","status":"publish","type":"post","link":"https:\/\/losperiodistas.com.mx\/portal\/la-reputacion\/","title":{"rendered":"La reputaci\u00f3n"},"content":{"rendered":"\n<p class=\"has-medium-font-size\">#PorSoleares | <em>AMLO defiende su reputaci\u00f3n, la DEA se mete con M\u00e9xico, Obispos convocan a monjas y monjes a la oraci\u00f3n por las elecciones.<\/em><\/p>\n\n\n\n<figure class=\"wp-block-embed is-type-video is-provider-youtube wp-block-embed-youtube wp-embed-aspect-16-9 wp-has-aspect-ratio\"><div class=\"wp-block-embed__wrapper\">\n<iframe title=\"La reputaci\u00f3n | Febrero 25 2024\" width=\"500\" height=\"281\" src=\"https:\/\/www.youtube.com\/embed\/acP_edTb3Ys?feature=oembed\" frameborder=\"0\" allow=\"accelerometer; autoplay; clipboard-write; encrypted-media; gyroscope; picture-in-picture; web-share\" referrerpolicy=\"strict-origin-when-cross-origin\" allowfullscreen><\/iframe>\n<\/div><\/figure>\n\n\n\n<p><\/p>\n\n\n\n<p><\/p>\n\n\n\n<p class=\"has-vivid-red-color has-text-color\" style=\"font-size:26px\"><strong><em>Por Jes\u00fas Manuel Hern\u00e1ndez<\/em><\/strong><\/p>\n\n\n\n<p>Vaya semana inundada de <strong>listas y tontas<\/strong>, las de candidatos al Congreso, y de pol\u00e9micos enfrentamientos derivados de incursiones de la DEA en asuntos internos de M\u00e9xico, donde la palabra <strong>\u201cnarcotr\u00e1fico\u201d<\/strong> ha sido la constante hasta lograr convertirla en un calificativo presidencial.<\/p>\n\n\n\n<p>Obvio es que los alcances de este escenario abundan en la <strong>polarizaci\u00f3n de los grupos<\/strong> y deja hacer y deja pasar los asuntos delicados de M\u00e9xico como la seguridad, el tr\u00e1fico de drogas, el dinero del narco.<\/p>\n\n\n\n<p>Todo ello en medio de un galimat\u00edas donde la llamada <strong>\u201cfiltraci\u00f3n\u201d<\/strong> de datos personales se ha convertido en la comidilla del d\u00eda.<\/p>\n\n\n\n<p>Del <strong>\u201cpinchar tel\u00e9fonos\u201d <\/strong>a filtrar n\u00fameros como arma casi de <strong>guerrilla urbana<\/strong> para desmantelar estructuras.<\/p>\n\n\n\n<p>El primer paso fue dado por el presidente y de ah\u00ed la <strong>bola de nieve<\/strong> que ha ca\u00eddo ahora en terrenos de la 4T, con quejas desde el hijo del presidente, Jos\u00e9 Ram\u00f3n, pasando por la candidata presidencial de Morena y arrastrando a otras figuras del bloque en el poder y tambi\u00e9n de la oposici\u00f3n, como X\u00f3chitl G\u00e1lvez.<\/p>\n\n\n\n<p>Los reflectores se dirigen a la oposici\u00f3n, a los due\u00f1os de las <strong>granjas de bots<\/strong>, que seg\u00fan <strong>Juan Carlos Monedero<\/strong> son necesarias para la derecha mexicana al no tener el respaldo del pueblo.<\/p>\n\n\n\n<p>Y cabe preguntar si el pueblo, bueno y sabio, saldr\u00e1 a defender al presidente y sus denuncias.<\/p>\n\n\n\n<p>La prensa internacional abord\u00f3 el tema en diversas tonalidades, pero con un com\u00fan denominador, nadie entiende por qu\u00e9 el presidente revel\u00f3 el tel\u00e9fono de la corresponsal del New York Times, <strong>pero qu\u00e9 necesidad<\/strong>, preguntan los observadores, con tan solo revelar el mensaje, ocultando el n\u00famero de tel\u00e9fono, hubiera sido suficiente.<\/p>\n\n\n\n<p>Y por lo visto las consecuencias son fatales, muchos salen salpicados.<\/p>\n\n\n\n<p>El presidente ha asumido una m\u00e1xima, y tiene derecho a hacerlo, basado en esa ley del poder <strong>\u201cDefender la reputaci\u00f3n con la vida, muchas cosas dependen de ella\u201d<\/strong>.<\/p>\n\n\n\n<p>Escribi\u00f3 Robert Greene:<\/p>\n\n\n\n<p>\u201cLa reputaci\u00f3n es la piedra angular del poder. S\u00f3lo a trav\u00e9s de la reputaci\u00f3n se puede intimidar y ganar; una vez que se pierde, sin embargo, uno se vuelve vulnerable y blanco de ataques por todos lados, la reputaci\u00f3n debe ser algo inexpugnable. Siempre hay que estar alerta ante la posibilidad de un ataque, para defenderse antes de que ocurra. Mientras, hay que saber destruir al enemigo minando su propia reputaci\u00f3n. &nbsp;Luego hay que tomar distancia y dejar que la opini\u00f3n p\u00fablica les lleve a la horca\u201d.<\/p>\n\n\n\n<p>Una sentencia que sirve a los intereses de ambos lados, <strong>contrincantes en busca por el poder presidencial en M\u00e9xico<\/strong>.<\/p>\n\n\n\n<p>Mientras tanto, los obispos, la Conferencia Episcopal de M\u00e9xico, la m\u00e1xima autoridad eclesi\u00e1stica de la Iglesia Cat\u00f3lica en el pa\u00eds, convoca a <em>\u201clas comunidades contemplativas de todo el pa\u00eds para que inicien un tiempo ininterrumpido de Oraci\u00f3n, con el fin de implorar a Dios Padre, que env\u00ede al Esp\u00edritu Santo para que nos gu\u00ede y nos asista en el pr\u00f3ximo proceso electoral que est\u00e1 por comenzar.\u201d &nbsp;<\/em><\/p>\n\n\n\n<p>Una declaraci\u00f3n ins\u00f3lita, o por lo menos extra\u00f1a en los \u00faltimos tiempos.<\/p>\n\n\n\n<p>Hay que hacer \u00e9nfasis sobre el destinatario del mensaje difundido en YouTube, <strong>\u201ca las comunidades contemplativas\u201d<\/strong>. Es decir, los obispos involucran a las monjas y monjes de vida contemplativa, que viven en clausura, que han renunciado a la vida p\u00fablica, es decir mientras L\u00f3pez Obrador convoca a defender la reputaci\u00f3n, la iglesia llama al Esp\u00edritu Santo.<\/p>\n\n\n\n<p>Quiz\u00e1 solo sea coincidencia, como la cantidad de hechos de la semana, pero el escenario recuerda un poco aquella etapa de los Cristeros que conden\u00f3 a la Iglesia Cat\u00f3lica en M\u00e9xico, o quiz\u00e1 simplemente sea otro acto de distracci\u00f3n, mientras, como dice el refr\u00e1n, \u201cplatica mexicano, mientras yo te gano\u201d.<\/p>\n\n\n\n<p>O por lo menos, as\u00ed me lo parece.<\/p>\n\n\n\n<p><a href=\"mailto:losperiodistas.com.mx@gmail.com\">losperiodistas.com.mx@gmail.com<\/a><\/p>\n","protected":false},"excerpt":{"rendered":"<p>#PorSoleares | AMLO defiende su reputaci\u00f3n, la DEA se mete con M\u00e9xico, Obispos convocan a monjas y monjes a la [&hellip;]<\/p>\n","protected":false},"author":1,"featured_media":69292,"comment_status":"open","ping_status":"open","sticky":false,"template":"","format":"standard","meta":{"site-sidebar-layout":"default","site-content-layout":"","ast-site-content-layout":"default","site-content-style":"default","site-sidebar-style":"default","ast-global-header-display":"","ast-banner-title-visibility":"","ast-main-header-display":"","ast-hfb-above-header-display":"","ast-hfb-below-header-display":"","ast-hfb-mobile-header-display":"","site-post-title":"","ast-breadcrumbs-content":"","ast-featured-img":"","footer-sml-layout":"","theme-transparent-header-meta":"","adv-header-id-meta":"","stick-header-meta":"","header-above-stick-meta":"","header-main-stick-meta":"","header-below-stick-meta":"","astra-migrate-meta-layouts":"default","ast-page-background-enabled":"default","ast-page-background-meta":{"desktop":{"background-color":"var(--ast-global-color-4)","background-image":"","background-repeat":"repeat","background-position":"center center","background-size":"auto","background-attachment":"scroll","background-type":"","background-media":"","overlay-type":"","overlay-color":"","overlay-opacity":"","overlay-gradient":""},"tablet":{"background-color":"","background-image":"","background-repeat":"repeat","background-position":"center center","background-size":"auto","background-attachment":"scroll","background-type":"","background-media":"","overlay-type":"","overlay-color":"","overlay-opacity":"","overlay-gradient":""},"mobile":{"background-color":"","background-image":"","background-repeat":"repeat","background-position":"center center","background-size":"auto","background-attachment":"scroll","background-type":"","background-media":"","overlay-type":"","overlay-color":"","overlay-opacity":"","overlay-gradient":""}},"ast-content-background-meta":{"desktop":{"background-color":"var(--ast-global-color-5)","background-image":"","background-repeat":"repeat","background-position":"center center","background-size":"auto","background-attachment":"scroll","background-type":"","background-media":"","overlay-type":"","overlay-color":"","overlay-opacity":"","overlay-gradient":""},"tablet":{"background-color":"var(--ast-global-color-5)","background-image":"","background-repeat":"repeat","background-position":"center center","background-size":"auto","background-attachment":"scroll","background-type":"","background-media":"","overlay-type":"","overlay-color":"","overlay-opacity":"","overlay-gradient":""},"mobile":{"background-color":"var(--ast-global-color-5)","background-image":"","background-repeat":"repeat","background-position":"center center","background-size":"auto","background-attachment":"scroll","background-type":"","background-media":"","overlay-type":"","overlay-color":"","overlay-opacity":"","overlay-gradient":""}},"footnotes":""},"categories":[8,5],"tags":[199,2426,5486,16038],"class_list":["post-69291","post","type-post","status-publish","format-standard","has-post-thumbnail","hentry","category-noticias","category-por-soleares","tag-amlo","tag-dea","tag-elecciones-2024","tag-obispos-mexico"],"_links":{"self":[{"href":"https:\/\/losperiodistas.com.mx\/portal\/wp-json\/wp\/v2\/posts\/69291","targetHints":{"allow":["GET"]}}],"collection":[{"href":"https:\/\/losperiodistas.com.mx\/portal\/wp-json\/wp\/v2\/posts"}],"about":[{"href":"https:\/\/losperiodistas.com.mx\/portal\/wp-json\/wp\/v2\/types\/post"}],"author":[{"embeddable":true,"href":"https:\/\/losperiodistas.com.mx\/portal\/wp-json\/wp\/v2\/users\/1"}],"replies":[{"embeddable":true,"href":"https:\/\/losperiodistas.com.mx\/portal\/wp-json\/wp\/v2\/comments?post=69291"}],"version-history":[{"count":1,"href":"https:\/\/losperiodistas.com.mx\/portal\/wp-json\/wp\/v2\/posts\/69291\/revisions"}],"predecessor-version":[{"id":69293,"href":"https:\/\/losperiodistas.com.mx\/portal\/wp-json\/wp\/v2\/posts\/69291\/revisions\/69293"}],"wp:featuredmedia":[{"embeddable":true,"href":"https:\/\/losperiodistas.com.mx\/portal\/wp-json\/wp\/v2\/media\/69292"}],"wp:attachment":[{"href":"https:\/\/losperiodistas.com.mx\/portal\/wp-json\/wp\/v2\/media?parent=69291"}],"wp:term":[{"taxonomy":"category","embeddable":true,"href":"https:\/\/losperiodistas.com.mx\/portal\/wp-json\/wp\/v2\/categories?post=69291"},{"taxonomy":"post_tag","embeddable":true,"href":"https:\/\/losperiodistas.com.mx\/portal\/wp-json\/wp\/v2\/tags?post=69291"}],"curies":[{"name":"wp","href":"https:\/\/api.w.org\/{rel}","templated":true}]}}