{"id":69288,"date":"2024-02-25T12:15:45","date_gmt":"2024-02-25T18:15:45","guid":{"rendered":"https:\/\/losperiodistas.com.mx\/portal\/?p=69288"},"modified":"2024-02-25T12:15:47","modified_gmt":"2024-02-25T18:15:47","slug":"plurinominales-a-diputados-chapulines-exfuncionarios-de-la-farandula-y-hasta-exlideres-sindicales-entre-candidatos-el-economista","status":"publish","type":"post","link":"https:\/\/losperiodistas.com.mx\/portal\/plurinominales-a-diputados-chapulines-exfuncionarios-de-la-farandula-y-hasta-exlideres-sindicales-entre-candidatos-el-economista\/","title":{"rendered":"Plurinominales a diputados: Chapulines, exfuncionarios, de la far\u00e1ndula y hasta exl\u00edderes sindicales entre candidatos | El Economista"},"content":{"rendered":"\n<p class=\"has-medium-font-size\">En las listas presentadas este 2024 por los partidos, destacan reacomodos de un partido a otro, mejor conocido como chapulineo y la ocupaci\u00f3n de esos espacios por l\u00edderes sindicales, militares, exfuncionarios p\u00fablicos, personalidades de la far\u00e1ndula, de algunas organizaciones sociales y algunos legisladores que buscan reelegirse.<\/p>\n\n\n\n<figure class=\"wp-block-image size-large\"><img fetchpriority=\"high\" decoding=\"async\" width=\"1024\" height=\"580\" src=\"https:\/\/losperiodistas.com.mx\/portal\/wp-content\/uploads\/2024\/02\/Captura-de-Pantalla-2024-02-25-a-las-12.10.22-1024x580.jpg\" alt=\"\" class=\"wp-image-69289\" srcset=\"https:\/\/losperiodistas.com.mx\/portal\/wp-content\/uploads\/2024\/02\/Captura-de-Pantalla-2024-02-25-a-las-12.10.22-1024x580.jpg 1024w, https:\/\/losperiodistas.com.mx\/portal\/wp-content\/uploads\/2024\/02\/Captura-de-Pantalla-2024-02-25-a-las-12.10.22-300x170.jpg 300w, https:\/\/losperiodistas.com.mx\/portal\/wp-content\/uploads\/2024\/02\/Captura-de-Pantalla-2024-02-25-a-las-12.10.22-768x435.jpg 768w, https:\/\/losperiodistas.com.mx\/portal\/wp-content\/uploads\/2024\/02\/Captura-de-Pantalla-2024-02-25-a-las-12.10.22.jpg 1510w\" sizes=\"(max-width: 1024px) 100vw, 1024px\" \/><figcaption>Foto EE: Especial<\/figcaption><\/figure>\n\n\n\n<p class=\"has-vivid-red-color has-text-color has-medium-font-size\"><strong>DIEGO BONILLA \/ EL ECONOMISTA<\/strong><\/p>\n\n\n\n<p>En las<strong>&nbsp;elecciones federales<\/strong>&nbsp;del 2 de junio pr\u00f3ximo, adem\u00e1s de elegirse los diputados de cada uno de los 300 distritos electorales federales, se elegir\u00e1n 200 de&nbsp;<a href=\"https:\/\/www.eleconomista.com.mx\/politica\/Plurinominales-al-Senado-Lideres-del-PAN-PRI-y-PRD-aseguran-curul-y-asi-reparten-el-resto-20240223-0121.html\" target=\"_blank\" rel=\"noreferrer noopener\">representaci\u00f3n plurinominal<\/a>&nbsp;que se reparten los partidos pol\u00edticos.<\/p>\n\n\n\n<p>La asignaci\u00f3n de los espacios de representaci\u00f3n se realiza a partir del n\u00famero de votos obtenidos, a trav\u00e9s de dos f\u00f3rmulas matem\u00e1ticas, cociente natural y resto mayor, definidas en la Ley General de Instituciones y Procedimientos Electorales, a partir de cinco listas que presentan los partidos, una por cada una de las cinco circunscripciones electorales en las que se divide el pa\u00eds.<\/p>\n\n\n\n<p>Los candidatos que ocupan los primeros lugares tienen muy altas probabilidades de ocupar una curul, sin necesidad de hacer campa\u00f1a, por ello son los espacios m\u00e1s codiciados y los que ocupan las dirigencias partidistas para colocar, ya sea a sus mejores cuadros o a quienes les interesa que amarren un lugar en el Congreso y fuero.<embed type=\"video\/webm\" src=\"https:\/\/geo.dailymotion.com\/player\/x9ws1.html?playlist=x7lrcy&amp;mute=1\" width=\"100%\" height=\"100%\"><\/p>\n\n\n\n<p>En las listas presentadas este 2024, destacan reacomodos de un partido a otro, mejor conocido como&nbsp;<strong>\u2018chapulineo\u2019&nbsp;<\/strong>y la ocupaci\u00f3n de esos espacios por l\u00edderes sindicales, exl\u00edderes religiosos, militares, exfuncionarios p\u00fablicos, personalidades de la&nbsp;<strong>far\u00e1ndula<\/strong>&nbsp;y de algunas organizaciones sociales y algunos legisladores que buscan reelegirse.<\/p>\n\n\n\n<h2 class=\"wp-block-heading\">Morena<\/h2>\n\n\n\n<h3 class=\"wp-block-heading\">Cede plurinominales a l\u00edderes sindicales y miembros de la far\u00e1ndula<\/h3>\n\n\n\n<p>En las&nbsp;<strong>elecciones intermedias de 2021<\/strong>, al conformarse la legislatura federal actual, Morena obtuvo 201 diputados, de los cuales 77 fueron de representaci\u00f3n proporcional y de estos 15 fueron de la primera circunscripci\u00f3n, 11 de la segunda, 19 de la tercera, 18 de la cuarta y 14 de la quinta.<\/p>\n\n\n\n<p>Para la elecci\u00f3n de junio de 2024, la lista de ese partido para la primera circunscripci\u00f3n la encabezan&nbsp;<a href=\"https:\/\/www.eleconomista.com.mx\/politica\/Plurinominales-al-Senado-Lideres-del-PAN-PRI-y-PRD-aseguran-curul-y-asi-reparten-el-resto-20240223-0121.html\" target=\"_blank\" rel=\"noreferrer noopener\">Adasa Saray V\u00e1zquez,<\/a>&nbsp;de quien poco se sabe, el secretario general del Sindicato Nacional de Trabajadores del Seguro Social en Jalisco, Gilberto Daniel Castillo Garc\u00eda y la expresidenta municipal de G\u00f3mez Palacio, Durango, Marina Vitela, pero aparecen tambi\u00e9n nombres como el exl\u00edder nacional del PES,&nbsp;<strong>Hugo Erik Flores Cervantes<\/strong>, el senador suplente y l\u00edder de la organizaci\u00f3n sindical CATEM, Pedro Haces Barba, Antonio P\u00e9rez Garibay, pap\u00e1 del piloto mexicano Sergio P\u00e9rez, que busca la reelecci\u00f3n y el diputado federal H\u00e9ctor Armando Cavada Alv\u00eddrez, que tambi\u00e9n busca la reelecci\u00f3n.<\/p>\n\n\n\n<p>En la segunda circunscripci\u00f3n encabeza la lista el senador&nbsp;<strong>Ricardo Monreal \u00c1vila<\/strong>, seguido por la senadora Antares V\u00e1zquez Alatorre, el empresario Arturo \u00c1vila Anaya, quien fuera coordinador del trabajo de proselitismo de Ad\u00e1n Augusto L\u00f3pez en Aguascalientes. Tambi\u00e9n est\u00e1 el senador y l\u00edder minero<strong>&nbsp;Napole\u00f3n G\u00f3mez Urrutia.<\/strong><\/p>\n\n\n\n<p>En la tercera circunscripci\u00f3n, la lista la encabeza Rosa Mar\u00eda Castro, l\u00edder de una organizaci\u00f3n de mujeres de la costa de Oaxaca; seguida por Valeria Nieto Reynoso, que es la primera alcaldesa (de Pueblo Viejo, Veracruz) invidente. Tambi\u00e9n est\u00e1 la diputada y empresaria chiapaneca&nbsp;<strong>Patricia Armend\u00e1riz Guerra<\/strong>, que busca la reelecci\u00f3n y el exjefe del<\/p>\n\n\n\n<p>Estado Mayor de la Sedena, general Luis Arturo Olivet Cen y la senadora Roc\u00edo Abreu Arti\u00f1ano.<\/p>\n\n\n\n<p>En la cuarta circunscripci\u00f3n, encabeza la lista la profesora Ifigenia Mart\u00ednez Hern\u00e1ndez y en la posici\u00f3n n\u00famero dos est\u00e1 el gobernador de Morelos y exfutbolista&nbsp;<strong>Cuauht\u00e9moc Blanco<\/strong>. Luego aparece la dirigente morenista en Puebla, Maiella Olivarez Maldonado, el secretario general del Sindicato Nacional de Trabajadores del Seguro Social, Arturo Olivares Cerda, la senadora Olga S\u00e1nchez Cordero y el actor<strong>&nbsp;Sergio Mayer Bret\u00f3n.<\/strong><\/p>\n\n\n\n<p>La lista en la quinta circunscripci\u00f3n la encabeza la diputada Catalina D\u00edaz Vilchis, que busca la reelecci\u00f3n, Fernando Mendoza Arce, integrante de la dirigencia nacional del sindicato del Seguro Social.<\/p>\n\n\n\n<p>En la posici\u00f3n cuatro est\u00e1 el exdiputado federal<strong>&nbsp;Alfonso Ram\u00edrez Cuellar,<\/strong>&nbsp;el diputado en el congreso de la Ciudad de M\u00e9xico, V\u00edctor Hugo Lobo, el exl\u00edder nacional panista Manuel de Jes\u00fas Espino Barrientos y el exalcalde en Azcapotzalco, Vidal Llerenas.<\/p>\n\n\n\n<h2 class=\"wp-block-heading\">PAN<\/h2>\n\n\n\n<h3 class=\"wp-block-heading\">Destacan en las lista senadores y un exgobernador&nbsp;<\/h3>\n\n\n\n<p>En la legislatura actual de la c\u00e1mara de diputados, la que se conform\u00f3 en 2021, el&nbsp;<strong>PAN obtuvo 40 legisladores<\/strong>&nbsp;de representaci\u00f3n proporcional, de los cuales ocho son de la primera circunscripci\u00f3n, 11 de la segunda, cinco de la tercera, nueve de la cuarta y siete de la quinta.<\/p>\n\n\n\n<p>La lista de candidatos panistas a&nbsp;<a href=\"https:\/\/www.eleconomista.com.mx\/politica\/Reformas-de-AMLO-incluiran-eliminacion-de-plurinominales-20240117-0045.html\" target=\"_blank\" rel=\"noreferrer noopener\">diputados federales plurinominales<\/a>&nbsp;la encabeza&nbsp;<strong>C\u00e9sar Israel Dami\u00e1n Retes<\/strong>, secretario ejecutivo de la plataforma UNID@S, seguido de la diputada federal Paulina Rubio Fern\u00e1ndez, que busca la reelecci\u00f3n y el exdiputado federal, Luis Agust\u00edn Rodr\u00edguez Torres, la diputada, Carmen Roc\u00edo Gonz\u00e1lez Alonso, que busca la reelecci\u00f3n y el expresidente municipal de Comond\u00fa y exdiputado federal, Francisco Pelayo Covarrubias.<\/p>\n\n\n\n<p>La lista de la segunda circunscripci\u00f3n la encabeza el exgobernador de Tamaulipas,&nbsp;<strong>Francisco Javier Cabeza de Vaca<\/strong>, seguido por la diputada local en Nuevo Le\u00f3n, Nancy Aracely Olgu\u00edn D\u00edaz, el diputado local en Aguascalientes, Luis Enrique Garc\u00eda L\u00f3pez y el coordinador de Comunicaci\u00f3n Social de Guanajuato, Alan Sair M\u00e1rquez Becerra.<\/p>\n\n\n\n<p>En la tercera circunscripci\u00f3n el PAN encabeza su lista con el veracruzano&nbsp;<strong>Julen Rementer\u00eda&nbsp;<\/strong>del Puerto, actual senador de la Rep\u00fablica y excoordinador de esa bancada. En la posici\u00f3n n\u00famero dos aparece&nbsp;<strong>Claudia Qui\u00f1ones Garrido<\/strong>, quien en 2021 busc\u00f3 la diputaci\u00f3n federal. Tambi\u00e9n est\u00e1n en la lista Jos\u00e9 El\u00edas Lixa Abimerhi, quien busca la reelecci\u00f3n y la diputada local en Yucat\u00e1n, Abril Ferreiro Rosado y Ernesto S\u00e1nchez Rodr\u00edguez, secretario adjunto de elecciones del PAN.<\/p>\n\n\n\n<p>La lista de la cuarta circunscripci\u00f3n la encabeza la senadora Kenia L\u00f3pez Rabad\u00e1n, una de las m\u00e1s activas en la legislatura actual en el Senado, seguida por el diputado Jorge Romero Herrera, que busca la reelecci\u00f3n. Es el coordinador de la bancada.<\/p>\n\n\n\n<p>Luego aparecen la poblana Liliana Ortiz P\u00e9rez y el ex diputado local de la Ciudad de M\u00e9xico, Rodrigo Miranda Berumen. La exsenadora&nbsp;<strong>Mariana G\u00f3mez del Campo<\/strong>&nbsp;est\u00e1 en la posici\u00f3n 10.<\/p>\n\n\n\n<p>Para la quinta circunscripci\u00f3n, la lista panista la encabeza la queretana Tania Palacios Kuri, exfuncionaria del gobierno municipal de la capital queretana. El senador Germ\u00e1n Mart\u00ednez C\u00e1zares, quien se separ\u00f3 de la fracci\u00f3n legislativa morenista y hoy del llamado sin partido, aparece en el lugar cuatro.<\/p>\n\n\n\n<p>Tambi\u00e9n aparecen el exdiputado federal, Jos\u00e9 Manuel Hinojosa P\u00e9rez y la actual diputada, Ana Mar\u00eda Balderas Trejo, que busca la reelecci\u00f3n y Armando Tejeda Cid que tambi\u00e9n busca la reelecci\u00f3n.<\/p>\n\n\n\n<h2 class=\"wp-block-heading\">PRI<\/h2>\n\n\n\n<h3 class=\"wp-block-heading\">Destacan allegados a Alejandro Moreno, as\u00ed como Nu\u00f1o y Alejandra del Moral<\/h3>\n\n\n\n<p>Actualmente el&nbsp;<strong>PRI cuenta con 38 diputados federales,<\/strong>&nbsp;de los cuales siete son de la primera circunscripci\u00f3n, ocho de la segunda, cinco de la tercera, 11 de la cuarta y siete de la quinta.<\/p>\n\n\n\n<p>Para las elecciones de junio de 2024 el PRI encabez\u00f3 su lista de plurinominales en la primera circunscripci\u00f3n con&nbsp;<strong>Arturo Y\u00e1\u00f1ez Cuellar,<\/strong>&nbsp;secretario adjunto de la presidencia del PRI nacional.<\/p>\n\n\n\n<p>En la posici\u00f3n n\u00famero dos est\u00e1 la exsenadora de Chihuahua, Graciela Ortiz Gonz\u00e1lez, en la tres el senador Mario Zamora Gast\u00e9lum, en la quinta la senadora<strong>&nbsp;Sylvana Beltrones S\u00e1nchez<\/strong>, hija del exsenador Manlio Fabio Beltrones, Tambi\u00e9n aparece H\u00e9ctor Melesio Cu\u00e9n Ojeda, exrector de la Universidad Aut\u00f3noma de Sinaloa; Sof\u00eda Berenice Garc\u00eda Mosqueda, regidora de Guadalajara y el regidor de Tijuana,&nbsp;<a href=\"https:\/\/www.eleconomista.com.mx\/politica\/Galvez-se-deslinda-de-lista-de-pluris-de-PAN-PRI-y-PRD-20240130-0002.html\" target=\"_blank\" rel=\"noreferrer noopener\">Juan Carlos Hank Krauss<\/a>&nbsp;hijo del pol\u00edtico Jorge Hank.<\/p>\n\n\n\n<p>La lista de la cuarta circunscripci\u00f3n la encabeza la exdiputada federal, Xitlalic Ceja Garc\u00eda seguida del l\u00edder PRI en la Ciudad de M\u00e9xico, Israel Betanzos Cort\u00e9s y la senadora, Nadia Navarro Acevedo. Tambi\u00e9n aparece el exdiputado federal, Fernando Espino Ar\u00e9valo y el exdiputado local en la Ciudad de M\u00e9xico, Armando Tonatiu Gonz\u00e1lez Case<\/p>\n\n\n\n<p>En la quinta circunscripci\u00f3n encabeza la lista, el exdiputado federal, V\u00edctor Samuel Palma Cesar y la hoy diputada federal suplente, Leticia Barrera Maldonado. Sin embargo, llama la atenci\u00f3n los nombres de la excandidata al gobierno del Estado de M\u00e9xico, Alejandra del Moral Vela y el exsecretario de Educaci\u00f3n,&nbsp;<strong>Aurelio Nu\u00f1o Mayer,<\/strong>&nbsp;aunque ocupa la posici\u00f3n nueve.<\/p>\n\n\n\n<h2 class=\"wp-block-heading\">MC<\/h2>\n\n\n\n<h2 class=\"wp-block-heading\">Sobresalen en la lista las expriistas Claudia Ruiz Massieu e Ivonne Ortega Pacheco<\/h2>\n\n\n\n<p>En la legislatura actual,&nbsp;<strong>MC tiene una bancada de 28 diputados<\/strong>, de los cuales 18 son de representaci\u00f3n proporcional y de estos cinco son de Jalisco, dos de el Estado de M\u00e9xico, dos de Nuevo Le\u00f3n y tiene uno de cada uno de los siguientes estados: Baja California, Campeche, Morelos, Nayarit, Quer\u00e9taro, Veracruz, Yucat\u00e1n, Zacatecas y la Ciudad de M\u00e9xico.<\/p>\n\n\n\n<p>En su lista de plurinominales para la elecci\u00f3n de este 2024 destacan los nombres de la senadora y excandidata presidencial,&nbsp;<strong>Patricia Mercado<\/strong>, la raquetbolista, Paola Longoria, la exgobernadora de Yucat\u00e1n, Ivonne Ortega Pacheco, la cantante&nbsp;<strong>Roc\u00edo Blanquells N\u00fa\u00f1ez<\/strong>, y las activistas Kenya Cuevas Fuentes y Laura Hern\u00e1ndez.<\/p>\n\n\n\n<p>En las listas tambi\u00e9n aparece el expresidente del CCE,&nbsp;<strong>Gustavo de Hoyos<\/strong>, la senadora y ex l\u00edder nacional del PRI, Claudia Ruiz Massieu que encabeza la lista de la cuarta circunscripci\u00f3n y la senadora Laura Ballesteros<\/p>\n\n\n\n<h2 class=\"wp-block-heading\">PRD<\/h2>\n\n\n\n<h2 class=\"wp-block-heading\">Destacan Miguel \u00c1ngel Mancera, \u00c1ngel \u00c1vila y activista Andrea Rocha<\/h2>\n\n\n\n<p>El PRD design\u00f3 como candidatos a diputados federales por la v\u00eda plurinominal a la exdiputada guerrerense, Perla Edith Mart\u00ednez; el exjefe de gobierno de la Ciudad de M\u00e9xico, Miguel \u00c1ngel Mancera, la abogada activista en favor de ni\u00f1os con c\u00e1ncer,&nbsp;<strong>Andrea Rocha Ram\u00edrez,<\/strong>&nbsp;el exrepresentante perredista ante el Instituto Nacional Electoral, \u00c1ngel \u00c1vila y la mexiquense&nbsp;<a href=\"https:\/\/www.eleconomista.com.mx\/politica\/Elecciones-en-Mexico-Quienes-son-los-candidatos-plurinominales-2024-20240204-0024.html?mrfhud=true\" target=\"_blank\" rel=\"noreferrer noopener\">Claudia Leticia Bautista.<\/a><\/p>\n\n\n\n<p>Tambi\u00e9n destacan los nombres de la diputada local en Aguascalientes,\u00a0<strong>Sanjuana Mart\u00ednez<\/strong>\u00a0Mel\u00e9ndez y el exdiputado federal Camerino Eleazar M\u00e1rquez Madrid.<\/p>\n\n\n\n<p>Fuente: <a href=\"https:\/\/www.eleconomista.com.mx\/politica\/Plurinominales-a-diputados-Chapulines-exfuncionarios-de-la-farandula-y-hasta-exlideres-sindicales-entre-candidatos-20240224-0036.html\">https:\/\/www.eleconomista.com.mx\/politica\/Plurinominales-a-diputados-Chapulines-exfuncionarios-de-la-farandula-y-hasta-exlideres-sindicales-entre-candidatos-20240224-0036.html<\/a><\/p>\n","protected":false},"excerpt":{"rendered":"<p>En las listas presentadas este 2024 por los partidos, destacan reacomodos de un partido a otro, mejor conocido como chapulineo [&hellip;]<\/p>\n","protected":false},"author":1,"featured_media":69289,"comment_status":"open","ping_status":"open","sticky":false,"template":"","format":"standard","meta":{"site-sidebar-layout":"default","site-content-layout":"","ast-site-content-layout":"default","site-content-style":"default","site-sidebar-style":"default","ast-global-header-display":"","ast-banner-title-visibility":"","ast-main-header-display":"","ast-hfb-above-header-display":"","ast-hfb-below-header-display":"","ast-hfb-mobile-header-display":"","site-post-title":"","ast-breadcrumbs-content":"","ast-featured-img":"","footer-sml-layout":"","theme-transparent-header-meta":"","adv-header-id-meta":"","stick-header-meta":"","header-above-stick-meta":"","header-main-stick-meta":"","header-below-stick-meta":"","astra-migrate-meta-layouts":"default","ast-page-background-enabled":"default","ast-page-background-meta":{"desktop":{"background-color":"var(--ast-global-color-4)","background-image":"","background-repeat":"repeat","background-position":"center center","background-size":"auto","background-attachment":"scroll","background-type":"","background-media":"","overlay-type":"","overlay-color":"","overlay-opacity":"","overlay-gradient":""},"tablet":{"background-color":"","background-image":"","background-repeat":"repeat","background-position":"center center","background-size":"auto","background-attachment":"scroll","background-type":"","background-media":"","overlay-type":"","overlay-color":"","overlay-opacity":"","overlay-gradient":""},"mobile":{"background-color":"","background-image":"","background-repeat":"repeat","background-position":"center center","background-size":"auto","background-attachment":"scroll","background-type":"","background-media":"","overlay-type":"","overlay-color":"","overlay-opacity":"","overlay-gradient":""}},"ast-content-background-meta":{"desktop":{"background-color":"var(--ast-global-color-5)","background-image":"","background-repeat":"repeat","background-position":"center center","background-size":"auto","background-attachment":"scroll","background-type":"","background-media":"","overlay-type":"","overlay-color":"","overlay-opacity":"","overlay-gradient":""},"tablet":{"background-color":"var(--ast-global-color-5)","background-image":"","background-repeat":"repeat","background-position":"center center","background-size":"auto","background-attachment":"scroll","background-type":"","background-media":"","overlay-type":"","overlay-color":"","overlay-opacity":"","overlay-gradient":""},"mobile":{"background-color":"var(--ast-global-color-5)","background-image":"","background-repeat":"repeat","background-position":"center center","background-size":"auto","background-attachment":"scroll","background-type":"","background-media":"","overlay-type":"","overlay-color":"","overlay-opacity":"","overlay-gradient":""}},"footnotes":""},"categories":[8],"tags":[22746],"class_list":["post-69288","post","type-post","status-publish","format-standard","has-post-thumbnail","hentry","category-noticias","tag-candidatos-plurinominales-mexico"],"_links":{"self":[{"href":"https:\/\/losperiodistas.com.mx\/portal\/wp-json\/wp\/v2\/posts\/69288","targetHints":{"allow":["GET"]}}],"collection":[{"href":"https:\/\/losperiodistas.com.mx\/portal\/wp-json\/wp\/v2\/posts"}],"about":[{"href":"https:\/\/losperiodistas.com.mx\/portal\/wp-json\/wp\/v2\/types\/post"}],"author":[{"embeddable":true,"href":"https:\/\/losperiodistas.com.mx\/portal\/wp-json\/wp\/v2\/users\/1"}],"replies":[{"embeddable":true,"href":"https:\/\/losperiodistas.com.mx\/portal\/wp-json\/wp\/v2\/comments?post=69288"}],"version-history":[{"count":1,"href":"https:\/\/losperiodistas.com.mx\/portal\/wp-json\/wp\/v2\/posts\/69288\/revisions"}],"predecessor-version":[{"id":69290,"href":"https:\/\/losperiodistas.com.mx\/portal\/wp-json\/wp\/v2\/posts\/69288\/revisions\/69290"}],"wp:featuredmedia":[{"embeddable":true,"href":"https:\/\/losperiodistas.com.mx\/portal\/wp-json\/wp\/v2\/media\/69289"}],"wp:attachment":[{"href":"https:\/\/losperiodistas.com.mx\/portal\/wp-json\/wp\/v2\/media?parent=69288"}],"wp:term":[{"taxonomy":"category","embeddable":true,"href":"https:\/\/losperiodistas.com.mx\/portal\/wp-json\/wp\/v2\/categories?post=69288"},{"taxonomy":"post_tag","embeddable":true,"href":"https:\/\/losperiodistas.com.mx\/portal\/wp-json\/wp\/v2\/tags?post=69288"}],"curies":[{"name":"wp","href":"https:\/\/api.w.org\/{rel}","templated":true}]}}