{"id":6928,"date":"2021-04-14T08:34:55","date_gmt":"2021-04-14T13:34:55","guid":{"rendered":"http:\/\/losperiodistas.com.mx\/portal\/?p=6928"},"modified":"2021-04-14T08:34:56","modified_gmt":"2021-04-14T13:34:56","slug":"el-ardiente-otello-de-gustavo-dudamel-entusiasma-a-barcelona-euronews","status":"publish","type":"post","link":"https:\/\/losperiodistas.com.mx\/portal\/el-ardiente-otello-de-gustavo-dudamel-entusiasma-a-barcelona-euronews\/","title":{"rendered":"El ardiente &#8216;Otello&#8217; de Gustavo Dudamel entusiasma a Barcelona | Euronews"},"content":{"rendered":"\n<figure class=\"wp-block-embed is-type-video is-provider-youtube wp-block-embed-youtube wp-embed-aspect-16-9 wp-has-aspect-ratio\"><div class=\"wp-block-embed__wrapper\">\n<iframe title=\"El ardiente &#039;Otello&#039; de Gustavo Dudamel entusiasma a Barcelona\" width=\"500\" height=\"281\" src=\"https:\/\/www.youtube.com\/embed\/4howVd0ngWs?feature=oembed\" frameborder=\"0\" allow=\"accelerometer; autoplay; clipboard-write; encrypted-media; gyroscope; picture-in-picture; web-share\" referrerpolicy=\"strict-origin-when-cross-origin\" allowfullscreen><\/iframe>\n<\/div><\/figure>\n\n\n\n<p><\/p>\n\n\n\n<p class=\"has-vivid-cyan-blue-color has-text-color has-medium-font-size\">KATHARINA RABILLON \/ EURONEWS<\/p>\n\n\n\n<p>El director de orquesta venezolano,&nbsp;<a href=\"https:\/\/www.gustavodudamel.com\/\" target=\"_blank\" rel=\"noreferrer noopener\">Gustavo Dudamel<\/a>, desvela los secretos de una partitura \u00e9pica, que toma por asalto el&nbsp;<a href=\"http:\/\/www.barcelonaconventionbureau.com\/es\/record\/Gran+Teatre+del+Liceu\/306.html\" target=\"_blank\" rel=\"noreferrer noopener\">Gran Teatre del Liceu<\/a>&nbsp;de Barcelona.<\/p>\n\n\n\n<p>\u00abDe inmediato, estos primeros compases de la \u00f3pera, son tan poderosos&#8230; Hay momentos en los nos encontramos con &#8216;fortissimo&#8217;, &#8216;tutta forza&#8217;, matices&#8230; la cuesti\u00f3n es, equilibrarlo\u00bb, declara Gustavo Dudamel.<\/p>\n\n\n\n<p>\u00abEstamos viviendo el drama con intensidad m\u00e1s que con gritos\u00bb, se\u00f1ala el director de orquesta.<\/p>\n\n\n\n<p>El carism\u00e1tico &#8216;maestro&#8217; se pone al frente de la \u00faltima tragedia de Verdi, &#8216;Otello&#8217;, basada en la obra de Shakespeare.<\/p>\n\n\n\n<figure class=\"wp-block-image\"><img decoding=\"async\" src=\"https:\/\/static.euronews.com\/articles\/stories\/05\/46\/72\/90\/606x340_cmsv2_35448d60-1fd9-5ee1-b7c0-cf668181d339-5467290.jpg\" alt=\"\u00a9\"\/><figcaption><em>Euronews<\/em>\u00a9<\/figcaption><\/figure>\n\n\n\n<figure class=\"wp-block-embed is-type-rich is-provider-twitter wp-block-embed-twitter\"><div class=\"wp-block-embed__wrapper\">\n<blockquote class=\"twitter-tweet\" data-width=\"500\" data-dnt=\"true\"><p lang=\"es\" dir=\"ltr\">El maestro <a href=\"https:\/\/twitter.com\/GustavoDudamel?ref_src=twsrc%5Etfw\">@GustavoDudamel<\/a> se pone al frente de una partitura pirot\u00e9cnica, &#39;Otello&#39; de Verdi supone su debut en Espa\u00f1a con una \u00f3pera escenificada, y lo hace con la Orquesta y el Coro del Liceu.<br><br>\u25b6\ufe0f V\u00eddeo completo <a href=\"https:\/\/t.co\/2gzPNnJKjQ\">https:\/\/t.co\/2gzPNnJKjQ<\/a><a href=\"https:\/\/twitter.com\/hashtag\/OtelloLiceu?src=hash&amp;ref_src=twsrc%5Etfw\">#OtelloLiceu<\/a><a href=\"https:\/\/twitter.com\/hashtag\/CulturaSegura?src=hash&amp;ref_src=twsrc%5Etfw\">#CulturaSegura<\/a> <a href=\"https:\/\/t.co\/xyXg9bPw5H\">pic.twitter.com\/xyXg9bPw5H<\/a><\/p>&mdash; Gran Teatre del Liceu (@Liceu_cat) <a href=\"https:\/\/twitter.com\/Liceu_cat\/status\/1378259474528432128?ref_src=twsrc%5Etfw\">April 3, 2021<\/a><\/blockquote><script async src=\"https:\/\/platform.twitter.com\/widgets.js\" charset=\"utf-8\"><\/script>\n<\/div><\/figure>\n\n\n\n<p>\u00abCuando me enter\u00e9 de que iba a dirigirla me qued\u00e9 extasiado, de verdad\u00bb, explica el tenor&nbsp;<a href=\"https:\/\/gregorykunde.com\/es\/\" target=\"_blank\" rel=\"noreferrer noopener\">Gregory Kunde<\/a>. \u00abHa aportado algunas ideas diferentes, cosas que no est\u00e1n en la partitura pero que Verdi, tal vez, habr\u00eda escrito si hubiera escuchado c\u00f3mo la estamos interpretando\u00bb, a\u00f1ade Kunde.<\/p>\n\n\n\n<p>\u00abEn la acci\u00f3n de dirigir y hacer m\u00fasica en vivo encuentras cosas, dices como: \u00a1guau!, esto necesita m\u00e1s tiempo o esto puede respirar mejor&#8230; todo esto, ya sabe, se produce en el momento\u00bb, relata Gustavo Dudamel.<\/p>\n\n\n\n<p>El \u00edntimo \u2018Ave Mar\u00eda\u2019 que interpreta Desd\u00e9mona antes de ser asesinada por su celoso marido &#8216;Otello&#8217;, est\u00e1 entre los pasajes favoritos de Gustavo Dudamel, en la \u00f3pera.<\/p>\n\n\n\n<figure class=\"wp-block-image\"><img decoding=\"async\" src=\"https:\/\/static.euronews.com\/articles\/stories\/05\/46\/72\/90\/808x454_cmsv2_33399a98-aafb-572f-9053-218add58598b-5467290.jpg\" alt=\"\u00a9\"\/><figcaption><em>Euronews<\/em>\u00a9<\/figcaption><\/figure>\n\n\n\n<p>\u00abTiene esta hermosa y delicada parte &#8216;dolcissimo&#8217;. Ya reza por m\u00ed en el cielo\u00bb, explica Dudamel.<\/p>\n\n\n\n<p>\u00abSiento esta maravillosa energ\u00eda et\u00e9rea en el mismo momento en que Desd\u00e9mona reza\u00bb, declara la soprano&nbsp;<a href=\"https:\/\/www.krassimira-stoyanova.com\/\" target=\"_blank\" rel=\"noreferrer noopener\">Krassimira Stoyanova<\/a>. \u00abGustavo Dudamel es un m\u00fasico maravilloso, que se comunica con las personas y, al mismo tiempo, respeta a los artistas\u00bb, a\u00f1ade Stoyanova.<\/p>\n\n\n\n<figure class=\"wp-block-image\"><img decoding=\"async\" src=\"https:\/\/static.euronews.com\/articles\/stories\/05\/46\/72\/90\/606x340_cmsv2_c296416d-56ab-521c-9be4-8fed3db23118-5467290.jpg\" alt=\"\u00a9\"\/><figcaption><em>Euronews<\/em>\u00a9<\/figcaption><\/figure>\n\n\n\n<figure class=\"wp-block-embed is-type-rich is-provider-twitter wp-block-embed-twitter\"><div class=\"wp-block-embed__wrapper\">\n<blockquote class=\"twitter-tweet\" data-width=\"500\" data-dnt=\"true\"><p lang=\"es\" dir=\"ltr\">Una \u00f3pera musicalmente moderna, llena de retos vocales y con una deliciosa &#39;italianit\u00e0&#39;. As\u00ed describren &#39;Otello&#39; los protagonistas que convierten cada funci\u00f3n en un delicioso festival verdiano. <br><br>Hasta el 14 de abril en el Liceu.<a href=\"https:\/\/twitter.com\/hashtag\/OtelloLiceu?src=hash&amp;ref_src=twsrc%5Etfw\">#OtelloLiceu<\/a><a href=\"https:\/\/twitter.com\/hashtag\/CulturaSegura?src=hash&amp;ref_src=twsrc%5Etfw\">#CulturaSegura<\/a> <a href=\"https:\/\/t.co\/sg63g6iOCN\">pic.twitter.com\/sg63g6iOCN<\/a><\/p>&mdash; Gran Teatre del Liceu (@Liceu_cat) <a href=\"https:\/\/twitter.com\/Liceu_cat\/status\/1378082308687720451?ref_src=twsrc%5Etfw\">April 2, 2021<\/a><\/blockquote><script async src=\"https:\/\/platform.twitter.com\/widgets.js\" charset=\"utf-8\"><\/script>\n<\/div><\/figure>\n\n\n\n<p>\u00abEscucho mucho. Creo una interpretaci\u00f3n, pero tambi\u00e9n soy flexible. Contemplo la flexibilidad para escuchar y, entonces, se encuentra la manera de crear una conexi\u00f3n. Me encanta lo que hago y me encanta compartirlo con la gente con la que trabajo\u00bb, concluye Gustavo Dudamel.<\/p>\n\n\n\n<figure class=\"wp-block-embed is-type-rich is-provider-twitter wp-block-embed-twitter\"><div class=\"wp-block-embed__wrapper\">\n<blockquote class=\"twitter-tweet\" data-width=\"500\" data-dnt=\"true\"><p lang=\"en\" dir=\"ltr\">We had a great time filming at <a href=\"https:\/\/twitter.com\/Liceu_cat?ref_src=twsrc%5Etfw\">@Liceu_cat<\/a> Good luck to the wonderful cast of Verdi\u2019s epic \u2018Otello\u2019 <a href=\"https:\/\/twitter.com\/GustavoDudamel?ref_src=twsrc%5Etfw\">@GustavoDudamel<\/a> <a href=\"https:\/\/twitter.com\/MaestroGKC?ref_src=twsrc%5Etfw\">@MaestroGKC<\/a> <a href=\"https:\/\/twitter.com\/KrStoyanova?ref_src=twsrc%5Etfw\">@KrStoyanova<\/a> <a href=\"https:\/\/twitter.com\/hashtag\/OtelloLiceu?src=hash&amp;ref_src=twsrc%5Etfw\">#OtelloLiceu<\/a> <a href=\"https:\/\/t.co\/YOQD75wCWX\">pic.twitter.com\/YOQD75wCWX<\/a><\/p>&mdash; Katharina Rabillon (@Katharinakaun) <a href=\"https:\/\/twitter.com\/Katharinakaun\/status\/1375781684600303622?ref_src=twsrc%5Etfw\">March 27, 2021<\/a><\/blockquote><script async src=\"https:\/\/platform.twitter.com\/widgets.js\" charset=\"utf-8\"><\/script>\n<\/div><\/figure>\n\n\n\n<p>Fuente: https:\/\/es.euronews.com\/2021\/04\/08\/el-ardiente-otello-de-gustavo-dudamel-entusiasma-a-barcelona<\/p>\n","protected":false},"excerpt":{"rendered":"<p>KATHARINA RABILLON \/ EURONEWS El director de orquesta venezolano,&nbsp;Gustavo Dudamel, desvela los secretos de una partitura \u00e9pica, que toma por [&hellip;]<\/p>\n","protected":false},"author":1,"featured_media":6929,"comment_status":"open","ping_status":"open","sticky":false,"template":"","format":"standard","meta":{"site-sidebar-layout":"default","site-content-layout":"","ast-site-content-layout":"default","site-content-style":"default","site-sidebar-style":"default","ast-global-header-display":"","ast-banner-title-visibility":"","ast-main-header-display":"","ast-hfb-above-header-display":"","ast-hfb-below-header-display":"","ast-hfb-mobile-header-display":"","site-post-title":"","ast-breadcrumbs-content":"","ast-featured-img":"","footer-sml-layout":"","theme-transparent-header-meta":"","adv-header-id-meta":"","stick-header-meta":"","header-above-stick-meta":"","header-main-stick-meta":"","header-below-stick-meta":"","astra-migrate-meta-layouts":"default","ast-page-background-enabled":"default","ast-page-background-meta":{"desktop":{"background-color":"var(--ast-global-color-4)","background-image":"","background-repeat":"repeat","background-position":"center center","background-size":"auto","background-attachment":"scroll","background-type":"","background-media":"","overlay-type":"","overlay-color":"","overlay-opacity":"","overlay-gradient":""},"tablet":{"background-color":"","background-image":"","background-repeat":"repeat","background-position":"center center","background-size":"auto","background-attachment":"scroll","background-type":"","background-media":"","overlay-type":"","overlay-color":"","overlay-opacity":"","overlay-gradient":""},"mobile":{"background-color":"","background-image":"","background-repeat":"repeat","background-position":"center center","background-size":"auto","background-attachment":"scroll","background-type":"","background-media":"","overlay-type":"","overlay-color":"","overlay-opacity":"","overlay-gradient":""}},"ast-content-background-meta":{"desktop":{"background-color":"var(--ast-global-color-5)","background-image":"","background-repeat":"repeat","background-position":"center center","background-size":"auto","background-attachment":"scroll","background-type":"","background-media":"","overlay-type":"","overlay-color":"","overlay-opacity":"","overlay-gradient":""},"tablet":{"background-color":"var(--ast-global-color-5)","background-image":"","background-repeat":"repeat","background-position":"center center","background-size":"auto","background-attachment":"scroll","background-type":"","background-media":"","overlay-type":"","overlay-color":"","overlay-opacity":"","overlay-gradient":""},"mobile":{"background-color":"var(--ast-global-color-5)","background-image":"","background-repeat":"repeat","background-position":"center center","background-size":"auto","background-attachment":"scroll","background-type":"","background-media":"","overlay-type":"","overlay-color":"","overlay-opacity":"","overlay-gradient":""}},"footnotes":""},"categories":[8],"tags":[1031,1032,1030],"class_list":["post-6928","post","type-post","status-publish","format-standard","has-post-thumbnail","hentry","category-noticias","tag-gustavo-dudamel","tag-liceu-barcelona","tag-otello"],"_links":{"self":[{"href":"https:\/\/losperiodistas.com.mx\/portal\/wp-json\/wp\/v2\/posts\/6928","targetHints":{"allow":["GET"]}}],"collection":[{"href":"https:\/\/losperiodistas.com.mx\/portal\/wp-json\/wp\/v2\/posts"}],"about":[{"href":"https:\/\/losperiodistas.com.mx\/portal\/wp-json\/wp\/v2\/types\/post"}],"author":[{"embeddable":true,"href":"https:\/\/losperiodistas.com.mx\/portal\/wp-json\/wp\/v2\/users\/1"}],"replies":[{"embeddable":true,"href":"https:\/\/losperiodistas.com.mx\/portal\/wp-json\/wp\/v2\/comments?post=6928"}],"version-history":[{"count":1,"href":"https:\/\/losperiodistas.com.mx\/portal\/wp-json\/wp\/v2\/posts\/6928\/revisions"}],"predecessor-version":[{"id":6930,"href":"https:\/\/losperiodistas.com.mx\/portal\/wp-json\/wp\/v2\/posts\/6928\/revisions\/6930"}],"wp:featuredmedia":[{"embeddable":true,"href":"https:\/\/losperiodistas.com.mx\/portal\/wp-json\/wp\/v2\/media\/6929"}],"wp:attachment":[{"href":"https:\/\/losperiodistas.com.mx\/portal\/wp-json\/wp\/v2\/media?parent=6928"}],"wp:term":[{"taxonomy":"category","embeddable":true,"href":"https:\/\/losperiodistas.com.mx\/portal\/wp-json\/wp\/v2\/categories?post=6928"},{"taxonomy":"post_tag","embeddable":true,"href":"https:\/\/losperiodistas.com.mx\/portal\/wp-json\/wp\/v2\/tags?post=6928"}],"curies":[{"name":"wp","href":"https:\/\/api.w.org\/{rel}","templated":true}]}}