{"id":69277,"date":"2024-02-25T07:29:05","date_gmt":"2024-02-25T13:29:05","guid":{"rendered":"https:\/\/losperiodistas.com.mx\/portal\/?p=69277"},"modified":"2024-02-25T07:29:07","modified_gmt":"2024-02-25T13:29:07","slug":"el-contundente-mensaje-de-trump-al-principe-harry-yo-no-lo-protegeria-traiciono-a-la-reina-la-razon","status":"publish","type":"post","link":"https:\/\/losperiodistas.com.mx\/portal\/el-contundente-mensaje-de-trump-al-principe-harry-yo-no-lo-protegeria-traiciono-a-la-reina-la-razon\/","title":{"rendered":"El contundente mensaje de Trump al pr\u00edncipe Harry: \u201cYo no lo proteger\u00eda. Traicion\u00f3 a la Reina\u201d | La Raz\u00f3n"},"content":{"rendered":"\n<h2 class=\"has-pale-cyan-blue-background-color has-background has-medium-font-size wp-block-heading\">El expresidente advierte al duque de Sussex que se quedar\u00e1 \u201csolo\u201d si vuelve a ganar las elecciones<\/h2>\n\n\n\n<figure class=\"wp-block-image\"><img decoding=\"async\" src=\"https:\/\/fotografias.larazon.es\/clipping\/cmsimages01\/2024\/02\/25\/87B13D8E-ECDF-49AA-842D-0CC075124466\/98.jpg?crop=1920,1080,x0,y100&amp;width=1900&amp;height=1069&amp;optimize=low&amp;format=webply\" alt=\"EEUU.- Trump gana las primarias republicanas en Carolina del Sur, estado natal de Haley\"\/><figcaption><strong>EEUU.- Trump gana las primarias republicanas en Carolina del Sur, estado natal de Haley<\/strong>Europa Press<\/figcaption><\/figure>\n\n\n\n<ul class=\"wp-block-list\"><li><\/li><\/ul>\n\n\n\n<p class=\"has-vivid-red-color has-text-color has-medium-font-size\"><strong><a href=\"https:\/\/www.larazon.es\/autor\/victor-ruiz\/\">V\u00cdCTOR RUIZ<\/a> \/ LA RAZ\u00d3N<\/strong><\/p>\n\n\n\n<p><a href=\"https:\/\/www.google.com\/url?sa=t&amp;rct=j&amp;q=&amp;esrc=s&amp;source=web&amp;cd=&amp;cad=rja&amp;uact=8&amp;ved=2ahUKEwj37I-0scaEAxVU9AIHHeetDG4QvOMEKAB6BAgOEAE&amp;url=https%3A%2F%2Fwww.larazon.es%2Fgente%2Fcasa-real%2Fpiden-expulsion-principe-harry-eeuu-asunto-drogas_2024022465d9dd9b344c980001bb6b57.html&amp;usg=AOvVaw3x8-6Po38MNSk0yRb300_n&amp;opi=89978449\" target=\"_blank\" rel=\"noreferrer noopener\">La situaci\u00f3n del pr\u00edncipe Harry<\/a>&nbsp;no ha sido la m\u00e1s favorable en los \u00faltimos a\u00f1os. Este 2024 ha empezado con duras noticias para su familia: el delicado estado de&nbsp;<a href=\"https:\/\/www.google.com\/url?sa=t&amp;rct=j&amp;q=&amp;esrc=s&amp;source=web&amp;cd=&amp;cad=rja&amp;uact=8&amp;ved=2ahUKEwid5fHmscaEAxXKnf0HHS93A9sQFnoECA0QAQ&amp;url=https%3A%2F%2Fwww.larazon.es%2Fgente%2Fcasa-real%2Fnuevos-datos-estado-salud-kate-middleton-asi-esta-siendo-recuperacion_2024021265ca674982085c000164acd1.html&amp;usg=AOvVaw1VimDetkzUtUfVwsMG4XP8&amp;opi=89978449\" target=\"_blank\" rel=\"noreferrer noopener\">salud de Kate Middleton<\/a>&nbsp;y, sobre todo, el diagn\u00f3stico de c\u00e1ncer de su padre el&nbsp;<a href=\"https:\/\/www.google.com\/url?sa=t&amp;rct=j&amp;q=&amp;esrc=s&amp;source=web&amp;cd=&amp;cad=rja&amp;uact=8&amp;ved=2ahUKEwj1ybL3scaEAxUE_rsIHWkCB4AQFnoECCoQAQ&amp;url=https%3A%2F%2Fwww.larazon.es%2Finternacional%2Feuropa%2Frey-carlos-iii-inglaterra-diagnosticado-cancer_2024020565c1243d327cdd0001b1745c.html&amp;usg=AOvVaw2nRakn1SPrVpLoP5oJhmSs&amp;opi=89978449\" target=\"_blank\" rel=\"noreferrer noopener\">rey Carlos III<\/a>&nbsp;ha sido un duro varapalo para \u00e9l.&nbsp;<strong>Despu\u00e9s de que se hiciera p\u00fablica la noticia,&nbsp;<\/strong><a href=\"https:\/\/www.google.com\/url?sa=t&amp;rct=j&amp;q=&amp;esrc=s&amp;source=web&amp;cd=&amp;cad=rja&amp;uact=8&amp;ved=2ahUKEwir9-aEssaEAxXq9bsIHanRC-gQFnoECBAQAQ&amp;url=https%3A%2F%2Fwww.larazon.es%2Fgente%2Fcasa-real%2Fcasa-real-britanica-mantiene-firme-hay-vuelta-atras-duque-sussex_2024021865d230a74129260001c49093.html&amp;usg=AOvVaw3yI9tTNkPbY4WU_7hVG0yk&amp;opi=89978449\" target=\"_blank\" rel=\"noreferrer noopener\">el duque de Sussex<\/a>&nbsp;no tard\u00f3 en hacer las maletas para viajar a Londres, donde vio a su padre por primera vez desde la coronaci\u00f3n. En un primer momento, muchos hablaron de un acercamiento entre los miembros de la familia. Y, aunque no es el mejor momento para seguir con las diferencias que tuvieron en el pasado, la Familia Real no parece que&nbsp;<a href=\"https:\/\/www.google.com\/url?sa=t&amp;rct=j&amp;q=&amp;esrc=s&amp;source=web&amp;cd=&amp;cad=rja&amp;uact=8&amp;ved=2ahUKEwj37I-0scaEAxVU9AIHHeetDG4QvOMEKAB6BAgPEAE&amp;url=https%3A%2F%2Fwww.larazon.es%2Fgente%2Fcasa-real%2Fguillermo-cierra-puerta-harry-paga-aislamiento-familiar_2024022365d8e30582085c000196714f.html&amp;usg=AOvVaw3nnx0y5gro1gxqH93yBJQF&amp;opi=89978449\" target=\"_blank\" rel=\"noreferrer noopener\">vaya a hacer borr\u00f3n y cuenta nueva.<\/a><\/p>\n\n\n\n<h2 class=\"has-cyan-bluish-gray-background-color has-background wp-block-heading\">M\u00c1S NOTICIAS<\/h2>\n\n\n\n<ul class=\"wp-block-list\"><li><a href=\"https:\/\/www.larazon.es\/gente\/casa-real\/piden-expulsion-principe-harry-eeuu-asunto-drogas_2024022465d9dd9b344c980001bb6b57.html\">\u00bfMiente o tiene trato de favor?Piden la expulsi\u00f3n del pr\u00edncipe Harry de EEUU por un asunto de drogas<\/a><\/li><li><a href=\"https:\/\/www.larazon.es\/gente\/casa-real\/principe-harry-podria-tener-que-renunciar-titulo_2024022165d5e1c24129260001cc0f92.html\">MotivosEl pr\u00edncipe Harry podr\u00eda tener que renunciar a su t\u00edtulo<\/a><\/li><\/ul>\n\n\n\n<p><strong>La Firma no ha sido la \u00fanica que se ha pronunciado respecto al estado del pr\u00edncipe Harry<\/strong>&nbsp;y su familia que viven en California. El expresidente de los Estados Unidos ha lanzado un contundente mensaje en el que advierte a Harry y afirma que la administraci\u00f3n de&nbsp;<a href=\"https:\/\/www.google.com\/url?sa=t&amp;rct=j&amp;q=&amp;esrc=s&amp;source=web&amp;cd=&amp;cad=rja&amp;uact=8&amp;ved=2ahUKEwik5OSQssaEAxXogv0HHb6IAmUQFnoECBkQAQ&amp;url=https%3A%2F%2Fwww.larazon.es%2Finternacional%2Festos-son-lapsus-que-hacen-que-biden-este-duda-como-presidente-eeuu_2024022265d797b782085c0001939e06.html&amp;usg=AOvVaw2ce2pNCRLpC_l1ylENo8r8&amp;opi=89978449\" target=\"_blank\" rel=\"noreferrer noopener\">Joe Biden<\/a>&nbsp;\u201cha sido demasiado amable con \u00e9l despu\u00e9s de lo que ha hecho y que este no se merece este trato debido a su convicci\u00f3n de que traicion\u00f3 a&nbsp;<a href=\"https:\/\/www.google.com\/url?sa=t&amp;rct=j&amp;q=&amp;esrc=s&amp;source=web&amp;cd=&amp;cad=rja&amp;uact=8&amp;ved=2ahUKEwi-i9KvssaEAxXnh_0HHQjPBp8QFnoECA4QAQ&amp;url=https%3A%2F%2Fwww.larazon.es%2Ftags%2Freina-isabel-ii%2F&amp;usg=AOvVaw2nKiU-B_Gw3az7tKQL_a0n&amp;opi=89978449\" target=\"_blank\" rel=\"noreferrer noopener\">la reina Isabel II<\/a>&nbsp;con las decisiones que ha tomado\u201d, se\u00f1al\u00f3 en una clara muestra de sus inclinaciones.<\/p>\n\n\n\n<p>Este s\u00e1bado, el que muy posiblemente ser\u00e1 candidato a la presidencia,&nbsp;<a href=\"https:\/\/www.google.com\/url?sa=t&amp;rct=j&amp;q=&amp;esrc=s&amp;source=web&amp;cd=&amp;cad=rja&amp;uact=8&amp;ved=2ahUKEwiw9cSjssaEAxWJhf0HHe_dAc0QFnoECA8QAQ&amp;url=https%3A%2F%2Fwww.larazon.es%2Ftags%2Fdonald-trump%2F&amp;usg=AOvVaw0IeffKPInzIjeClQh3kmQX&amp;opi=89978449\" target=\"_blank\" rel=\"noreferrer noopener\">Donald Trump<\/a>, mostr\u00f3 su opini\u00f3n al respecto en la Conferencia de Acci\u00f3n Pol\u00edtica Conservadora cerca de Washington DC: \u201cYo no lo proteger\u00eda. Traicion\u00f3 a la Reina. Eso es imperdonable. Estar\u00eda solo si fuera por m\u00ed\u201d.<\/p>\n\n\n\n<p><a href=\"https:\/\/www.google.com\/url?sa=t&amp;rct=j&amp;q=&amp;esrc=s&amp;source=web&amp;cd=&amp;cad=rja&amp;uact=8&amp;ved=2ahUKEwj37I-0scaEAxVU9AIHHeetDG4QvOMEKAB6BAgOEAE&amp;url=https%3A%2F%2Fwww.larazon.es%2Fgente%2Fcasa-real%2Fpiden-expulsion-principe-harry-eeuu-asunto-drogas_2024022465d9dd9b344c980001bb6b57.html&amp;usg=AOvVaw3x8-6Po38MNSk0yRb300_n&amp;opi=89978449\" target=\"_blank\" rel=\"noreferrer noopener\">La situaci\u00f3n migratoria del pr\u00edncipe Harry<\/a>\u00a0ha despertado en los \u00faltimos tiempos un sinf\u00edn de cr\u00edticas por parte de la Heritage Foundation, un grupo de expertos que mantiene firme su convicci\u00f3n de que el duque no pudo entrar de forma legal en el pa\u00eds porque admiti\u00f3 haber consumido drogas en sus memorias. Aunque a algunos pueda chocar esta afirmaci\u00f3n, no es la primera vez que se impide el ingreso de ciudadanos extranjeros que se hayan visto involucrados en delitos por drogas. En 2014 fue a la prestigiosa chef brit\u00e1nica, Nigella Lawson, quien no pudo acceder al pa\u00eds tras haber tomado coca\u00edna.<\/p>\n\n\n\n<p><\/p>\n\n\n\n<figure class=\"wp-block-image\"><img decoding=\"async\" src=\"https:\/\/fotografias.larazon.es\/clipping\/cmsimages02\/2024\/02\/08\/6C657313-3185-4C1F-9263-42439488D42F\/58.jpg?crop=1920,1089,x0,y96&amp;width=1000&amp;height=567&amp;optimize=high&amp;format=webply\" alt=\"El Pr\u00edncipe Harry regresa a California tras su viaje expr\u00e9s a Londres para estar solo 45 minutos con su padre. El motivo\"\/><figcaption><strong>El Pr\u00edncipe Harry regresa a California tras su viaje expr\u00e9s a Londres para estar solo 45 minutos con su padre. El motivo<\/strong>Europa Press<\/figcaption><\/figure>\n\n\n\n<p>En esta ocasi\u00f3n, el grupo de expertos de la&nbsp;<strong>Heritage Foundation<\/strong>&nbsp;ha querido indagar m\u00e1s en la situaci\u00f3n del duque de Sussex y ha exigido ante el tribunal que el gobierno de Estados Unidos deber\u00eda revelar el formulario de inmigraci\u00f3n del pr\u00edncipe Harry.<\/p>\n\n\n\n<p>Por la parte contraria, esta petici\u00f3n ha sido impugnada por un abogado de&nbsp;<strong>la administraci\u00f3n Biden que sostiene que haber relatado esa escena en sus memorias no constitu\u00eda una \u201cprueba\u201d<\/strong>&nbsp;suficientemente firme para demostrar que sucedi\u00f3: \u00abDecir algo en un libro no necesariamente lo convierte en cierto\u00bb.<\/p>\n\n\n\n<p>Ante esta situaci\u00f3n,\u00a0<strong>Trump no ha dudado en arremeter contra los duques de Sussex y mostrar su apoyo incondicional a la fallecida Isabel II<\/strong>. El comit\u00e9 de expertos, por su parte, asegura que el gobierno no tiene la menor intenci\u00f3n de mostrar estos documentos del pr\u00edncipe Harry, que por otra parte son considerados de \u201cinmenso inter\u00e9s p\u00fablico\u201d, para proteger de este modo al hijo menor del rey Carlos III y su familia que reside con \u00e9l en Los \u00c1ngeles.<\/p>\n\n\n\n<p>Fuente: <a href=\"https:\/\/www.larazon.es\/gente\/poder\/contundente-mensaje-trump-principe-harry-protegeria-traiciono-reina_2024022565db26654129260001d6be6c.html\">https:\/\/www.larazon.es\/gente\/poder\/contundente-mensaje-trump-principe-harry-protegeria-traiciono-reina_2024022565db26654129260001d6be6c.html<\/a><\/p>\n","protected":false},"excerpt":{"rendered":"<p>El expresidente advierte al duque de Sussex que se quedar\u00e1 \u201csolo\u201d si vuelve a ganar las elecciones V\u00cdCTOR RUIZ \/ [&hellip;]<\/p>\n","protected":false},"author":1,"featured_media":69278,"comment_status":"open","ping_status":"open","sticky":false,"template":"","format":"standard","meta":{"site-sidebar-layout":"default","site-content-layout":"","ast-site-content-layout":"default","site-content-style":"default","site-sidebar-style":"default","ast-global-header-display":"","ast-banner-title-visibility":"","ast-main-header-display":"","ast-hfb-above-header-display":"","ast-hfb-below-header-display":"","ast-hfb-mobile-header-display":"","site-post-title":"","ast-breadcrumbs-content":"","ast-featured-img":"","footer-sml-layout":"","theme-transparent-header-meta":"","adv-header-id-meta":"","stick-header-meta":"","header-above-stick-meta":"","header-main-stick-meta":"","header-below-stick-meta":"","astra-migrate-meta-layouts":"default","ast-page-background-enabled":"default","ast-page-background-meta":{"desktop":{"background-color":"var(--ast-global-color-4)","background-image":"","background-repeat":"repeat","background-position":"center center","background-size":"auto","background-attachment":"scroll","background-type":"","background-media":"","overlay-type":"","overlay-color":"","overlay-opacity":"","overlay-gradient":""},"tablet":{"background-color":"","background-image":"","background-repeat":"repeat","background-position":"center center","background-size":"auto","background-attachment":"scroll","background-type":"","background-media":"","overlay-type":"","overlay-color":"","overlay-opacity":"","overlay-gradient":""},"mobile":{"background-color":"","background-image":"","background-repeat":"repeat","background-position":"center center","background-size":"auto","background-attachment":"scroll","background-type":"","background-media":"","overlay-type":"","overlay-color":"","overlay-opacity":"","overlay-gradient":""}},"ast-content-background-meta":{"desktop":{"background-color":"var(--ast-global-color-5)","background-image":"","background-repeat":"repeat","background-position":"center center","background-size":"auto","background-attachment":"scroll","background-type":"","background-media":"","overlay-type":"","overlay-color":"","overlay-opacity":"","overlay-gradient":""},"tablet":{"background-color":"var(--ast-global-color-5)","background-image":"","background-repeat":"repeat","background-position":"center center","background-size":"auto","background-attachment":"scroll","background-type":"","background-media":"","overlay-type":"","overlay-color":"","overlay-opacity":"","overlay-gradient":""},"mobile":{"background-color":"var(--ast-global-color-5)","background-image":"","background-repeat":"repeat","background-position":"center center","background-size":"auto","background-attachment":"scroll","background-type":"","background-media":"","overlay-type":"","overlay-color":"","overlay-opacity":"","overlay-gradient":""}},"footnotes":""},"categories":[8],"tags":[5257,696,230,12465],"class_list":["post-69277","post","type-post","status-publish","format-standard","has-post-thumbnail","hentry","category-noticias","tag-donald-trump","tag-joe-biden","tag-principe-harry","tag-rey-carlos-iii"],"_links":{"self":[{"href":"https:\/\/losperiodistas.com.mx\/portal\/wp-json\/wp\/v2\/posts\/69277","targetHints":{"allow":["GET"]}}],"collection":[{"href":"https:\/\/losperiodistas.com.mx\/portal\/wp-json\/wp\/v2\/posts"}],"about":[{"href":"https:\/\/losperiodistas.com.mx\/portal\/wp-json\/wp\/v2\/types\/post"}],"author":[{"embeddable":true,"href":"https:\/\/losperiodistas.com.mx\/portal\/wp-json\/wp\/v2\/users\/1"}],"replies":[{"embeddable":true,"href":"https:\/\/losperiodistas.com.mx\/portal\/wp-json\/wp\/v2\/comments?post=69277"}],"version-history":[{"count":1,"href":"https:\/\/losperiodistas.com.mx\/portal\/wp-json\/wp\/v2\/posts\/69277\/revisions"}],"predecessor-version":[{"id":69279,"href":"https:\/\/losperiodistas.com.mx\/portal\/wp-json\/wp\/v2\/posts\/69277\/revisions\/69279"}],"wp:featuredmedia":[{"embeddable":true,"href":"https:\/\/losperiodistas.com.mx\/portal\/wp-json\/wp\/v2\/media\/69278"}],"wp:attachment":[{"href":"https:\/\/losperiodistas.com.mx\/portal\/wp-json\/wp\/v2\/media?parent=69277"}],"wp:term":[{"taxonomy":"category","embeddable":true,"href":"https:\/\/losperiodistas.com.mx\/portal\/wp-json\/wp\/v2\/categories?post=69277"},{"taxonomy":"post_tag","embeddable":true,"href":"https:\/\/losperiodistas.com.mx\/portal\/wp-json\/wp\/v2\/tags?post=69277"}],"curies":[{"name":"wp","href":"https:\/\/api.w.org\/{rel}","templated":true}]}}