{"id":6920,"date":"2021-04-14T08:08:12","date_gmt":"2021-04-14T13:08:12","guid":{"rendered":"http:\/\/losperiodistas.com.mx\/portal\/?p=6920"},"modified":"2021-04-14T08:08:13","modified_gmt":"2021-04-14T13:08:13","slug":"fraternidad-solidaridad-y-cooperacion-claves-del-nuevo-orden-civilizatorio","status":"publish","type":"post","link":"https:\/\/losperiodistas.com.mx\/portal\/fraternidad-solidaridad-y-cooperacion-claves-del-nuevo-orden-civilizatorio\/","title":{"rendered":"Fraternidad, solidaridad y cooperaci\u00f3n: claves del nuevo orden civilizatorio"},"content":{"rendered":"\n<p class=\"has-vivid-cyan-blue-color has-text-color\" style=\"font-size:26px\"><em>Por Fernando Manzanilla Prieto<\/em><\/p>\n\n\n\n<p>Vivimos en un mundo dividido y polarizado. La utop\u00eda del fin de la historia y el advenimiento de un mundo unipolar prevista por Fukuyama parece haber fracasado. Ni la democracia liberal ni el libre mercado lograron imponerse como modelos universales. Por el contrario, lo que parece ser la tendencia predominante es el caos y el enfrentamiento en medio de un desorden multipolar m\u00e1s parecido al escenario previsto en su momento por Huntington en \u201cEl choque de civilizaciones y la reconfiguraci\u00f3n del orden mundial\u201d.<\/p>\n\n\n\n<p>No obstante, por su naturaleza y profundidad, desde mi punto de vista la crisis civilizatoria que vive la humanidad supera en todos los sentidos y proporciones las predicciones de estos grandes pensadores. No estamos ante el simple fracaso de un modelo econ\u00f3mico que pueda ser ajustado mediante un nuevo acuerdo monetario al estilo Breton Woods. Tampoco estamos ante un simple fracaso pol\u00edtico-ideol\u00f3gico que pueda ser sustituido por alguno de los relatos vigentes, justo porque ninguno es del todo convincente.<\/p>\n\n\n\n<p>Como lo he se\u00f1alado en otros espacios, la crisis civilizatoria que vive la humanidad tiene que ver m\u00e1s con el agotamiento de la racionalidad y la institucionalidad del orden que, como especie, hemos establecido entre nosotros y con la naturaleza. Y la mayor prueba de esta crisis civilizatoria \u2014a la que yo llamo decadencia apocal\u00edptica\u2014 es la crisis clim\u00e1tica por la que atraviesa la humanidad, cuya primera expresi\u00f3n devastadora a escala global ha sido la pandemia del coronavirus.<\/p>\n\n\n\n<p>En otros t\u00e9rminos, creo que estamos en el preludio de una espiral de cataclismos y sufrimiento producto del calentamiento global; que la pandemia del Covid es uno de sus primeros efectos, y que el fracaso de la respuesta no-cooperativa a nivel global demuestra nuestra incapacidad como especie, para lidiar con amenazas globales y, por tanto, el fracaso del orden mundial vigente.<\/p>\n\n\n\n<p>La eterna pugna entre ricos y pobres, blancos y negros, globalif\u00f3bicos y globalif\u00edlicos, Norte contra Sur, mujeres contra hombres, liberales y conservadores, populistas y neoliberales, no es sino la prueba de que la racionalidad humana ha dejado de lado la esencia de lo que somos \u2014tanto biol\u00f3gica como espiritualmente\u2014 es decir, nuestra esencia social y comunitaria. En tanto que la eterna alteraci\u00f3n \u2014consciente o inconsciente\u2014 de los equilibrios b\u00e1sicos de los ecosistemas que sostienen la vida en el planeta, es s\u00edntoma de nuestra irracionalidad como especie condicionada a vivir en equilibrio con su entorno natural.<\/p>\n\n\n\n<p>\u00bfEs posible superar esta crisis civilizatoria? \u00bfPodemos aspirar como humanidad y como especie, a desarrollar una nueva racionalidad y un nuevo orden? Estoy convencido de que s\u00ed es posible, y de que el \u00fanico camino para construir una alternativa de futuro es edificando un nuevo orden civilizatorio en lo econ\u00f3mico, en lo social y en lo pol\u00edtico, a partir de una nueva racionalidad sustentada en la fraternidad, la solidaridad y la cooperaci\u00f3n.<\/p>\n\n\n\n<p>Solo con el poder de la fraternidad, la solidaridad y la cooperaci\u00f3n podremos construir un nuevo orden civilizatorio. Solo a partir de una nueva identidad superior, es decir, como humanidad y como especie, ser\u00e1 posible construir una racionalidad y una institucionalidad fincada en un nuevo ethos fraternal, solidarista y cooperativo que nos permita avanzar en tres \u00e1mbitos fundamentales de la convivencia humana: en un proceso de reconciliaci\u00f3n entre nosotros y con la naturaleza; en una paz duradera fincada en un nuevo sistema de valores m\u00e1s all\u00e1 de culturas, etnias y lenguajes, y m\u00e1s all\u00e1 de paradigmas ideol\u00f3gicos y religiosos, que reconozca nuestra esencia humana y nuestra superioridad espiritual como especie; y en un proceso de unidad y suma de esfuerzos para articular un nuevo relato convincente, una narrativa viable, en torno a la cual podamos construir un mejor futuro para todas y para todos.<\/p>\n","protected":false},"excerpt":{"rendered":"<p>Por Fernando Manzanilla Prieto Vivimos en un mundo dividido y polarizado. La utop\u00eda del fin de la historia y el [&hellip;]<\/p>\n","protected":false},"author":1,"featured_media":6410,"comment_status":"open","ping_status":"open","sticky":false,"template":"","format":"standard","meta":{"site-sidebar-layout":"default","site-content-layout":"","ast-site-content-layout":"default","site-content-style":"default","site-sidebar-style":"default","ast-global-header-display":"","ast-banner-title-visibility":"","ast-main-header-display":"","ast-hfb-above-header-display":"","ast-hfb-below-header-display":"","ast-hfb-mobile-header-display":"","site-post-title":"","ast-breadcrumbs-content":"","ast-featured-img":"","footer-sml-layout":"","theme-transparent-header-meta":"","adv-header-id-meta":"","stick-header-meta":"","header-above-stick-meta":"","header-main-stick-meta":"","header-below-stick-meta":"","astra-migrate-meta-layouts":"default","ast-page-background-enabled":"default","ast-page-background-meta":{"desktop":{"background-color":"var(--ast-global-color-4)","background-image":"","background-repeat":"repeat","background-position":"center center","background-size":"auto","background-attachment":"scroll","background-type":"","background-media":"","overlay-type":"","overlay-color":"","overlay-opacity":"","overlay-gradient":""},"tablet":{"background-color":"","background-image":"","background-repeat":"repeat","background-position":"center center","background-size":"auto","background-attachment":"scroll","background-type":"","background-media":"","overlay-type":"","overlay-color":"","overlay-opacity":"","overlay-gradient":""},"mobile":{"background-color":"","background-image":"","background-repeat":"repeat","background-position":"center center","background-size":"auto","background-attachment":"scroll","background-type":"","background-media":"","overlay-type":"","overlay-color":"","overlay-opacity":"","overlay-gradient":""}},"ast-content-background-meta":{"desktop":{"background-color":"var(--ast-global-color-5)","background-image":"","background-repeat":"repeat","background-position":"center center","background-size":"auto","background-attachment":"scroll","background-type":"","background-media":"","overlay-type":"","overlay-color":"","overlay-opacity":"","overlay-gradient":""},"tablet":{"background-color":"var(--ast-global-color-5)","background-image":"","background-repeat":"repeat","background-position":"center center","background-size":"auto","background-attachment":"scroll","background-type":"","background-media":"","overlay-type":"","overlay-color":"","overlay-opacity":"","overlay-gradient":""},"mobile":{"background-color":"var(--ast-global-color-5)","background-image":"","background-repeat":"repeat","background-position":"center center","background-size":"auto","background-attachment":"scroll","background-type":"","background-media":"","overlay-type":"","overlay-color":"","overlay-opacity":"","overlay-gradient":""}},"footnotes":""},"categories":[24,8],"tags":[],"class_list":["post-6920","post","type-post","status-publish","format-standard","has-post-thumbnail","hentry","category-fernando-manzanilla","category-noticias"],"_links":{"self":[{"href":"https:\/\/losperiodistas.com.mx\/portal\/wp-json\/wp\/v2\/posts\/6920","targetHints":{"allow":["GET"]}}],"collection":[{"href":"https:\/\/losperiodistas.com.mx\/portal\/wp-json\/wp\/v2\/posts"}],"about":[{"href":"https:\/\/losperiodistas.com.mx\/portal\/wp-json\/wp\/v2\/types\/post"}],"author":[{"embeddable":true,"href":"https:\/\/losperiodistas.com.mx\/portal\/wp-json\/wp\/v2\/users\/1"}],"replies":[{"embeddable":true,"href":"https:\/\/losperiodistas.com.mx\/portal\/wp-json\/wp\/v2\/comments?post=6920"}],"version-history":[{"count":1,"href":"https:\/\/losperiodistas.com.mx\/portal\/wp-json\/wp\/v2\/posts\/6920\/revisions"}],"predecessor-version":[{"id":6921,"href":"https:\/\/losperiodistas.com.mx\/portal\/wp-json\/wp\/v2\/posts\/6920\/revisions\/6921"}],"wp:featuredmedia":[{"embeddable":true,"href":"https:\/\/losperiodistas.com.mx\/portal\/wp-json\/wp\/v2\/media\/6410"}],"wp:attachment":[{"href":"https:\/\/losperiodistas.com.mx\/portal\/wp-json\/wp\/v2\/media?parent=6920"}],"wp:term":[{"taxonomy":"category","embeddable":true,"href":"https:\/\/losperiodistas.com.mx\/portal\/wp-json\/wp\/v2\/categories?post=6920"},{"taxonomy":"post_tag","embeddable":true,"href":"https:\/\/losperiodistas.com.mx\/portal\/wp-json\/wp\/v2\/tags?post=6920"}],"curies":[{"name":"wp","href":"https:\/\/api.w.org\/{rel}","templated":true}]}}